{"id":6340,"date":"2026-06-05T20:52:52","date_gmt":"2026-06-05T23:52:52","guid":{"rendered":"https:\/\/www.fracturaexpuesta.com.ar\/gotan\/?p=6340"},"modified":"2026-07-13T22:57:52","modified_gmt":"2026-07-14T01:57:52","slug":"aquellos-tangos-fatales-la-musica-del-indio-solari-que-tomo-forma-tanguera","status":"publish","type":"post","link":"https:\/\/www.fracturaexpuesta.com.ar\/gotan\/aquellos-tangos-fatales-la-musica-del-indio-solari-que-tomo-forma-tanguera\/","title":{"rendered":"Aquellos \u201ctangos fatales\u201d: la m\u00fasica del Indio Solari que tom\u00f3 forma tanguera"},"content":{"rendered":"\n<p class=\"wp-block-paragraph\">Carlos \u201cIndio\u201d Solari falleci\u00f3 este viernes a los 77 a\u00f1os. En las plazas de las ciudades argentinas, miles de personas lo despiden congregados alrededor del aura devocional que desprendi\u00f3 su m\u00fasica. Se escucha la palabra &#8220;poeta&#8221; en parlantes y pantallas que chillan regularmente &#8220;su marketing de baba&#8221;. <\/p>\n\n\n\n<p class=\"wp-block-paragraph\">Indio (o cacique, o cham\u00e1n, o t\u00f3tem) de una gran tribu del cosmos rockero de la Argentina, Solari irradi\u00f3 como ninguno un arte elocuente y filoso que reson\u00f3 alto en la cultura popular. Su estrella se acomodar\u00e1 a\u00fan mejor en la genealog\u00eda de la m\u00fasica argentina. <\/p>\n\n\n\n<p class=\"wp-block-paragraph\">Naturalmente con distancias obvias, la poes\u00eda del Indio y la m\u00fasica de Los Redondos lograron sin embargo diseminarse en las camadas contempor\u00e1neas del tango. Algo no tan fuera de norma si se piensa que los artistas tangueros de las \u00faltimas dos d\u00e9cadas -muchos de ellos- tuvieron su educaci\u00f3n sentimental y musical bajo el amparo de su palabra.<\/p>\n\n\n\n<p class=\"wp-block-paragraph\">Admirador de Floreal Ruiz -as\u00ed lo reconoci\u00f3 en varias entrevistas- Solari tom\u00f3 forma de tango en la reposici\u00f3n que distintos grupos y artistas hicieron de su obra. Ellos encontraron la manera de conectarlo al g\u00e9nero. Tal vez por su argot, su modo de retratar los bajos fondos o construir el paisaje de una ciudad que no solo vive de luces. Tal vez por la vida misma que es un tango.<\/p>\n\n\n\n<p class=\"wp-block-paragraph\">Su acercamiento m\u00e1s visible quiz\u00e1s haya sido la participaci\u00f3n con la orquesta Ciudad Baig\u00f3n en el disco <em>Elogio de la oscuridad<\/em>. En dos ocasiones, el Indio puso sus letras al servicio de la orquesta con los temas \u00abLas ventajas de rezar solo\u00bb y \u00abUna manera dif\u00edcil de imitar un gallo\u00bb.<\/p>\n\n\n\n<p class=\"wp-block-paragraph\">Mas all\u00e1 de esa evidencia y de los rastreos de mayor exhaustividad que se puedan trazar, lo cierto es que Solari y Los Redondos permearon con su influjo al tango de principios del siglo XXI. Muchos de los que fueron -\u00bfson?- feligreses de la catedral ricotera colocaron la estampita de un indio al lado de la de Pugliese, Troilo o Gardel. Al fin y al cabo, una encantadora herej\u00eda que sum\u00f3 misterio a los arrabales de la m\u00fasica pagana. No fue un <em>featuring<\/em>, fue un encuentro.<\/p>\n\n\n\n<p class=\"wp-block-paragraph\">Aqu\u00ed algunas muestras de c\u00f3mo el tango proces\u00f3 la m\u00fasica de Los Redondos.<\/p>\n\n\n\n<h2 class=\"wp-block-heading\">Ciudad Baig\u00f3n \u2013 \u201cLas ventajas de rezar solo\u201d<\/h2>\n\n\n\n<figure class=\"wp-block-embed is-type-video is-provider-youtube wp-block-embed-youtube wp-embed-aspect-4-3 wp-has-aspect-ratio\"><div class=\"wp-block-embed__wrapper\">\n<iframe loading=\"lazy\" title=\"Las ventajas de rezar solo\" width=\"1170\" height=\"878\" src=\"https:\/\/www.youtube.com\/embed\/JXae5Pi9UJ0?feature=oembed\" frameborder=\"0\" allow=\"accelerometer; autoplay; clipboard-write; encrypted-media; gyroscope; picture-in-picture; web-share\" referrerpolicy=\"strict-origin-when-cross-origin\" allowfullscreen><\/iframe>\n<\/div><\/figure>\n\n\n\n<h2 class=\"wp-block-heading\">Ciudad Baig\u00f3n \u2013 \u201cUna manera dif\u00edcil de imitar un gallo\u00bb<\/h2>\n\n\n\n<figure class=\"wp-block-embed is-type-video is-provider-youtube wp-block-embed-youtube wp-embed-aspect-4-3 wp-has-aspect-ratio\"><div class=\"wp-block-embed__wrapper\">\n<iframe loading=\"lazy\" title=\"Una manera dificil de imitar un gallo\" width=\"1170\" height=\"878\" src=\"https:\/\/www.youtube.com\/embed\/ZqPPkZi52Mo?feature=oembed\" frameborder=\"0\" allow=\"accelerometer; autoplay; clipboard-write; encrypted-media; gyroscope; picture-in-picture; web-share\" referrerpolicy=\"strict-origin-when-cross-origin\" allowfullscreen><\/iframe>\n<\/div><\/figure>\n\n\n\n<h2 class=\"wp-block-heading\">La Vid\u00fa \u2013 \u201cRopa sucia\u201d<\/h2>\n\n\n\n<figure class=\"wp-block-embed is-type-video is-provider-youtube wp-block-embed-youtube wp-embed-aspect-4-3 wp-has-aspect-ratio\"><div class=\"wp-block-embed__wrapper\">\n<iframe loading=\"lazy\" title=\"Ropa Sucia\" width=\"1170\" height=\"878\" src=\"https:\/\/www.youtube.com\/embed\/aGXUnj2WULo?feature=oembed\" frameborder=\"0\" allow=\"accelerometer; autoplay; clipboard-write; encrypted-media; gyroscope; picture-in-picture; web-share\" referrerpolicy=\"strict-origin-when-cross-origin\" allowfullscreen><\/iframe>\n<\/div><\/figure>\n\n\n\n<h2 class=\"wp-block-heading\">D\u00fao Ranas y el Chino Laborde \u2013 \u201cEsa estrella era mi lujo\u201d<\/h2>\n\n\n\n<figure class=\"wp-block-embed is-type-video is-provider-youtube wp-block-embed-youtube wp-embed-aspect-16-9 wp-has-aspect-ratio\"><div class=\"wp-block-embed__wrapper\">\n<iframe loading=\"lazy\" title=\"D\u00fao Ranas &amp; Chino Laborde - Esa estrella era mi lujo\" width=\"1170\" height=\"658\" src=\"https:\/\/www.youtube.com\/embed\/41bPhXRUENs?feature=oembed\" frameborder=\"0\" allow=\"accelerometer; autoplay; clipboard-write; encrypted-media; gyroscope; picture-in-picture; web-share\" referrerpolicy=\"strict-origin-when-cross-origin\" allowfullscreen><\/iframe>\n<\/div><\/figure>\n\n\n\n<h2 class=\"wp-block-heading\">Maia Castro &#8211; \u201cBlues de la artiller\u00eda\u201d<\/h2>\n\n\n\n<figure class=\"wp-block-embed is-type-video is-provider-youtube wp-block-embed-youtube wp-embed-aspect-4-3 wp-has-aspect-ratio\"><div class=\"wp-block-embed__wrapper\">\n<iframe loading=\"lazy\" title=\"Blues de la Artiller\u00eda\" width=\"1170\" height=\"878\" src=\"https:\/\/www.youtube.com\/embed\/FZDnvjBtWq4?feature=oembed\" frameborder=\"0\" allow=\"accelerometer; autoplay; clipboard-write; encrypted-media; gyroscope; picture-in-picture; web-share\" referrerpolicy=\"strict-origin-when-cross-origin\" allowfullscreen><\/iframe>\n<\/div><\/figure>\n\n\n\n<h2 class=\"wp-block-heading\">Altertango \u2013 \u201cRock yugular\u201d<\/h2>\n\n\n\n<figure class=\"wp-block-embed is-type-video is-provider-youtube wp-block-embed-youtube wp-embed-aspect-16-9 wp-has-aspect-ratio\"><div class=\"wp-block-embed__wrapper\">\n<iframe loading=\"lazy\" title=\"Rock yugular, por Altertango (2007) #coversredondos HD\" width=\"1170\" height=\"658\" src=\"https:\/\/www.youtube.com\/embed\/W3dxXC_R8fQ?feature=oembed\" frameborder=\"0\" allow=\"accelerometer; autoplay; clipboard-write; encrypted-media; gyroscope; picture-in-picture; web-share\" referrerpolicy=\"strict-origin-when-cross-origin\" allowfullscreen><\/iframe>\n<\/div><\/figure>\n\n\n\n<h2 class=\"wp-block-heading\">Adriana Varela \u2013 &#8220;Todo un palo&#8221;<\/h2>\n\n\n\n<figure class=\"wp-block-embed is-type-video is-provider-youtube wp-block-embed-youtube wp-embed-aspect-16-9 wp-has-aspect-ratio\"><div class=\"wp-block-embed__wrapper\">\n<iframe loading=\"lazy\" title=\"Adriana Varela - Todo Un Palo\" width=\"1170\" height=\"658\" src=\"https:\/\/www.youtube.com\/embed\/74EwnwKFzCk?feature=oembed\" frameborder=\"0\" allow=\"accelerometer; autoplay; clipboard-write; encrypted-media; gyroscope; picture-in-picture; web-share\" referrerpolicy=\"strict-origin-when-cross-origin\" allowfullscreen><\/iframe>\n<\/div><\/figure>\n\n\n\n<h2 class=\"wp-block-heading\">La Chicana \u2013 \u201cEl tesoro de los inocentes\u201d<\/h2>\n\n\n\n<figure class=\"wp-block-embed is-type-video is-provider-youtube wp-block-embed-youtube wp-embed-aspect-4-3 wp-has-aspect-ratio\"><div class=\"wp-block-embed__wrapper\">\n<iframe loading=\"lazy\" title=\"El Tesoro de los Inocentes\" width=\"1170\" height=\"878\" src=\"https:\/\/www.youtube.com\/embed\/A-JEKQGpNuA?feature=oembed\" frameborder=\"0\" allow=\"accelerometer; autoplay; clipboard-write; encrypted-media; gyroscope; picture-in-picture; web-share\" referrerpolicy=\"strict-origin-when-cross-origin\" allowfullscreen><\/iframe>\n<\/div><\/figure>\n\n\n\n<h2 class=\"wp-block-heading\"><strong>Cucuza Castiello \u2013 \u201cLa hija del fletero\/Amurado\u201d<\/strong><\/h2>\n\n\n\n<figure class=\"wp-block-embed is-type-video is-provider-youtube wp-block-embed-youtube wp-embed-aspect-4-3 wp-has-aspect-ratio\"><div class=\"wp-block-embed__wrapper\">\n<iframe loading=\"lazy\" title=\"La Hija del Fletero \/ Amurado\" width=\"1170\" height=\"878\" src=\"https:\/\/www.youtube.com\/embed\/oO8-7gznA70?feature=oembed\" frameborder=\"0\" allow=\"accelerometer; autoplay; clipboard-write; encrypted-media; gyroscope; picture-in-picture; web-share\" referrerpolicy=\"strict-origin-when-cross-origin\" allowfullscreen><\/iframe>\n<\/div><\/figure>\n\n\n\n<h2 class=\"wp-block-heading\">Tangos Fatales \u2013 \u201cJijiji\u201d<\/h2>\n\n\n\n<figure class=\"wp-block-embed is-type-video is-provider-youtube wp-block-embed-youtube wp-embed-aspect-16-9 wp-has-aspect-ratio\"><div class=\"wp-block-embed__wrapper\">\n<iframe loading=\"lazy\" title=\"Jijiji, por Tangos Fatales (2015) #coversredondos\" width=\"1170\" height=\"658\" src=\"https:\/\/www.youtube.com\/embed\/jiv2lwQ6AXM?feature=oembed\" frameborder=\"0\" allow=\"accelerometer; autoplay; clipboard-write; encrypted-media; gyroscope; picture-in-picture; web-share\" referrerpolicy=\"strict-origin-when-cross-origin\" allowfullscreen><\/iframe>\n<\/div><\/figure>\n\n\n\n<div style=\"height:10px\" aria-hidden=\"true\" class=\"wp-block-spacer\"><\/div>\n","protected":false},"excerpt":{"rendered":"<p>De c\u00f3mo el tango proces\u00f3 el arte de Solari y la m\u00fasica de Los Redondos.<\/p>\n","protected":false},"author":1,"featured_media":6341,"comment_status":"open","ping_status":"open","sticky":false,"template":"","format":"standard","meta":{"footnotes":""},"categories":[82],"tags":[303,304,305],"class_list":["post-6340","post","type-post","status-publish","format-standard","has-post-thumbnail","hentry","category-doble-a","tag-indio-solari","tag-los-redondos","tag-rock-y-tango"],"yoast_head":"<!-- This site is optimized with the Yoast SEO plugin v28.3 - https:\/\/yoast.com\/product\/yoast-seo-wordpress\/ -->\n<title>Aquellos \u201ctangos fatales\u201d: la m\u00fasica del Indio Solari que tom\u00f3 forma tanguera &#187; Fractura Expuesta | Tango!<\/title>\n<meta name=\"description\" content=\"De c\u00f3mo el tango proces\u00f3 el arte de Solari y la m\u00fasica de Los Redondos.\" \/>\n<meta name=\"robots\" content=\"index, follow, max-snippet:-1, max-image-preview:large, max-video-preview:-1\" \/>\n<link rel=\"canonical\" href=\"https:\/\/www.fracturaexpuesta.com.ar\/gotan\/aquellos-tangos-fatales-la-musica-del-indio-solari-que-tomo-forma-tanguera\/\" \/>\n<meta property=\"og:locale\" content=\"es_ES\" \/>\n<meta property=\"og:type\" content=\"article\" \/>\n<meta property=\"og:title\" content=\"Aquellos \u201ctangos fatales\u201d: la m\u00fasica del Indio Solari que tom\u00f3 forma tanguera\" \/>\n<meta property=\"og:description\" content=\"De c\u00f3mo el tango proces\u00f3 el arte de Solari y la m\u00fasica de Los Redondos.\" \/>\n<meta property=\"og:url\" content=\"https:\/\/www.fracturaexpuesta.com.ar\/gotan\/aquellos-tangos-fatales-la-musica-del-indio-solari-que-tomo-forma-tanguera\/\" \/>\n<meta property=\"og:site_name\" content=\"Fractura Expuesta | Tango!\" \/>\n<meta property=\"article:author\" content=\"https:\/\/www.facebook.com\/fracturaexpuestaok\" \/>\n<meta property=\"article:published_time\" content=\"2026-06-05T23:52:52+00:00\" \/>\n<meta property=\"article:modified_time\" content=\"2026-07-14T01:57:52+00:00\" \/>\n<meta property=\"og:image\" content=\"https:\/\/www.fracturaexpuesta.com.ar\/gotan\/wp-content\/uploads\/2026\/06\/indio-solari-tango.jpg\" \/>\n\t<meta property=\"og:image:width\" content=\"1000\" \/>\n\t<meta property=\"og:image:height\" content=\"800\" \/>\n\t<meta property=\"og:image:type\" content=\"image\/jpeg\" \/>\n<meta name=\"author\" content=\"Fractura Expuesta\" \/>\n<meta name=\"twitter:card\" content=\"summary_large_image\" \/>\n<meta name=\"twitter:title\" content=\"Aquellos \u201ctangos fatales\u201d: la m\u00fasica del Indio Solari que tom\u00f3 forma tanguera\" \/>\n<meta name=\"twitter:description\" content=\"De c\u00f3mo el tango proces\u00f3 el arte de Solari y la m\u00fasica de Los Redondos.\" \/>\n<meta name=\"twitter:image\" content=\"https:\/\/www.fracturaexpuesta.com.ar\/gotan\/wp-content\/uploads\/2026\/06\/indio-solari-tango.jpg\" \/>\n<meta name=\"twitter:creator\" content=\"@https:\/\/x.com\/fracturatango\" \/>\n<meta name=\"twitter:label1\" content=\"Escrito por\" \/>\n\t<meta name=\"twitter:data1\" content=\"Fractura Expuesta\" \/>\n\t<meta name=\"twitter:label2\" content=\"Tiempo de lectura\" \/>\n\t<meta name=\"twitter:data2\" content=\"3 minutos\" \/>\n<script type=\"application\/ld+json\" class=\"yoast-schema-graph\">{\"@context\":\"https:\\\/\\\/schema.org\",\"@graph\":[{\"@type\":\"Article\",\"@id\":\"https:\\\/\\\/www.fracturaexpuesta.com.ar\\\/gotan\\\/aquellos-tangos-fatales-la-musica-del-indio-solari-que-tomo-forma-tanguera\\\/#article\",\"isPartOf\":{\"@id\":\"https:\\\/\\\/www.fracturaexpuesta.com.ar\\\/gotan\\\/aquellos-tangos-fatales-la-musica-del-indio-solari-que-tomo-forma-tanguera\\\/\"},\"author\":{\"name\":\"Fractura Expuesta\",\"@id\":\"https:\\\/\\\/www.fracturaexpuesta.com.ar\\\/gotan\\\/#\\\/schema\\\/person\\\/d8266939f778485b13ad2174aa9e199e\"},\"headline\":\"Aquellos \u201ctangos fatales\u201d: la m\u00fasica del Indio Solari que tom\u00f3 forma tanguera\",\"datePublished\":\"2026-06-05T23:52:52+00:00\",\"dateModified\":\"2026-07-14T01:57:52+00:00\",\"mainEntityOfPage\":{\"@id\":\"https:\\\/\\\/www.fracturaexpuesta.com.ar\\\/gotan\\\/aquellos-tangos-fatales-la-musica-del-indio-solari-que-tomo-forma-tanguera\\\/\"},\"wordCount\":556,\"commentCount\":0,\"publisher\":{\"@id\":\"https:\\\/\\\/www.fracturaexpuesta.com.ar\\\/gotan\\\/#organization\"},\"image\":{\"@id\":\"https:\\\/\\\/www.fracturaexpuesta.com.ar\\\/gotan\\\/aquellos-tangos-fatales-la-musica-del-indio-solari-que-tomo-forma-tanguera\\\/#primaryimage\"},\"thumbnailUrl\":\"https:\\\/\\\/www.fracturaexpuesta.com.ar\\\/gotan\\\/wp-content\\\/uploads\\\/2026\\\/06\\\/indio-solari-tango.jpg\",\"keywords\":[\"indio solari\",\"los redondos\",\"rock y tango\"],\"articleSection\":[\"Doble A\"],\"inLanguage\":\"es-AR\",\"potentialAction\":[{\"@type\":\"CommentAction\",\"name\":\"Comment\",\"target\":[\"https:\\\/\\\/www.fracturaexpuesta.com.ar\\\/gotan\\\/aquellos-tangos-fatales-la-musica-del-indio-solari-que-tomo-forma-tanguera\\\/#respond\"]}]},{\"@type\":\"WebPage\",\"@id\":\"https:\\\/\\\/www.fracturaexpuesta.com.ar\\\/gotan\\\/aquellos-tangos-fatales-la-musica-del-indio-solari-que-tomo-forma-tanguera\\\/\",\"url\":\"https:\\\/\\\/www.fracturaexpuesta.com.ar\\\/gotan\\\/aquellos-tangos-fatales-la-musica-del-indio-solari-que-tomo-forma-tanguera\\\/\",\"name\":\"Aquellos \u201ctangos fatales\u201d: la m\u00fasica del Indio Solari que tom\u00f3 forma tanguera &#187; Fractura Expuesta | Tango!\",\"isPartOf\":{\"@id\":\"https:\\\/\\\/www.fracturaexpuesta.com.ar\\\/gotan\\\/#website\"},\"primaryImageOfPage\":{\"@id\":\"https:\\\/\\\/www.fracturaexpuesta.com.ar\\\/gotan\\\/aquellos-tangos-fatales-la-musica-del-indio-solari-que-tomo-forma-tanguera\\\/#primaryimage\"},\"image\":{\"@id\":\"https:\\\/\\\/www.fracturaexpuesta.com.ar\\\/gotan\\\/aquellos-tangos-fatales-la-musica-del-indio-solari-que-tomo-forma-tanguera\\\/#primaryimage\"},\"thumbnailUrl\":\"https:\\\/\\\/www.fracturaexpuesta.com.ar\\\/gotan\\\/wp-content\\\/uploads\\\/2026\\\/06\\\/indio-solari-tango.jpg\",\"datePublished\":\"2026-06-05T23:52:52+00:00\",\"dateModified\":\"2026-07-14T01:57:52+00:00\",\"description\":\"De c\u00f3mo el tango proces\u00f3 el arte de Solari y la m\u00fasica de Los Redondos.\",\"breadcrumb\":{\"@id\":\"https:\\\/\\\/www.fracturaexpuesta.com.ar\\\/gotan\\\/aquellos-tangos-fatales-la-musica-del-indio-solari-que-tomo-forma-tanguera\\\/#breadcrumb\"},\"inLanguage\":\"es-AR\",\"potentialAction\":[{\"@type\":\"ReadAction\",\"target\":[\"https:\\\/\\\/www.fracturaexpuesta.com.ar\\\/gotan\\\/aquellos-tangos-fatales-la-musica-del-indio-solari-que-tomo-forma-tanguera\\\/\"]}]},{\"@type\":\"ImageObject\",\"inLanguage\":\"es-AR\",\"@id\":\"https:\\\/\\\/www.fracturaexpuesta.com.ar\\\/gotan\\\/aquellos-tangos-fatales-la-musica-del-indio-solari-que-tomo-forma-tanguera\\\/#primaryimage\",\"url\":\"https:\\\/\\\/www.fracturaexpuesta.com.ar\\\/gotan\\\/wp-content\\\/uploads\\\/2026\\\/06\\\/indio-solari-tango.jpg\",\"contentUrl\":\"https:\\\/\\\/www.fracturaexpuesta.com.ar\\\/gotan\\\/wp-content\\\/uploads\\\/2026\\\/06\\\/indio-solari-tango.jpg\",\"width\":1000,\"height\":800},{\"@type\":\"BreadcrumbList\",\"@id\":\"https:\\\/\\\/www.fracturaexpuesta.com.ar\\\/gotan\\\/aquellos-tangos-fatales-la-musica-del-indio-solari-que-tomo-forma-tanguera\\\/#breadcrumb\",\"itemListElement\":[{\"@type\":\"ListItem\",\"position\":1,\"name\":\"Inicio\",\"item\":\"https:\\\/\\\/www.fracturaexpuesta.com.ar\\\/gotan\\\/\"},{\"@type\":\"ListItem\",\"position\":2,\"name\":\"Aquellos \u201ctangos fatales\u201d: la m\u00fasica del Indio Solari que tom\u00f3 forma tanguera\"}]},{\"@type\":\"WebSite\",\"@id\":\"https:\\\/\\\/www.fracturaexpuesta.com.ar\\\/gotan\\\/#website\",\"url\":\"https:\\\/\\\/www.fracturaexpuesta.com.ar\\\/gotan\\\/\",\"name\":\"Fractura Expuesta | Tango!\",\"description\":\"\",\"publisher\":{\"@id\":\"https:\\\/\\\/www.fracturaexpuesta.com.ar\\\/gotan\\\/#organization\"},\"potentialAction\":[{\"@type\":\"SearchAction\",\"target\":{\"@type\":\"EntryPoint\",\"urlTemplate\":\"https:\\\/\\\/www.fracturaexpuesta.com.ar\\\/gotan\\\/?s={search_term_string}\"},\"query-input\":{\"@type\":\"PropertyValueSpecification\",\"valueRequired\":true,\"valueName\":\"search_term_string\"}}],\"inLanguage\":\"es-AR\"},{\"@type\":\"Organization\",\"@id\":\"https:\\\/\\\/www.fracturaexpuesta.com.ar\\\/gotan\\\/#organization\",\"name\":\"Fractura Expuesta | Tango!\",\"url\":\"https:\\\/\\\/www.fracturaexpuesta.com.ar\\\/gotan\\\/\",\"logo\":{\"@type\":\"ImageObject\",\"inLanguage\":\"es-AR\",\"@id\":\"https:\\\/\\\/www.fracturaexpuesta.com.ar\\\/gotan\\\/#\\\/schema\\\/logo\\\/image\\\/\",\"url\":\"https:\\\/\\\/www.fracturaexpuesta.com.ar\\\/gotan\\\/wp-content\\\/uploads\\\/2025\\\/03\\\/avatar2centroOK.jpg\",\"contentUrl\":\"https:\\\/\\\/www.fracturaexpuesta.com.ar\\\/gotan\\\/wp-content\\\/uploads\\\/2025\\\/03\\\/avatar2centroOK.jpg\",\"width\":600,\"height\":600,\"caption\":\"Fractura Expuesta | Tango!\"},\"image\":{\"@id\":\"https:\\\/\\\/www.fracturaexpuesta.com.ar\\\/gotan\\\/#\\\/schema\\\/logo\\\/image\\\/\"}},{\"@type\":\"Person\",\"@id\":\"https:\\\/\\\/www.fracturaexpuesta.com.ar\\\/gotan\\\/#\\\/schema\\\/person\\\/d8266939f778485b13ad2174aa9e199e\",\"name\":\"Fractura Expuesta\",\"image\":{\"@type\":\"ImageObject\",\"inLanguage\":\"es-AR\",\"@id\":\"https:\\\/\\\/secure.gravatar.com\\\/avatar\\\/c4bad1eb9f93dd4a42df3aa8b8e8b882ff893fcea188ee15488a845db442d7ec?s=96&d=mm&r=g\",\"url\":\"https:\\\/\\\/secure.gravatar.com\\\/avatar\\\/c4bad1eb9f93dd4a42df3aa8b8e8b882ff893fcea188ee15488a845db442d7ec?s=96&d=mm&r=g\",\"contentUrl\":\"https:\\\/\\\/secure.gravatar.com\\\/avatar\\\/c4bad1eb9f93dd4a42df3aa8b8e8b882ff893fcea188ee15488a845db442d7ec?s=96&d=mm&r=g\",\"caption\":\"Fractura Expuesta\"},\"description\":\"Sitio de tango y noticias culturales. Desde 2003, el espacio referente del tango de estos tiempos.\",\"sameAs\":[\"https:\\\/\\\/www.fracturaexpuesta.com.ar\",\"https:\\\/\\\/www.facebook.com\\\/fracturaexpuestaok\",\"https:\\\/\\\/www.instagram.com\\\/fracturaexpuesta\",\"https:\\\/\\\/x.com\\\/https:\\\/\\\/x.com\\\/fracturatango\",\"https:\\\/\\\/www.youtube.com\\\/channel\\\/UCojA8Q0QDpnncOL8sfTHOHg\"],\"url\":\"https:\\\/\\\/www.fracturaexpuesta.com.ar\\\/gotan\\\/author\\\/fractura-expuesta\\\/\"}]}<\/script>\n<!-- \/ Yoast SEO plugin. -->","yoast_head_json":{"title":"Aquellos \u201ctangos fatales\u201d: la m\u00fasica del Indio Solari que tom\u00f3 forma tanguera &#187; Fractura Expuesta | Tango!","description":"De c\u00f3mo el tango proces\u00f3 el arte de Solari y la m\u00fasica de Los Redondos.","robots":{"index":"index","follow":"follow","max-snippet":"max-snippet:-1","max-image-preview":"max-image-preview:large","max-video-preview":"max-video-preview:-1"},"canonical":"https:\/\/www.fracturaexpuesta.com.ar\/gotan\/aquellos-tangos-fatales-la-musica-del-indio-solari-que-tomo-forma-tanguera\/","og_locale":"es_ES","og_type":"article","og_title":"Aquellos \u201ctangos fatales\u201d: la m\u00fasica del Indio Solari que tom\u00f3 forma tanguera","og_description":"De c\u00f3mo el tango proces\u00f3 el arte de Solari y la m\u00fasica de Los Redondos.","og_url":"https:\/\/www.fracturaexpuesta.com.ar\/gotan\/aquellos-tangos-fatales-la-musica-del-indio-solari-que-tomo-forma-tanguera\/","og_site_name":"Fractura Expuesta | Tango!","article_author":"https:\/\/www.facebook.com\/fracturaexpuestaok","article_published_time":"2026-06-05T23:52:52+00:00","article_modified_time":"2026-07-14T01:57:52+00:00","og_image":[{"width":1000,"height":800,"url":"https:\/\/www.fracturaexpuesta.com.ar\/gotan\/wp-content\/uploads\/2026\/06\/indio-solari-tango.jpg","type":"image\/jpeg"}],"author":"Fractura Expuesta","twitter_card":"summary_large_image","twitter_title":"Aquellos \u201ctangos fatales\u201d: la m\u00fasica del Indio Solari que tom\u00f3 forma tanguera","twitter_description":"De c\u00f3mo el tango proces\u00f3 el arte de Solari y la m\u00fasica de Los Redondos.","twitter_image":"https:\/\/www.fracturaexpuesta.com.ar\/gotan\/wp-content\/uploads\/2026\/06\/indio-solari-tango.jpg","twitter_creator":"@https:\/\/x.com\/fracturatango","twitter_misc":{"Escrito por":"Fractura Expuesta","Tiempo de lectura":"3 minutos"},"schema":{"@context":"https:\/\/schema.org","@graph":[{"@type":"Article","@id":"https:\/\/www.fracturaexpuesta.com.ar\/gotan\/aquellos-tangos-fatales-la-musica-del-indio-solari-que-tomo-forma-tanguera\/#article","isPartOf":{"@id":"https:\/\/www.fracturaexpuesta.com.ar\/gotan\/aquellos-tangos-fatales-la-musica-del-indio-solari-que-tomo-forma-tanguera\/"},"author":{"name":"Fractura Expuesta","@id":"https:\/\/www.fracturaexpuesta.com.ar\/gotan\/#\/schema\/person\/d8266939f778485b13ad2174aa9e199e"},"headline":"Aquellos \u201ctangos fatales\u201d: la m\u00fasica del Indio Solari que tom\u00f3 forma tanguera","datePublished":"2026-06-05T23:52:52+00:00","dateModified":"2026-07-14T01:57:52+00:00","mainEntityOfPage":{"@id":"https:\/\/www.fracturaexpuesta.com.ar\/gotan\/aquellos-tangos-fatales-la-musica-del-indio-solari-que-tomo-forma-tanguera\/"},"wordCount":556,"commentCount":0,"publisher":{"@id":"https:\/\/www.fracturaexpuesta.com.ar\/gotan\/#organization"},"image":{"@id":"https:\/\/www.fracturaexpuesta.com.ar\/gotan\/aquellos-tangos-fatales-la-musica-del-indio-solari-que-tomo-forma-tanguera\/#primaryimage"},"thumbnailUrl":"https:\/\/www.fracturaexpuesta.com.ar\/gotan\/wp-content\/uploads\/2026\/06\/indio-solari-tango.jpg","keywords":["indio solari","los redondos","rock y tango"],"articleSection":["Doble A"],"inLanguage":"es-AR","potentialAction":[{"@type":"CommentAction","name":"Comment","target":["https:\/\/www.fracturaexpuesta.com.ar\/gotan\/aquellos-tangos-fatales-la-musica-del-indio-solari-que-tomo-forma-tanguera\/#respond"]}]},{"@type":"WebPage","@id":"https:\/\/www.fracturaexpuesta.com.ar\/gotan\/aquellos-tangos-fatales-la-musica-del-indio-solari-que-tomo-forma-tanguera\/","url":"https:\/\/www.fracturaexpuesta.com.ar\/gotan\/aquellos-tangos-fatales-la-musica-del-indio-solari-que-tomo-forma-tanguera\/","name":"Aquellos \u201ctangos fatales\u201d: la m\u00fasica del Indio Solari que tom\u00f3 forma tanguera &#187; Fractura Expuesta | Tango!","isPartOf":{"@id":"https:\/\/www.fracturaexpuesta.com.ar\/gotan\/#website"},"primaryImageOfPage":{"@id":"https:\/\/www.fracturaexpuesta.com.ar\/gotan\/aquellos-tangos-fatales-la-musica-del-indio-solari-que-tomo-forma-tanguera\/#primaryimage"},"image":{"@id":"https:\/\/www.fracturaexpuesta.com.ar\/gotan\/aquellos-tangos-fatales-la-musica-del-indio-solari-que-tomo-forma-tanguera\/#primaryimage"},"thumbnailUrl":"https:\/\/www.fracturaexpuesta.com.ar\/gotan\/wp-content\/uploads\/2026\/06\/indio-solari-tango.jpg","datePublished":"2026-06-05T23:52:52+00:00","dateModified":"2026-07-14T01:57:52+00:00","description":"De c\u00f3mo el tango proces\u00f3 el arte de Solari y la m\u00fasica de Los Redondos.","breadcrumb":{"@id":"https:\/\/www.fracturaexpuesta.com.ar\/gotan\/aquellos-tangos-fatales-la-musica-del-indio-solari-que-tomo-forma-tanguera\/#breadcrumb"},"inLanguage":"es-AR","potentialAction":[{"@type":"ReadAction","target":["https:\/\/www.fracturaexpuesta.com.ar\/gotan\/aquellos-tangos-fatales-la-musica-del-indio-solari-que-tomo-forma-tanguera\/"]}]},{"@type":"ImageObject","inLanguage":"es-AR","@id":"https:\/\/www.fracturaexpuesta.com.ar\/gotan\/aquellos-tangos-fatales-la-musica-del-indio-solari-que-tomo-forma-tanguera\/#primaryimage","url":"https:\/\/www.fracturaexpuesta.com.ar\/gotan\/wp-content\/uploads\/2026\/06\/indio-solari-tango.jpg","contentUrl":"https:\/\/www.fracturaexpuesta.com.ar\/gotan\/wp-content\/uploads\/2026\/06\/indio-solari-tango.jpg","width":1000,"height":800},{"@type":"BreadcrumbList","@id":"https:\/\/www.fracturaexpuesta.com.ar\/gotan\/aquellos-tangos-fatales-la-musica-del-indio-solari-que-tomo-forma-tanguera\/#breadcrumb","itemListElement":[{"@type":"ListItem","position":1,"name":"Inicio","item":"https:\/\/www.fracturaexpuesta.com.ar\/gotan\/"},{"@type":"ListItem","position":2,"name":"Aquellos \u201ctangos fatales\u201d: la m\u00fasica del Indio Solari que tom\u00f3 forma tanguera"}]},{"@type":"WebSite","@id":"https:\/\/www.fracturaexpuesta.com.ar\/gotan\/#website","url":"https:\/\/www.fracturaexpuesta.com.ar\/gotan\/","name":"Fractura Expuesta | Tango!","description":"","publisher":{"@id":"https:\/\/www.fracturaexpuesta.com.ar\/gotan\/#organization"},"potentialAction":[{"@type":"SearchAction","target":{"@type":"EntryPoint","urlTemplate":"https:\/\/www.fracturaexpuesta.com.ar\/gotan\/?s={search_term_string}"},"query-input":{"@type":"PropertyValueSpecification","valueRequired":true,"valueName":"search_term_string"}}],"inLanguage":"es-AR"},{"@type":"Organization","@id":"https:\/\/www.fracturaexpuesta.com.ar\/gotan\/#organization","name":"Fractura Expuesta | Tango!","url":"https:\/\/www.fracturaexpuesta.com.ar\/gotan\/","logo":{"@type":"ImageObject","inLanguage":"es-AR","@id":"https:\/\/www.fracturaexpuesta.com.ar\/gotan\/#\/schema\/logo\/image\/","url":"https:\/\/www.fracturaexpuesta.com.ar\/gotan\/wp-content\/uploads\/2025\/03\/avatar2centroOK.jpg","contentUrl":"https:\/\/www.fracturaexpuesta.com.ar\/gotan\/wp-content\/uploads\/2025\/03\/avatar2centroOK.jpg","width":600,"height":600,"caption":"Fractura Expuesta | Tango!"},"image":{"@id":"https:\/\/www.fracturaexpuesta.com.ar\/gotan\/#\/schema\/logo\/image\/"}},{"@type":"Person","@id":"https:\/\/www.fracturaexpuesta.com.ar\/gotan\/#\/schema\/person\/d8266939f778485b13ad2174aa9e199e","name":"Fractura Expuesta","image":{"@type":"ImageObject","inLanguage":"es-AR","@id":"https:\/\/secure.gravatar.com\/avatar\/c4bad1eb9f93dd4a42df3aa8b8e8b882ff893fcea188ee15488a845db442d7ec?s=96&d=mm&r=g","url":"https:\/\/secure.gravatar.com\/avatar\/c4bad1eb9f93dd4a42df3aa8b8e8b882ff893fcea188ee15488a845db442d7ec?s=96&d=mm&r=g","contentUrl":"https:\/\/secure.gravatar.com\/avatar\/c4bad1eb9f93dd4a42df3aa8b8e8b882ff893fcea188ee15488a845db442d7ec?s=96&d=mm&r=g","caption":"Fractura Expuesta"},"description":"Sitio de tango y noticias culturales. Desde 2003, el espacio referente del tango de estos tiempos.","sameAs":["https:\/\/www.fracturaexpuesta.com.ar","https:\/\/www.facebook.com\/fracturaexpuestaok","https:\/\/www.instagram.com\/fracturaexpuesta","https:\/\/x.com\/https:\/\/x.com\/fracturatango","https:\/\/www.youtube.com\/channel\/UCojA8Q0QDpnncOL8sfTHOHg"],"url":"https:\/\/www.fracturaexpuesta.com.ar\/gotan\/author\/fractura-expuesta\/"}]}},"_links":{"self":[{"href":"https:\/\/www.fracturaexpuesta.com.ar\/gotan\/wp-json\/wp\/v2\/posts\/6340","targetHints":{"allow":["GET"]}}],"collection":[{"href":"https:\/\/www.fracturaexpuesta.com.ar\/gotan\/wp-json\/wp\/v2\/posts"}],"about":[{"href":"https:\/\/www.fracturaexpuesta.com.ar\/gotan\/wp-json\/wp\/v2\/types\/post"}],"author":[{"embeddable":true,"href":"https:\/\/www.fracturaexpuesta.com.ar\/gotan\/wp-json\/wp\/v2\/users\/1"}],"replies":[{"embeddable":true,"href":"https:\/\/www.fracturaexpuesta.com.ar\/gotan\/wp-json\/wp\/v2\/comments?post=6340"}],"version-history":[{"count":6,"href":"https:\/\/www.fracturaexpuesta.com.ar\/gotan\/wp-json\/wp\/v2\/posts\/6340\/revisions"}],"predecessor-version":[{"id":6350,"href":"https:\/\/www.fracturaexpuesta.com.ar\/gotan\/wp-json\/wp\/v2\/posts\/6340\/revisions\/6350"}],"wp:featuredmedia":[{"embeddable":true,"href":"https:\/\/www.fracturaexpuesta.com.ar\/gotan\/wp-json\/wp\/v2\/media\/6341"}],"wp:attachment":[{"href":"https:\/\/www.fracturaexpuesta.com.ar\/gotan\/wp-json\/wp\/v2\/media?parent=6340"}],"wp:term":[{"taxonomy":"category","embeddable":true,"href":"https:\/\/www.fracturaexpuesta.com.ar\/gotan\/wp-json\/wp\/v2\/categories?post=6340"},{"taxonomy":"post_tag","embeddable":true,"href":"https:\/\/www.fracturaexpuesta.com.ar\/gotan\/wp-json\/wp\/v2\/tags?post=6340"}],"curies":[{"name":"wp","href":"https:\/\/api.w.org\/{rel}","templated":true}]}}