{"id":6399,"date":"2026-06-30T12:39:00","date_gmt":"2026-06-30T15:39:00","guid":{"rendered":"https:\/\/www.fracturaexpuesta.com.ar\/gotan\/?p=6399"},"modified":"2026-07-01T21:57:51","modified_gmt":"2026-07-02T00:57:51","slug":"murio-daniel-melingo-la-travesia-de-un-abrecaminos-para-el-tango","status":"publish","type":"post","link":"https:\/\/www.fracturaexpuesta.com.ar\/gotan\/murio-daniel-melingo-la-travesia-de-un-abrecaminos-para-el-tango\/","title":{"rendered":"Muri\u00f3 Daniel Melingo, la traves\u00eda de un abrecaminos para el tango"},"content":{"rendered":"\n<p class=\"wp-block-paragraph\">Daniel Melingo, el m\u00fasico que construy\u00f3 su camino desde el rock hacia el tango, muri\u00f3 a los 68 a\u00f1os.<\/p>\n\n\n\n<p class=\"wp-block-paragraph\">Seg\u00fan confirmaron diversos medios nacionales a trav\u00e9s de fuentes policiales, el artista fue hallado sin vida por uno de sus hijos en su departamento de Chacarita. En el momento de su fallecimiento, Melingo recib\u00eda cuidados paliativos en su domicilio debido a una enfermedad respiratoria.<\/p>\n\n\n\n<p class=\"wp-block-paragraph\">Nacido en Parque Patricios en 1957, Melingo alcanz\u00f3 notoriedad en los a\u00f1os 80 como integrante de bandas emblem\u00e1ticas como Los Twist, Charly Garc\u00eda y Los Abuelos de la Nada. Con el tiempo, se alej\u00f3 del rock para abrirse camino en el tango, decisi\u00f3n que result\u00f3 trascendental para su carrera. Su \u00e1lbum Tangos bajos (1998) marc\u00f3 un hito importante en los comienzos del reverdecimiento del g\u00e9nero y dej\u00f3 una marca indeleble en su trayectoria art\u00edstica.<\/p>\n\n\n\n<p class=\"wp-block-paragraph\">Precisamente, al momento de su muerte, Melingo se encontraba inmerso en varios proyectos simult\u00e1neos. El m\u00e1s avanzado era Tangos bajos (Rework), una regrabaci\u00f3n de aquel disco seminal con arreglos contempor\u00e1neos y la participaci\u00f3n de m\u00fasicos invitados. El artista ten\u00eda previsto presentar este trabajo en septiembre en el teatro Coliseo.<\/p>\n\n\n\n<p class=\"wp-block-paragraph\">Adem\u00e1s de la reedici\u00f3n del \u00e1lbum, Melingo desarrollaba un documental en torno a ese material e incursionaba en el mundo vitivin\u00edcola con el lanzamiento de su propio vino: un malbec que llevar\u00eda el nombre de su obra m\u00e1s representativa, Tangos bajos.<\/p>\n\n\n\n<p class=\"wp-block-paragraph\">Fue compositor, productor art\u00edstico, multi instrumentista e int\u00e9rprete de numerosos estilos. Melingo no solo ha dejado una huella en bandas ic\u00f3nicas del rock nacional sino que fue un abrecaminos para que el tango reconociera enfoques singulares y construyera puentes con generaciones de artistas de diversas tribus, todos congregados alrededor de la tanguez.<\/p>\n\n\n\n<div style=\"height:10px\" aria-hidden=\"true\" class=\"wp-block-spacer\"><\/div>\n","protected":false},"excerpt":{"rendered":"<p>El musico falleci\u00f3 a los 68 a\u00f1os. Desde muy peque\u00f1o, el tango atraves\u00f3 su vida. Luego transit\u00f3 la senda del rock y finalmente retom\u00f3 la huella tanguera para dejar su impronta personal.<\/p>\n","protected":false},"author":1,"featured_media":6400,"comment_status":"open","ping_status":"open","sticky":false,"template":"","format":"standard","meta":{"footnotes":""},"categories":[7],"tags":[315],"class_list":["post-6399","post","type-post","status-publish","format-standard","has-post-thumbnail","hentry","category-noticias","tag-daniel-melingo"],"yoast_head":"<!-- This site is optimized with the Yoast SEO plugin v28.3 - https:\/\/yoast.com\/product\/yoast-seo-wordpress\/ -->\n<title>Muri\u00f3 Daniel Melingo, la traves\u00eda de un abrecaminos para el tango &#187; Fractura Expuesta | Tango!<\/title>\n<meta name=\"description\" content=\"El musico falleci\u00f3 a los 68 a\u00f1os. Desde muy peque\u00f1o, el tango atraves\u00f3 su vida. Luego transit\u00f3 la senda del rock y finalmente retom\u00f3 la huella tanguera para dejar su impronta personal.\" \/>\n<meta name=\"robots\" content=\"index, follow, max-snippet:-1, max-image-preview:large, max-video-preview:-1\" \/>\n<link rel=\"canonical\" href=\"https:\/\/www.fracturaexpuesta.com.ar\/gotan\/murio-daniel-melingo-la-travesia-de-un-abrecaminos-para-el-tango\/\" \/>\n<meta property=\"og:locale\" content=\"es_ES\" \/>\n<meta property=\"og:type\" content=\"article\" \/>\n<meta property=\"og:title\" content=\"Muri\u00f3 Daniel Melingo, la traves\u00eda de un abrecaminos para el tango\" \/>\n<meta property=\"og:description\" content=\"El musico falleci\u00f3 a los 68 a\u00f1os. Desde muy peque\u00f1o, el tango atraves\u00f3 su vida. Luego transit\u00f3 la senda del rock y finalmente retom\u00f3 la huella tanguera para dejar su impronta personal.\" \/>\n<meta property=\"og:url\" content=\"https:\/\/www.fracturaexpuesta.com.ar\/gotan\/murio-daniel-melingo-la-travesia-de-un-abrecaminos-para-el-tango\/\" \/>\n<meta property=\"og:site_name\" content=\"Fractura Expuesta | Tango!\" \/>\n<meta property=\"article:author\" content=\"https:\/\/www.facebook.com\/fracturaexpuestaok\" \/>\n<meta property=\"article:published_time\" content=\"2026-06-30T15:39:00+00:00\" \/>\n<meta property=\"article:modified_time\" content=\"2026-07-02T00:57:51+00:00\" \/>\n<meta property=\"og:image\" content=\"https:\/\/www.fracturaexpuesta.com.ar\/gotan\/wp-content\/uploads\/2026\/07\/daniel-melingo.jpeg\" \/>\n\t<meta property=\"og:image:width\" content=\"933\" \/>\n\t<meta property=\"og:image:height\" content=\"623\" \/>\n\t<meta property=\"og:image:type\" content=\"image\/jpeg\" \/>\n<meta name=\"author\" content=\"Fractura Expuesta\" \/>\n<meta name=\"twitter:card\" content=\"summary_large_image\" \/>\n<meta name=\"twitter:title\" content=\"Muri\u00f3 Daniel Melingo, la traves\u00eda de un abrecaminos para el tango\" \/>\n<meta name=\"twitter:description\" content=\"El musico falleci\u00f3 a los 68 a\u00f1os. Desde muy peque\u00f1o, el tango atraves\u00f3 su vida. Luego transit\u00f3 la senda del rock y finalmente retom\u00f3 la huella tanguera para dejar su impronta personal.\" \/>\n<meta name=\"twitter:image\" content=\"https:\/\/www.fracturaexpuesta.com.ar\/gotan\/wp-content\/uploads\/2026\/07\/daniel-melingo.jpeg\" \/>\n<meta name=\"twitter:creator\" content=\"@https:\/\/x.com\/fracturatango\" \/>\n<meta name=\"twitter:label1\" content=\"Escrito por\" \/>\n\t<meta name=\"twitter:data1\" content=\"Fractura Expuesta\" \/>\n\t<meta name=\"twitter:label2\" content=\"Tiempo de lectura\" \/>\n\t<meta name=\"twitter:data2\" content=\"2 minutos\" \/>\n<script type=\"application\/ld+json\" class=\"yoast-schema-graph\">{\"@context\":\"https:\\\/\\\/schema.org\",\"@graph\":[{\"@type\":\"Article\",\"@id\":\"https:\\\/\\\/www.fracturaexpuesta.com.ar\\\/gotan\\\/murio-daniel-melingo-la-travesia-de-un-abrecaminos-para-el-tango\\\/#article\",\"isPartOf\":{\"@id\":\"https:\\\/\\\/www.fracturaexpuesta.com.ar\\\/gotan\\\/murio-daniel-melingo-la-travesia-de-un-abrecaminos-para-el-tango\\\/\"},\"author\":{\"name\":\"Fractura Expuesta\",\"@id\":\"https:\\\/\\\/www.fracturaexpuesta.com.ar\\\/gotan\\\/#\\\/schema\\\/person\\\/d8266939f778485b13ad2174aa9e199e\"},\"headline\":\"Muri\u00f3 Daniel Melingo, la traves\u00eda de un abrecaminos para el tango\",\"datePublished\":\"2026-06-30T15:39:00+00:00\",\"dateModified\":\"2026-07-02T00:57:51+00:00\",\"mainEntityOfPage\":{\"@id\":\"https:\\\/\\\/www.fracturaexpuesta.com.ar\\\/gotan\\\/murio-daniel-melingo-la-travesia-de-un-abrecaminos-para-el-tango\\\/\"},\"wordCount\":313,\"commentCount\":0,\"publisher\":{\"@id\":\"https:\\\/\\\/www.fracturaexpuesta.com.ar\\\/gotan\\\/#organization\"},\"image\":{\"@id\":\"https:\\\/\\\/www.fracturaexpuesta.com.ar\\\/gotan\\\/murio-daniel-melingo-la-travesia-de-un-abrecaminos-para-el-tango\\\/#primaryimage\"},\"thumbnailUrl\":\"https:\\\/\\\/www.fracturaexpuesta.com.ar\\\/gotan\\\/wp-content\\\/uploads\\\/2026\\\/07\\\/daniel-melingo.jpeg\",\"keywords\":[\"daniel melingo\"],\"articleSection\":[\"Noticias\"],\"inLanguage\":\"es-AR\",\"potentialAction\":[{\"@type\":\"CommentAction\",\"name\":\"Comment\",\"target\":[\"https:\\\/\\\/www.fracturaexpuesta.com.ar\\\/gotan\\\/murio-daniel-melingo-la-travesia-de-un-abrecaminos-para-el-tango\\\/#respond\"]}]},{\"@type\":\"WebPage\",\"@id\":\"https:\\\/\\\/www.fracturaexpuesta.com.ar\\\/gotan\\\/murio-daniel-melingo-la-travesia-de-un-abrecaminos-para-el-tango\\\/\",\"url\":\"https:\\\/\\\/www.fracturaexpuesta.com.ar\\\/gotan\\\/murio-daniel-melingo-la-travesia-de-un-abrecaminos-para-el-tango\\\/\",\"name\":\"Muri\u00f3 Daniel Melingo, la traves\u00eda de un abrecaminos para el tango &#187; Fractura Expuesta | Tango!\",\"isPartOf\":{\"@id\":\"https:\\\/\\\/www.fracturaexpuesta.com.ar\\\/gotan\\\/#website\"},\"primaryImageOfPage\":{\"@id\":\"https:\\\/\\\/www.fracturaexpuesta.com.ar\\\/gotan\\\/murio-daniel-melingo-la-travesia-de-un-abrecaminos-para-el-tango\\\/#primaryimage\"},\"image\":{\"@id\":\"https:\\\/\\\/www.fracturaexpuesta.com.ar\\\/gotan\\\/murio-daniel-melingo-la-travesia-de-un-abrecaminos-para-el-tango\\\/#primaryimage\"},\"thumbnailUrl\":\"https:\\\/\\\/www.fracturaexpuesta.com.ar\\\/gotan\\\/wp-content\\\/uploads\\\/2026\\\/07\\\/daniel-melingo.jpeg\",\"datePublished\":\"2026-06-30T15:39:00+00:00\",\"dateModified\":\"2026-07-02T00:57:51+00:00\",\"description\":\"El musico falleci\u00f3 a los 68 a\u00f1os. Desde muy peque\u00f1o, el tango atraves\u00f3 su vida. Luego transit\u00f3 la senda del rock y finalmente retom\u00f3 la huella tanguera para dejar su impronta personal.\",\"breadcrumb\":{\"@id\":\"https:\\\/\\\/www.fracturaexpuesta.com.ar\\\/gotan\\\/murio-daniel-melingo-la-travesia-de-un-abrecaminos-para-el-tango\\\/#breadcrumb\"},\"inLanguage\":\"es-AR\",\"potentialAction\":[{\"@type\":\"ReadAction\",\"target\":[\"https:\\\/\\\/www.fracturaexpuesta.com.ar\\\/gotan\\\/murio-daniel-melingo-la-travesia-de-un-abrecaminos-para-el-tango\\\/\"]}]},{\"@type\":\"ImageObject\",\"inLanguage\":\"es-AR\",\"@id\":\"https:\\\/\\\/www.fracturaexpuesta.com.ar\\\/gotan\\\/murio-daniel-melingo-la-travesia-de-un-abrecaminos-para-el-tango\\\/#primaryimage\",\"url\":\"https:\\\/\\\/www.fracturaexpuesta.com.ar\\\/gotan\\\/wp-content\\\/uploads\\\/2026\\\/07\\\/daniel-melingo.jpeg\",\"contentUrl\":\"https:\\\/\\\/www.fracturaexpuesta.com.ar\\\/gotan\\\/wp-content\\\/uploads\\\/2026\\\/07\\\/daniel-melingo.jpeg\",\"width\":933,\"height\":623,\"caption\":\"Daniel Melingo\"},{\"@type\":\"BreadcrumbList\",\"@id\":\"https:\\\/\\\/www.fracturaexpuesta.com.ar\\\/gotan\\\/murio-daniel-melingo-la-travesia-de-un-abrecaminos-para-el-tango\\\/#breadcrumb\",\"itemListElement\":[{\"@type\":\"ListItem\",\"position\":1,\"name\":\"Inicio\",\"item\":\"https:\\\/\\\/www.fracturaexpuesta.com.ar\\\/gotan\\\/\"},{\"@type\":\"ListItem\",\"position\":2,\"name\":\"Muri\u00f3 Daniel Melingo, la traves\u00eda de un abrecaminos para el tango\"}]},{\"@type\":\"WebSite\",\"@id\":\"https:\\\/\\\/www.fracturaexpuesta.com.ar\\\/gotan\\\/#website\",\"url\":\"https:\\\/\\\/www.fracturaexpuesta.com.ar\\\/gotan\\\/\",\"name\":\"Fractura Expuesta | Tango!\",\"description\":\"\",\"publisher\":{\"@id\":\"https:\\\/\\\/www.fracturaexpuesta.com.ar\\\/gotan\\\/#organization\"},\"potentialAction\":[{\"@type\":\"SearchAction\",\"target\":{\"@type\":\"EntryPoint\",\"urlTemplate\":\"https:\\\/\\\/www.fracturaexpuesta.com.ar\\\/gotan\\\/?s={search_term_string}\"},\"query-input\":{\"@type\":\"PropertyValueSpecification\",\"valueRequired\":true,\"valueName\":\"search_term_string\"}}],\"inLanguage\":\"es-AR\"},{\"@type\":\"Organization\",\"@id\":\"https:\\\/\\\/www.fracturaexpuesta.com.ar\\\/gotan\\\/#organization\",\"name\":\"Fractura Expuesta | Tango!\",\"url\":\"https:\\\/\\\/www.fracturaexpuesta.com.ar\\\/gotan\\\/\",\"logo\":{\"@type\":\"ImageObject\",\"inLanguage\":\"es-AR\",\"@id\":\"https:\\\/\\\/www.fracturaexpuesta.com.ar\\\/gotan\\\/#\\\/schema\\\/logo\\\/image\\\/\",\"url\":\"https:\\\/\\\/www.fracturaexpuesta.com.ar\\\/gotan\\\/wp-content\\\/uploads\\\/2025\\\/03\\\/avatar2centroOK.jpg\",\"contentUrl\":\"https:\\\/\\\/www.fracturaexpuesta.com.ar\\\/gotan\\\/wp-content\\\/uploads\\\/2025\\\/03\\\/avatar2centroOK.jpg\",\"width\":600,\"height\":600,\"caption\":\"Fractura Expuesta | Tango!\"},\"image\":{\"@id\":\"https:\\\/\\\/www.fracturaexpuesta.com.ar\\\/gotan\\\/#\\\/schema\\\/logo\\\/image\\\/\"}},{\"@type\":\"Person\",\"@id\":\"https:\\\/\\\/www.fracturaexpuesta.com.ar\\\/gotan\\\/#\\\/schema\\\/person\\\/d8266939f778485b13ad2174aa9e199e\",\"name\":\"Fractura Expuesta\",\"image\":{\"@type\":\"ImageObject\",\"inLanguage\":\"es-AR\",\"@id\":\"https:\\\/\\\/secure.gravatar.com\\\/avatar\\\/c4bad1eb9f93dd4a42df3aa8b8e8b882ff893fcea188ee15488a845db442d7ec?s=96&d=mm&r=g\",\"url\":\"https:\\\/\\\/secure.gravatar.com\\\/avatar\\\/c4bad1eb9f93dd4a42df3aa8b8e8b882ff893fcea188ee15488a845db442d7ec?s=96&d=mm&r=g\",\"contentUrl\":\"https:\\\/\\\/secure.gravatar.com\\\/avatar\\\/c4bad1eb9f93dd4a42df3aa8b8e8b882ff893fcea188ee15488a845db442d7ec?s=96&d=mm&r=g\",\"caption\":\"Fractura Expuesta\"},\"description\":\"Sitio de tango y noticias culturales. Desde 2003, el espacio referente del tango de estos tiempos.\",\"sameAs\":[\"https:\\\/\\\/www.fracturaexpuesta.com.ar\",\"https:\\\/\\\/www.facebook.com\\\/fracturaexpuestaok\",\"https:\\\/\\\/www.instagram.com\\\/fracturaexpuesta\",\"https:\\\/\\\/x.com\\\/https:\\\/\\\/x.com\\\/fracturatango\",\"https:\\\/\\\/www.youtube.com\\\/channel\\\/UCojA8Q0QDpnncOL8sfTHOHg\"],\"url\":\"https:\\\/\\\/www.fracturaexpuesta.com.ar\\\/gotan\\\/author\\\/fractura-expuesta\\\/\"}]}<\/script>\n<!-- \/ Yoast SEO plugin. -->","yoast_head_json":{"title":"Muri\u00f3 Daniel Melingo, la traves\u00eda de un abrecaminos para el tango &#187; Fractura Expuesta | Tango!","description":"El musico falleci\u00f3 a los 68 a\u00f1os. Desde muy peque\u00f1o, el tango atraves\u00f3 su vida. Luego transit\u00f3 la senda del rock y finalmente retom\u00f3 la huella tanguera para dejar su impronta personal.","robots":{"index":"index","follow":"follow","max-snippet":"max-snippet:-1","max-image-preview":"max-image-preview:large","max-video-preview":"max-video-preview:-1"},"canonical":"https:\/\/www.fracturaexpuesta.com.ar\/gotan\/murio-daniel-melingo-la-travesia-de-un-abrecaminos-para-el-tango\/","og_locale":"es_ES","og_type":"article","og_title":"Muri\u00f3 Daniel Melingo, la traves\u00eda de un abrecaminos para el tango","og_description":"El musico falleci\u00f3 a los 68 a\u00f1os. Desde muy peque\u00f1o, el tango atraves\u00f3 su vida. Luego transit\u00f3 la senda del rock y finalmente retom\u00f3 la huella tanguera para dejar su impronta personal.","og_url":"https:\/\/www.fracturaexpuesta.com.ar\/gotan\/murio-daniel-melingo-la-travesia-de-un-abrecaminos-para-el-tango\/","og_site_name":"Fractura Expuesta | Tango!","article_author":"https:\/\/www.facebook.com\/fracturaexpuestaok","article_published_time":"2026-06-30T15:39:00+00:00","article_modified_time":"2026-07-02T00:57:51+00:00","og_image":[{"width":933,"height":623,"url":"https:\/\/www.fracturaexpuesta.com.ar\/gotan\/wp-content\/uploads\/2026\/07\/daniel-melingo.jpeg","type":"image\/jpeg"}],"author":"Fractura Expuesta","twitter_card":"summary_large_image","twitter_title":"Muri\u00f3 Daniel Melingo, la traves\u00eda de un abrecaminos para el tango","twitter_description":"El musico falleci\u00f3 a los 68 a\u00f1os. Desde muy peque\u00f1o, el tango atraves\u00f3 su vida. Luego transit\u00f3 la senda del rock y finalmente retom\u00f3 la huella tanguera para dejar su impronta personal.","twitter_image":"https:\/\/www.fracturaexpuesta.com.ar\/gotan\/wp-content\/uploads\/2026\/07\/daniel-melingo.jpeg","twitter_creator":"@https:\/\/x.com\/fracturatango","twitter_misc":{"Escrito por":"Fractura Expuesta","Tiempo de lectura":"2 minutos"},"schema":{"@context":"https:\/\/schema.org","@graph":[{"@type":"Article","@id":"https:\/\/www.fracturaexpuesta.com.ar\/gotan\/murio-daniel-melingo-la-travesia-de-un-abrecaminos-para-el-tango\/#article","isPartOf":{"@id":"https:\/\/www.fracturaexpuesta.com.ar\/gotan\/murio-daniel-melingo-la-travesia-de-un-abrecaminos-para-el-tango\/"},"author":{"name":"Fractura Expuesta","@id":"https:\/\/www.fracturaexpuesta.com.ar\/gotan\/#\/schema\/person\/d8266939f778485b13ad2174aa9e199e"},"headline":"Muri\u00f3 Daniel Melingo, la traves\u00eda de un abrecaminos para el tango","datePublished":"2026-06-30T15:39:00+00:00","dateModified":"2026-07-02T00:57:51+00:00","mainEntityOfPage":{"@id":"https:\/\/www.fracturaexpuesta.com.ar\/gotan\/murio-daniel-melingo-la-travesia-de-un-abrecaminos-para-el-tango\/"},"wordCount":313,"commentCount":0,"publisher":{"@id":"https:\/\/www.fracturaexpuesta.com.ar\/gotan\/#organization"},"image":{"@id":"https:\/\/www.fracturaexpuesta.com.ar\/gotan\/murio-daniel-melingo-la-travesia-de-un-abrecaminos-para-el-tango\/#primaryimage"},"thumbnailUrl":"https:\/\/www.fracturaexpuesta.com.ar\/gotan\/wp-content\/uploads\/2026\/07\/daniel-melingo.jpeg","keywords":["daniel melingo"],"articleSection":["Noticias"],"inLanguage":"es-AR","potentialAction":[{"@type":"CommentAction","name":"Comment","target":["https:\/\/www.fracturaexpuesta.com.ar\/gotan\/murio-daniel-melingo-la-travesia-de-un-abrecaminos-para-el-tango\/#respond"]}]},{"@type":"WebPage","@id":"https:\/\/www.fracturaexpuesta.com.ar\/gotan\/murio-daniel-melingo-la-travesia-de-un-abrecaminos-para-el-tango\/","url":"https:\/\/www.fracturaexpuesta.com.ar\/gotan\/murio-daniel-melingo-la-travesia-de-un-abrecaminos-para-el-tango\/","name":"Muri\u00f3 Daniel Melingo, la traves\u00eda de un abrecaminos para el tango &#187; Fractura Expuesta | Tango!","isPartOf":{"@id":"https:\/\/www.fracturaexpuesta.com.ar\/gotan\/#website"},"primaryImageOfPage":{"@id":"https:\/\/www.fracturaexpuesta.com.ar\/gotan\/murio-daniel-melingo-la-travesia-de-un-abrecaminos-para-el-tango\/#primaryimage"},"image":{"@id":"https:\/\/www.fracturaexpuesta.com.ar\/gotan\/murio-daniel-melingo-la-travesia-de-un-abrecaminos-para-el-tango\/#primaryimage"},"thumbnailUrl":"https:\/\/www.fracturaexpuesta.com.ar\/gotan\/wp-content\/uploads\/2026\/07\/daniel-melingo.jpeg","datePublished":"2026-06-30T15:39:00+00:00","dateModified":"2026-07-02T00:57:51+00:00","description":"El musico falleci\u00f3 a los 68 a\u00f1os. Desde muy peque\u00f1o, el tango atraves\u00f3 su vida. Luego transit\u00f3 la senda del rock y finalmente retom\u00f3 la huella tanguera para dejar su impronta personal.","breadcrumb":{"@id":"https:\/\/www.fracturaexpuesta.com.ar\/gotan\/murio-daniel-melingo-la-travesia-de-un-abrecaminos-para-el-tango\/#breadcrumb"},"inLanguage":"es-AR","potentialAction":[{"@type":"ReadAction","target":["https:\/\/www.fracturaexpuesta.com.ar\/gotan\/murio-daniel-melingo-la-travesia-de-un-abrecaminos-para-el-tango\/"]}]},{"@type":"ImageObject","inLanguage":"es-AR","@id":"https:\/\/www.fracturaexpuesta.com.ar\/gotan\/murio-daniel-melingo-la-travesia-de-un-abrecaminos-para-el-tango\/#primaryimage","url":"https:\/\/www.fracturaexpuesta.com.ar\/gotan\/wp-content\/uploads\/2026\/07\/daniel-melingo.jpeg","contentUrl":"https:\/\/www.fracturaexpuesta.com.ar\/gotan\/wp-content\/uploads\/2026\/07\/daniel-melingo.jpeg","width":933,"height":623,"caption":"Daniel Melingo"},{"@type":"BreadcrumbList","@id":"https:\/\/www.fracturaexpuesta.com.ar\/gotan\/murio-daniel-melingo-la-travesia-de-un-abrecaminos-para-el-tango\/#breadcrumb","itemListElement":[{"@type":"ListItem","position":1,"name":"Inicio","item":"https:\/\/www.fracturaexpuesta.com.ar\/gotan\/"},{"@type":"ListItem","position":2,"name":"Muri\u00f3 Daniel Melingo, la traves\u00eda de un abrecaminos para el tango"}]},{"@type":"WebSite","@id":"https:\/\/www.fracturaexpuesta.com.ar\/gotan\/#website","url":"https:\/\/www.fracturaexpuesta.com.ar\/gotan\/","name":"Fractura Expuesta | Tango!","description":"","publisher":{"@id":"https:\/\/www.fracturaexpuesta.com.ar\/gotan\/#organization"},"potentialAction":[{"@type":"SearchAction","target":{"@type":"EntryPoint","urlTemplate":"https:\/\/www.fracturaexpuesta.com.ar\/gotan\/?s={search_term_string}"},"query-input":{"@type":"PropertyValueSpecification","valueRequired":true,"valueName":"search_term_string"}}],"inLanguage":"es-AR"},{"@type":"Organization","@id":"https:\/\/www.fracturaexpuesta.com.ar\/gotan\/#organization","name":"Fractura Expuesta | Tango!","url":"https:\/\/www.fracturaexpuesta.com.ar\/gotan\/","logo":{"@type":"ImageObject","inLanguage":"es-AR","@id":"https:\/\/www.fracturaexpuesta.com.ar\/gotan\/#\/schema\/logo\/image\/","url":"https:\/\/www.fracturaexpuesta.com.ar\/gotan\/wp-content\/uploads\/2025\/03\/avatar2centroOK.jpg","contentUrl":"https:\/\/www.fracturaexpuesta.com.ar\/gotan\/wp-content\/uploads\/2025\/03\/avatar2centroOK.jpg","width":600,"height":600,"caption":"Fractura Expuesta | Tango!"},"image":{"@id":"https:\/\/www.fracturaexpuesta.com.ar\/gotan\/#\/schema\/logo\/image\/"}},{"@type":"Person","@id":"https:\/\/www.fracturaexpuesta.com.ar\/gotan\/#\/schema\/person\/d8266939f778485b13ad2174aa9e199e","name":"Fractura Expuesta","image":{"@type":"ImageObject","inLanguage":"es-AR","@id":"https:\/\/secure.gravatar.com\/avatar\/c4bad1eb9f93dd4a42df3aa8b8e8b882ff893fcea188ee15488a845db442d7ec?s=96&d=mm&r=g","url":"https:\/\/secure.gravatar.com\/avatar\/c4bad1eb9f93dd4a42df3aa8b8e8b882ff893fcea188ee15488a845db442d7ec?s=96&d=mm&r=g","contentUrl":"https:\/\/secure.gravatar.com\/avatar\/c4bad1eb9f93dd4a42df3aa8b8e8b882ff893fcea188ee15488a845db442d7ec?s=96&d=mm&r=g","caption":"Fractura Expuesta"},"description":"Sitio de tango y noticias culturales. Desde 2003, el espacio referente del tango de estos tiempos.","sameAs":["https:\/\/www.fracturaexpuesta.com.ar","https:\/\/www.facebook.com\/fracturaexpuestaok","https:\/\/www.instagram.com\/fracturaexpuesta","https:\/\/x.com\/https:\/\/x.com\/fracturatango","https:\/\/www.youtube.com\/channel\/UCojA8Q0QDpnncOL8sfTHOHg"],"url":"https:\/\/www.fracturaexpuesta.com.ar\/gotan\/author\/fractura-expuesta\/"}]}},"_links":{"self":[{"href":"https:\/\/www.fracturaexpuesta.com.ar\/gotan\/wp-json\/wp\/v2\/posts\/6399","targetHints":{"allow":["GET"]}}],"collection":[{"href":"https:\/\/www.fracturaexpuesta.com.ar\/gotan\/wp-json\/wp\/v2\/posts"}],"about":[{"href":"https:\/\/www.fracturaexpuesta.com.ar\/gotan\/wp-json\/wp\/v2\/types\/post"}],"author":[{"embeddable":true,"href":"https:\/\/www.fracturaexpuesta.com.ar\/gotan\/wp-json\/wp\/v2\/users\/1"}],"replies":[{"embeddable":true,"href":"https:\/\/www.fracturaexpuesta.com.ar\/gotan\/wp-json\/wp\/v2\/comments?post=6399"}],"version-history":[{"count":2,"href":"https:\/\/www.fracturaexpuesta.com.ar\/gotan\/wp-json\/wp\/v2\/posts\/6399\/revisions"}],"predecessor-version":[{"id":6402,"href":"https:\/\/www.fracturaexpuesta.com.ar\/gotan\/wp-json\/wp\/v2\/posts\/6399\/revisions\/6402"}],"wp:featuredmedia":[{"embeddable":true,"href":"https:\/\/www.fracturaexpuesta.com.ar\/gotan\/wp-json\/wp\/v2\/media\/6400"}],"wp:attachment":[{"href":"https:\/\/www.fracturaexpuesta.com.ar\/gotan\/wp-json\/wp\/v2\/media?parent=6399"}],"wp:term":[{"taxonomy":"category","embeddable":true,"href":"https:\/\/www.fracturaexpuesta.com.ar\/gotan\/wp-json\/wp\/v2\/categories?post=6399"},{"taxonomy":"post_tag","embeddable":true,"href":"https:\/\/www.fracturaexpuesta.com.ar\/gotan\/wp-json\/wp\/v2\/tags?post=6399"}],"curies":[{"name":"wp","href":"https:\/\/api.w.org\/{rel}","templated":true}]}}