{"id":6416,"date":"2026-07-05T12:08:03","date_gmt":"2026-07-05T15:08:03","guid":{"rendered":"https:\/\/www.fracturaexpuesta.com.ar\/gotan\/?p=6416"},"modified":"2026-07-05T12:28:57","modified_gmt":"2026-07-05T15:28:57","slug":"chifladas-tango-y-agustin-guerrero-quinteto-se-unen-en-vertigo-extremo","status":"publish","type":"post","link":"https:\/\/www.fracturaexpuesta.com.ar\/gotan\/chifladas-tango-y-agustin-guerrero-quinteto-se-unen-en-vertigo-extremo\/","title":{"rendered":"Chifladas Tango y Agust\u00edn Guerrero Quinteto se unen en &#8220;V\u00e9rtigo extremo&#8221;"},"content":{"rendered":"\n<p class=\"wp-block-paragraph\">&#8220;V\u00e9rtigo extremo&#8221; es la nueva colaboraci\u00f3n entre Chifladas Tango y el Agust\u00edn Guerrero Quinteto, una producci\u00f3n que re\u00fane la grabaci\u00f3n y filmaci\u00f3n de obras que dialogan a partir del encuentro de dos universos art\u00edsticos.<\/p>\n\n\n\n<p class=\"wp-block-paragraph\">La alianza de ambos grupos presenta renovadas versiones de &#8220;V\u00e9rtigo&#8221;, composici\u00f3n de Camila Mandirola Lucci incluida en el disco <em>Desborde <\/em>de Chifladas Tango, y &#8220;Deportes extremos&#8221;, obra de Agust\u00edn Guerrero con poes\u00eda de Pablo Marchetti, perteneciente al disco-libro <em>Estupidez<\/em>.<\/p>\n\n\n\n<figure class=\"wp-block-embed is-type-video is-provider-youtube wp-block-embed-youtube wp-embed-aspect-16-9 wp-has-aspect-ratio\"><div class=\"wp-block-embed__wrapper\">\n<iframe loading=\"lazy\" title=\"V\u00c9RTIGO- Chifladas Tango + Agust\u00edn Guerrero Quinteto\" width=\"1170\" height=\"658\" src=\"https:\/\/www.youtube.com\/embed\/WsWM3DKlPwE?feature=oembed\" frameborder=\"0\" allow=\"accelerometer; autoplay; clipboard-write; encrypted-media; gyroscope; picture-in-picture; web-share\" referrerpolicy=\"strict-origin-when-cross-origin\" allowfullscreen><\/iframe>\n<\/div><\/figure>\n\n\n\n<p class=\"wp-block-paragraph\">Ambas piezas son reinterpretadas desde una formaci\u00f3n especialmente concebida para la ocasi\u00f3n, integrada por dos flautas traversas, flauta contralto, clarinete, clarinete bajo, bandone\u00f3n, guitarra el\u00e9ctrica, piano\/sintetizador, bajo, bater\u00eda y voz.<\/p>\n\n\n\n<p class=\"wp-block-paragraph\">Las reversiones lanzadas hace pocos d\u00edas agregan al trabajo musical la voz de Flor Cozzani en &#8220;V\u00e9rtigo&#8221; y el recitado de Pablo Marchetti en &#8220;Deportes extremos&#8221;, impulsando as\u00ed un cuadro que atraviesa la m\u00fasica, la palabra y la escena.<\/p>\n\n\n\n<figure class=\"wp-block-embed is-type-video is-provider-youtube wp-block-embed-youtube wp-embed-aspect-16-9 wp-has-aspect-ratio\"><div class=\"wp-block-embed__wrapper\">\n<iframe loading=\"lazy\" title=\"DEPORTES EXTREMOS - Agust\u00edn Guerrero Quinteto + Chifladas Tango\" width=\"1170\" height=\"658\" src=\"https:\/\/www.youtube.com\/embed\/LwdT0aFs5xY?feature=oembed\" frameborder=\"0\" allow=\"accelerometer; autoplay; clipboard-write; encrypted-media; gyroscope; picture-in-picture; web-share\" referrerpolicy=\"strict-origin-when-cross-origin\" allowfullscreen><\/iframe>\n<\/div><\/figure>\n\n\n\n<p class=\"wp-block-paragraph\">M\u00e1s que una colaboraci\u00f3n puntual, V\u00e9rtigo extremo representa el encuentro de dos proyectos comprometidos con el desarrollo del tango del siglo XXI. Una iniciativa que se apoya en la b\u00fasqueda est\u00e9tica compartida y en una concepci\u00f3n del trabajo colectivo como motor de la creaci\u00f3n art\u00edstica. Una obra en com\u00fan.<\/p>\n\n\n\n<div style=\"height:10px\" aria-hidden=\"true\" class=\"wp-block-spacer\"><\/div>\n","protected":false},"excerpt":{"rendered":"<p>Dos referentes del tango contempor\u00e1neo ensamblan sus espacios creativos en una propuesta que combina m\u00fasica, palabra y experimentaci\u00f3n sonora.<\/p>\n","protected":false},"author":1,"featured_media":6417,"comment_status":"open","ping_status":"open","sticky":false,"template":"","format":"standard","meta":{"footnotes":""},"categories":[122],"tags":[318,317],"class_list":["post-6416","post","type-post","status-publish","format-standard","has-post-thumbnail","hentry","category-radar-tango","tag-agustin-guerrero-quinteto","tag-chifladas-tango"],"yoast_head":"<!-- This site is optimized with the Yoast SEO plugin v28.3 - https:\/\/yoast.com\/product\/yoast-seo-wordpress\/ -->\n<title>Chifladas Tango y Agust\u00edn Guerrero Quinteto se unen en &quot;V\u00e9rtigo extremo&quot; &#187; Fractura Expuesta | Tango!<\/title>\n<meta name=\"description\" content=\"Dos referentes del tango contempor\u00e1neo ensamblan sus espacios creativos en una propuesta que combina m\u00fasica, palabra y experimentaci\u00f3n sonora.\" \/>\n<meta name=\"robots\" content=\"index, follow, max-snippet:-1, max-image-preview:large, max-video-preview:-1\" \/>\n<link rel=\"canonical\" href=\"https:\/\/www.fracturaexpuesta.com.ar\/gotan\/chifladas-tango-y-agustin-guerrero-quinteto-se-unen-en-vertigo-extremo\/\" \/>\n<meta property=\"og:locale\" content=\"es_ES\" \/>\n<meta property=\"og:type\" content=\"article\" \/>\n<meta property=\"og:title\" content=\"Chifladas Tango y Agust\u00edn Guerrero Quinteto se unen en &quot;V\u00e9rtigo extremo&quot;\" \/>\n<meta property=\"og:description\" content=\"Dos referentes del tango contempor\u00e1neo ensamblan sus espacios creativos en una propuesta que combina m\u00fasica, palabra y experimentaci\u00f3n sonora.\" \/>\n<meta property=\"og:url\" content=\"https:\/\/www.fracturaexpuesta.com.ar\/gotan\/chifladas-tango-y-agustin-guerrero-quinteto-se-unen-en-vertigo-extremo\/\" \/>\n<meta property=\"og:site_name\" content=\"Fractura Expuesta | Tango!\" \/>\n<meta property=\"article:author\" content=\"https:\/\/www.facebook.com\/fracturaexpuestaok\" \/>\n<meta property=\"article:published_time\" content=\"2026-07-05T15:08:03+00:00\" \/>\n<meta property=\"article:modified_time\" content=\"2026-07-05T15:28:57+00:00\" \/>\n<meta property=\"og:image\" content=\"https:\/\/www.fracturaexpuesta.com.ar\/gotan\/wp-content\/uploads\/2026\/07\/Vertigo-Extremo-Grupal.jpg\" \/>\n\t<meta property=\"og:image:width\" content=\"1549\" \/>\n\t<meta property=\"og:image:height\" content=\"1015\" \/>\n\t<meta property=\"og:image:type\" content=\"image\/jpeg\" \/>\n<meta name=\"author\" content=\"Fractura Expuesta\" \/>\n<meta name=\"twitter:card\" content=\"summary_large_image\" \/>\n<meta name=\"twitter:title\" content=\"Chifladas Tango y Agust\u00edn Guerrero Quinteto se unen en &quot;V\u00e9rtigo extremo&quot;\" \/>\n<meta name=\"twitter:description\" content=\"Dos referentes del tango contempor\u00e1neo ensamblan sus espacios creativos en una propuesta que combina m\u00fasica, palabra y experimentaci\u00f3n sonora.\" \/>\n<meta name=\"twitter:image\" content=\"https:\/\/www.fracturaexpuesta.com.ar\/gotan\/wp-content\/uploads\/2026\/07\/Vertigo-Extremo-Grupal.jpg\" \/>\n<meta name=\"twitter:creator\" content=\"@https:\/\/x.com\/fracturatango\" \/>\n<meta name=\"twitter:label1\" content=\"Escrito por\" \/>\n\t<meta name=\"twitter:data1\" content=\"Fractura Expuesta\" \/>\n\t<meta name=\"twitter:label2\" content=\"Tiempo de lectura\" \/>\n\t<meta name=\"twitter:data2\" content=\"2 minutos\" \/>\n<script type=\"application\/ld+json\" class=\"yoast-schema-graph\">{\"@context\":\"https:\\\/\\\/schema.org\",\"@graph\":[{\"@type\":\"Article\",\"@id\":\"https:\\\/\\\/www.fracturaexpuesta.com.ar\\\/gotan\\\/chifladas-tango-y-agustin-guerrero-quinteto-se-unen-en-vertigo-extremo\\\/#article\",\"isPartOf\":{\"@id\":\"https:\\\/\\\/www.fracturaexpuesta.com.ar\\\/gotan\\\/chifladas-tango-y-agustin-guerrero-quinteto-se-unen-en-vertigo-extremo\\\/\"},\"author\":{\"name\":\"Fractura Expuesta\",\"@id\":\"https:\\\/\\\/www.fracturaexpuesta.com.ar\\\/gotan\\\/#\\\/schema\\\/person\\\/d8266939f778485b13ad2174aa9e199e\"},\"headline\":\"Chifladas Tango y Agust\u00edn Guerrero Quinteto se unen en &#8220;V\u00e9rtigo extremo&#8221;\",\"datePublished\":\"2026-07-05T15:08:03+00:00\",\"dateModified\":\"2026-07-05T15:28:57+00:00\",\"mainEntityOfPage\":{\"@id\":\"https:\\\/\\\/www.fracturaexpuesta.com.ar\\\/gotan\\\/chifladas-tango-y-agustin-guerrero-quinteto-se-unen-en-vertigo-extremo\\\/\"},\"wordCount\":251,\"commentCount\":0,\"publisher\":{\"@id\":\"https:\\\/\\\/www.fracturaexpuesta.com.ar\\\/gotan\\\/#organization\"},\"image\":{\"@id\":\"https:\\\/\\\/www.fracturaexpuesta.com.ar\\\/gotan\\\/chifladas-tango-y-agustin-guerrero-quinteto-se-unen-en-vertigo-extremo\\\/#primaryimage\"},\"thumbnailUrl\":\"https:\\\/\\\/www.fracturaexpuesta.com.ar\\\/gotan\\\/wp-content\\\/uploads\\\/2026\\\/07\\\/Vertigo-Extremo-Grupal.jpg\",\"keywords\":[\"agustin guerrero quinteto\",\"chifladas tango\"],\"articleSection\":[\"Radar Tango\"],\"inLanguage\":\"es-AR\",\"potentialAction\":[{\"@type\":\"CommentAction\",\"name\":\"Comment\",\"target\":[\"https:\\\/\\\/www.fracturaexpuesta.com.ar\\\/gotan\\\/chifladas-tango-y-agustin-guerrero-quinteto-se-unen-en-vertigo-extremo\\\/#respond\"]}]},{\"@type\":\"WebPage\",\"@id\":\"https:\\\/\\\/www.fracturaexpuesta.com.ar\\\/gotan\\\/chifladas-tango-y-agustin-guerrero-quinteto-se-unen-en-vertigo-extremo\\\/\",\"url\":\"https:\\\/\\\/www.fracturaexpuesta.com.ar\\\/gotan\\\/chifladas-tango-y-agustin-guerrero-quinteto-se-unen-en-vertigo-extremo\\\/\",\"name\":\"Chifladas Tango y Agust\u00edn Guerrero Quinteto se unen en \\\"V\u00e9rtigo extremo\\\" &#187; Fractura Expuesta | Tango!\",\"isPartOf\":{\"@id\":\"https:\\\/\\\/www.fracturaexpuesta.com.ar\\\/gotan\\\/#website\"},\"primaryImageOfPage\":{\"@id\":\"https:\\\/\\\/www.fracturaexpuesta.com.ar\\\/gotan\\\/chifladas-tango-y-agustin-guerrero-quinteto-se-unen-en-vertigo-extremo\\\/#primaryimage\"},\"image\":{\"@id\":\"https:\\\/\\\/www.fracturaexpuesta.com.ar\\\/gotan\\\/chifladas-tango-y-agustin-guerrero-quinteto-se-unen-en-vertigo-extremo\\\/#primaryimage\"},\"thumbnailUrl\":\"https:\\\/\\\/www.fracturaexpuesta.com.ar\\\/gotan\\\/wp-content\\\/uploads\\\/2026\\\/07\\\/Vertigo-Extremo-Grupal.jpg\",\"datePublished\":\"2026-07-05T15:08:03+00:00\",\"dateModified\":\"2026-07-05T15:28:57+00:00\",\"description\":\"Dos referentes del tango contempor\u00e1neo ensamblan sus espacios creativos en una propuesta que combina m\u00fasica, palabra y experimentaci\u00f3n sonora.\",\"breadcrumb\":{\"@id\":\"https:\\\/\\\/www.fracturaexpuesta.com.ar\\\/gotan\\\/chifladas-tango-y-agustin-guerrero-quinteto-se-unen-en-vertigo-extremo\\\/#breadcrumb\"},\"inLanguage\":\"es-AR\",\"potentialAction\":[{\"@type\":\"ReadAction\",\"target\":[\"https:\\\/\\\/www.fracturaexpuesta.com.ar\\\/gotan\\\/chifladas-tango-y-agustin-guerrero-quinteto-se-unen-en-vertigo-extremo\\\/\"]}]},{\"@type\":\"ImageObject\",\"inLanguage\":\"es-AR\",\"@id\":\"https:\\\/\\\/www.fracturaexpuesta.com.ar\\\/gotan\\\/chifladas-tango-y-agustin-guerrero-quinteto-se-unen-en-vertigo-extremo\\\/#primaryimage\",\"url\":\"https:\\\/\\\/www.fracturaexpuesta.com.ar\\\/gotan\\\/wp-content\\\/uploads\\\/2026\\\/07\\\/Vertigo-Extremo-Grupal.jpg\",\"contentUrl\":\"https:\\\/\\\/www.fracturaexpuesta.com.ar\\\/gotan\\\/wp-content\\\/uploads\\\/2026\\\/07\\\/Vertigo-Extremo-Grupal.jpg\",\"width\":1549,\"height\":1015,\"caption\":\"Chifladas Tango y Agust\u00edn Guerrero Quinteto\"},{\"@type\":\"BreadcrumbList\",\"@id\":\"https:\\\/\\\/www.fracturaexpuesta.com.ar\\\/gotan\\\/chifladas-tango-y-agustin-guerrero-quinteto-se-unen-en-vertigo-extremo\\\/#breadcrumb\",\"itemListElement\":[{\"@type\":\"ListItem\",\"position\":1,\"name\":\"Inicio\",\"item\":\"https:\\\/\\\/www.fracturaexpuesta.com.ar\\\/gotan\\\/\"},{\"@type\":\"ListItem\",\"position\":2,\"name\":\"Chifladas Tango y Agust\u00edn Guerrero Quinteto se unen en &#8220;V\u00e9rtigo extremo&#8221;\"}]},{\"@type\":\"WebSite\",\"@id\":\"https:\\\/\\\/www.fracturaexpuesta.com.ar\\\/gotan\\\/#website\",\"url\":\"https:\\\/\\\/www.fracturaexpuesta.com.ar\\\/gotan\\\/\",\"name\":\"Fractura Expuesta | Tango!\",\"description\":\"\",\"publisher\":{\"@id\":\"https:\\\/\\\/www.fracturaexpuesta.com.ar\\\/gotan\\\/#organization\"},\"potentialAction\":[{\"@type\":\"SearchAction\",\"target\":{\"@type\":\"EntryPoint\",\"urlTemplate\":\"https:\\\/\\\/www.fracturaexpuesta.com.ar\\\/gotan\\\/?s={search_term_string}\"},\"query-input\":{\"@type\":\"PropertyValueSpecification\",\"valueRequired\":true,\"valueName\":\"search_term_string\"}}],\"inLanguage\":\"es-AR\"},{\"@type\":\"Organization\",\"@id\":\"https:\\\/\\\/www.fracturaexpuesta.com.ar\\\/gotan\\\/#organization\",\"name\":\"Fractura Expuesta | Tango!\",\"url\":\"https:\\\/\\\/www.fracturaexpuesta.com.ar\\\/gotan\\\/\",\"logo\":{\"@type\":\"ImageObject\",\"inLanguage\":\"es-AR\",\"@id\":\"https:\\\/\\\/www.fracturaexpuesta.com.ar\\\/gotan\\\/#\\\/schema\\\/logo\\\/image\\\/\",\"url\":\"https:\\\/\\\/www.fracturaexpuesta.com.ar\\\/gotan\\\/wp-content\\\/uploads\\\/2025\\\/03\\\/avatar2centroOK.jpg\",\"contentUrl\":\"https:\\\/\\\/www.fracturaexpuesta.com.ar\\\/gotan\\\/wp-content\\\/uploads\\\/2025\\\/03\\\/avatar2centroOK.jpg\",\"width\":600,\"height\":600,\"caption\":\"Fractura Expuesta | Tango!\"},\"image\":{\"@id\":\"https:\\\/\\\/www.fracturaexpuesta.com.ar\\\/gotan\\\/#\\\/schema\\\/logo\\\/image\\\/\"}},{\"@type\":\"Person\",\"@id\":\"https:\\\/\\\/www.fracturaexpuesta.com.ar\\\/gotan\\\/#\\\/schema\\\/person\\\/d8266939f778485b13ad2174aa9e199e\",\"name\":\"Fractura Expuesta\",\"image\":{\"@type\":\"ImageObject\",\"inLanguage\":\"es-AR\",\"@id\":\"https:\\\/\\\/secure.gravatar.com\\\/avatar\\\/c4bad1eb9f93dd4a42df3aa8b8e8b882ff893fcea188ee15488a845db442d7ec?s=96&d=mm&r=g\",\"url\":\"https:\\\/\\\/secure.gravatar.com\\\/avatar\\\/c4bad1eb9f93dd4a42df3aa8b8e8b882ff893fcea188ee15488a845db442d7ec?s=96&d=mm&r=g\",\"contentUrl\":\"https:\\\/\\\/secure.gravatar.com\\\/avatar\\\/c4bad1eb9f93dd4a42df3aa8b8e8b882ff893fcea188ee15488a845db442d7ec?s=96&d=mm&r=g\",\"caption\":\"Fractura Expuesta\"},\"description\":\"Sitio de tango y noticias culturales. Desde 2003, el espacio referente del tango de estos tiempos.\",\"sameAs\":[\"https:\\\/\\\/www.fracturaexpuesta.com.ar\",\"https:\\\/\\\/www.facebook.com\\\/fracturaexpuestaok\",\"https:\\\/\\\/www.instagram.com\\\/fracturaexpuesta\",\"https:\\\/\\\/x.com\\\/https:\\\/\\\/x.com\\\/fracturatango\",\"https:\\\/\\\/www.youtube.com\\\/channel\\\/UCojA8Q0QDpnncOL8sfTHOHg\"],\"url\":\"https:\\\/\\\/www.fracturaexpuesta.com.ar\\\/gotan\\\/author\\\/fractura-expuesta\\\/\"}]}<\/script>\n<!-- \/ Yoast SEO plugin. -->","yoast_head_json":{"title":"Chifladas Tango y Agust\u00edn Guerrero Quinteto se unen en \"V\u00e9rtigo extremo\" &#187; Fractura Expuesta | Tango!","description":"Dos referentes del tango contempor\u00e1neo ensamblan sus espacios creativos en una propuesta que combina m\u00fasica, palabra y experimentaci\u00f3n sonora.","robots":{"index":"index","follow":"follow","max-snippet":"max-snippet:-1","max-image-preview":"max-image-preview:large","max-video-preview":"max-video-preview:-1"},"canonical":"https:\/\/www.fracturaexpuesta.com.ar\/gotan\/chifladas-tango-y-agustin-guerrero-quinteto-se-unen-en-vertigo-extremo\/","og_locale":"es_ES","og_type":"article","og_title":"Chifladas Tango y Agust\u00edn Guerrero Quinteto se unen en \"V\u00e9rtigo extremo\"","og_description":"Dos referentes del tango contempor\u00e1neo ensamblan sus espacios creativos en una propuesta que combina m\u00fasica, palabra y experimentaci\u00f3n sonora.","og_url":"https:\/\/www.fracturaexpuesta.com.ar\/gotan\/chifladas-tango-y-agustin-guerrero-quinteto-se-unen-en-vertigo-extremo\/","og_site_name":"Fractura Expuesta | Tango!","article_author":"https:\/\/www.facebook.com\/fracturaexpuestaok","article_published_time":"2026-07-05T15:08:03+00:00","article_modified_time":"2026-07-05T15:28:57+00:00","og_image":[{"width":1549,"height":1015,"url":"https:\/\/www.fracturaexpuesta.com.ar\/gotan\/wp-content\/uploads\/2026\/07\/Vertigo-Extremo-Grupal.jpg","type":"image\/jpeg"}],"author":"Fractura Expuesta","twitter_card":"summary_large_image","twitter_title":"Chifladas Tango y Agust\u00edn Guerrero Quinteto se unen en \"V\u00e9rtigo extremo\"","twitter_description":"Dos referentes del tango contempor\u00e1neo ensamblan sus espacios creativos en una propuesta que combina m\u00fasica, palabra y experimentaci\u00f3n sonora.","twitter_image":"https:\/\/www.fracturaexpuesta.com.ar\/gotan\/wp-content\/uploads\/2026\/07\/Vertigo-Extremo-Grupal.jpg","twitter_creator":"@https:\/\/x.com\/fracturatango","twitter_misc":{"Escrito por":"Fractura Expuesta","Tiempo de lectura":"2 minutos"},"schema":{"@context":"https:\/\/schema.org","@graph":[{"@type":"Article","@id":"https:\/\/www.fracturaexpuesta.com.ar\/gotan\/chifladas-tango-y-agustin-guerrero-quinteto-se-unen-en-vertigo-extremo\/#article","isPartOf":{"@id":"https:\/\/www.fracturaexpuesta.com.ar\/gotan\/chifladas-tango-y-agustin-guerrero-quinteto-se-unen-en-vertigo-extremo\/"},"author":{"name":"Fractura Expuesta","@id":"https:\/\/www.fracturaexpuesta.com.ar\/gotan\/#\/schema\/person\/d8266939f778485b13ad2174aa9e199e"},"headline":"Chifladas Tango y Agust\u00edn Guerrero Quinteto se unen en &#8220;V\u00e9rtigo extremo&#8221;","datePublished":"2026-07-05T15:08:03+00:00","dateModified":"2026-07-05T15:28:57+00:00","mainEntityOfPage":{"@id":"https:\/\/www.fracturaexpuesta.com.ar\/gotan\/chifladas-tango-y-agustin-guerrero-quinteto-se-unen-en-vertigo-extremo\/"},"wordCount":251,"commentCount":0,"publisher":{"@id":"https:\/\/www.fracturaexpuesta.com.ar\/gotan\/#organization"},"image":{"@id":"https:\/\/www.fracturaexpuesta.com.ar\/gotan\/chifladas-tango-y-agustin-guerrero-quinteto-se-unen-en-vertigo-extremo\/#primaryimage"},"thumbnailUrl":"https:\/\/www.fracturaexpuesta.com.ar\/gotan\/wp-content\/uploads\/2026\/07\/Vertigo-Extremo-Grupal.jpg","keywords":["agustin guerrero quinteto","chifladas tango"],"articleSection":["Radar Tango"],"inLanguage":"es-AR","potentialAction":[{"@type":"CommentAction","name":"Comment","target":["https:\/\/www.fracturaexpuesta.com.ar\/gotan\/chifladas-tango-y-agustin-guerrero-quinteto-se-unen-en-vertigo-extremo\/#respond"]}]},{"@type":"WebPage","@id":"https:\/\/www.fracturaexpuesta.com.ar\/gotan\/chifladas-tango-y-agustin-guerrero-quinteto-se-unen-en-vertigo-extremo\/","url":"https:\/\/www.fracturaexpuesta.com.ar\/gotan\/chifladas-tango-y-agustin-guerrero-quinteto-se-unen-en-vertigo-extremo\/","name":"Chifladas Tango y Agust\u00edn Guerrero Quinteto se unen en \"V\u00e9rtigo extremo\" &#187; Fractura Expuesta | Tango!","isPartOf":{"@id":"https:\/\/www.fracturaexpuesta.com.ar\/gotan\/#website"},"primaryImageOfPage":{"@id":"https:\/\/www.fracturaexpuesta.com.ar\/gotan\/chifladas-tango-y-agustin-guerrero-quinteto-se-unen-en-vertigo-extremo\/#primaryimage"},"image":{"@id":"https:\/\/www.fracturaexpuesta.com.ar\/gotan\/chifladas-tango-y-agustin-guerrero-quinteto-se-unen-en-vertigo-extremo\/#primaryimage"},"thumbnailUrl":"https:\/\/www.fracturaexpuesta.com.ar\/gotan\/wp-content\/uploads\/2026\/07\/Vertigo-Extremo-Grupal.jpg","datePublished":"2026-07-05T15:08:03+00:00","dateModified":"2026-07-05T15:28:57+00:00","description":"Dos referentes del tango contempor\u00e1neo ensamblan sus espacios creativos en una propuesta que combina m\u00fasica, palabra y experimentaci\u00f3n sonora.","breadcrumb":{"@id":"https:\/\/www.fracturaexpuesta.com.ar\/gotan\/chifladas-tango-y-agustin-guerrero-quinteto-se-unen-en-vertigo-extremo\/#breadcrumb"},"inLanguage":"es-AR","potentialAction":[{"@type":"ReadAction","target":["https:\/\/www.fracturaexpuesta.com.ar\/gotan\/chifladas-tango-y-agustin-guerrero-quinteto-se-unen-en-vertigo-extremo\/"]}]},{"@type":"ImageObject","inLanguage":"es-AR","@id":"https:\/\/www.fracturaexpuesta.com.ar\/gotan\/chifladas-tango-y-agustin-guerrero-quinteto-se-unen-en-vertigo-extremo\/#primaryimage","url":"https:\/\/www.fracturaexpuesta.com.ar\/gotan\/wp-content\/uploads\/2026\/07\/Vertigo-Extremo-Grupal.jpg","contentUrl":"https:\/\/www.fracturaexpuesta.com.ar\/gotan\/wp-content\/uploads\/2026\/07\/Vertigo-Extremo-Grupal.jpg","width":1549,"height":1015,"caption":"Chifladas Tango y Agust\u00edn Guerrero Quinteto"},{"@type":"BreadcrumbList","@id":"https:\/\/www.fracturaexpuesta.com.ar\/gotan\/chifladas-tango-y-agustin-guerrero-quinteto-se-unen-en-vertigo-extremo\/#breadcrumb","itemListElement":[{"@type":"ListItem","position":1,"name":"Inicio","item":"https:\/\/www.fracturaexpuesta.com.ar\/gotan\/"},{"@type":"ListItem","position":2,"name":"Chifladas Tango y Agust\u00edn Guerrero Quinteto se unen en &#8220;V\u00e9rtigo extremo&#8221;"}]},{"@type":"WebSite","@id":"https:\/\/www.fracturaexpuesta.com.ar\/gotan\/#website","url":"https:\/\/www.fracturaexpuesta.com.ar\/gotan\/","name":"Fractura Expuesta | Tango!","description":"","publisher":{"@id":"https:\/\/www.fracturaexpuesta.com.ar\/gotan\/#organization"},"potentialAction":[{"@type":"SearchAction","target":{"@type":"EntryPoint","urlTemplate":"https:\/\/www.fracturaexpuesta.com.ar\/gotan\/?s={search_term_string}"},"query-input":{"@type":"PropertyValueSpecification","valueRequired":true,"valueName":"search_term_string"}}],"inLanguage":"es-AR"},{"@type":"Organization","@id":"https:\/\/www.fracturaexpuesta.com.ar\/gotan\/#organization","name":"Fractura Expuesta | Tango!","url":"https:\/\/www.fracturaexpuesta.com.ar\/gotan\/","logo":{"@type":"ImageObject","inLanguage":"es-AR","@id":"https:\/\/www.fracturaexpuesta.com.ar\/gotan\/#\/schema\/logo\/image\/","url":"https:\/\/www.fracturaexpuesta.com.ar\/gotan\/wp-content\/uploads\/2025\/03\/avatar2centroOK.jpg","contentUrl":"https:\/\/www.fracturaexpuesta.com.ar\/gotan\/wp-content\/uploads\/2025\/03\/avatar2centroOK.jpg","width":600,"height":600,"caption":"Fractura Expuesta | Tango!"},"image":{"@id":"https:\/\/www.fracturaexpuesta.com.ar\/gotan\/#\/schema\/logo\/image\/"}},{"@type":"Person","@id":"https:\/\/www.fracturaexpuesta.com.ar\/gotan\/#\/schema\/person\/d8266939f778485b13ad2174aa9e199e","name":"Fractura Expuesta","image":{"@type":"ImageObject","inLanguage":"es-AR","@id":"https:\/\/secure.gravatar.com\/avatar\/c4bad1eb9f93dd4a42df3aa8b8e8b882ff893fcea188ee15488a845db442d7ec?s=96&d=mm&r=g","url":"https:\/\/secure.gravatar.com\/avatar\/c4bad1eb9f93dd4a42df3aa8b8e8b882ff893fcea188ee15488a845db442d7ec?s=96&d=mm&r=g","contentUrl":"https:\/\/secure.gravatar.com\/avatar\/c4bad1eb9f93dd4a42df3aa8b8e8b882ff893fcea188ee15488a845db442d7ec?s=96&d=mm&r=g","caption":"Fractura Expuesta"},"description":"Sitio de tango y noticias culturales. Desde 2003, el espacio referente del tango de estos tiempos.","sameAs":["https:\/\/www.fracturaexpuesta.com.ar","https:\/\/www.facebook.com\/fracturaexpuestaok","https:\/\/www.instagram.com\/fracturaexpuesta","https:\/\/x.com\/https:\/\/x.com\/fracturatango","https:\/\/www.youtube.com\/channel\/UCojA8Q0QDpnncOL8sfTHOHg"],"url":"https:\/\/www.fracturaexpuesta.com.ar\/gotan\/author\/fractura-expuesta\/"}]}},"_links":{"self":[{"href":"https:\/\/www.fracturaexpuesta.com.ar\/gotan\/wp-json\/wp\/v2\/posts\/6416","targetHints":{"allow":["GET"]}}],"collection":[{"href":"https:\/\/www.fracturaexpuesta.com.ar\/gotan\/wp-json\/wp\/v2\/posts"}],"about":[{"href":"https:\/\/www.fracturaexpuesta.com.ar\/gotan\/wp-json\/wp\/v2\/types\/post"}],"author":[{"embeddable":true,"href":"https:\/\/www.fracturaexpuesta.com.ar\/gotan\/wp-json\/wp\/v2\/users\/1"}],"replies":[{"embeddable":true,"href":"https:\/\/www.fracturaexpuesta.com.ar\/gotan\/wp-json\/wp\/v2\/comments?post=6416"}],"version-history":[{"count":5,"href":"https:\/\/www.fracturaexpuesta.com.ar\/gotan\/wp-json\/wp\/v2\/posts\/6416\/revisions"}],"predecessor-version":[{"id":6422,"href":"https:\/\/www.fracturaexpuesta.com.ar\/gotan\/wp-json\/wp\/v2\/posts\/6416\/revisions\/6422"}],"wp:featuredmedia":[{"embeddable":true,"href":"https:\/\/www.fracturaexpuesta.com.ar\/gotan\/wp-json\/wp\/v2\/media\/6417"}],"wp:attachment":[{"href":"https:\/\/www.fracturaexpuesta.com.ar\/gotan\/wp-json\/wp\/v2\/media?parent=6416"}],"wp:term":[{"taxonomy":"category","embeddable":true,"href":"https:\/\/www.fracturaexpuesta.com.ar\/gotan\/wp-json\/wp\/v2\/categories?post=6416"},{"taxonomy":"post_tag","embeddable":true,"href":"https:\/\/www.fracturaexpuesta.com.ar\/gotan\/wp-json\/wp\/v2\/tags?post=6416"}],"curies":[{"name":"wp","href":"https:\/\/api.w.org\/{rel}","templated":true}]}}