{"id":6498,"date":"2026-08-13T15:43:06","date_gmt":"2026-08-13T18:43:06","guid":{"rendered":"https:\/\/www.fracturaexpuesta.com.ar\/gotan\/?p=6498"},"modified":"2026-08-23T22:48:12","modified_gmt":"2026-08-24T01:48:12","slug":"tango-ba-2026-todos-los-conciertos-del-festival-dia-por-dia","status":"publish","type":"post","link":"https:\/\/www.fracturaexpuesta.com.ar\/gotan\/tango-ba-2026-todos-los-conciertos-del-festival-dia-por-dia\/","title":{"rendered":"Tango BA 2026: todos los conciertos del Festival, d\u00eda por d\u00eda"},"content":{"rendered":"\n<p class=\"wp-block-paragraph\">Buenos Aires se prepara para volver a ser el epicentro mundial del tango con una nueva edici\u00f3n de Tango BA Festival y Mundial, que se realizar\u00e1 del <strong>19 de agosto al 2 de septiembre<\/strong>.<\/p>\n\n\n\n<p class=\"wp-block-paragraph\">Junto con la siempre vistosa y atractiva competencia que congregar\u00e1 a bailarines de distintos pa\u00edses a trav\u00e9s del Mundial, el<strong> Festival<\/strong> despliega por su parte una extensa grilla de <strong>conciertos<\/strong> que presenta a artistas consagrados y emergentes del tango argentino.<\/p>\n\n\n\n<p class=\"wp-block-paragraph\"><em>Fractura Expuesta<\/em> compil\u00f3 <strong>todos los conciertos del Festival de Tango 2026<\/strong> para ofrecerlos mediante una diagramaci\u00f3n de <strong>d\u00eda por d\u00eda<\/strong>.<\/p>\n\n\n\n<figure class=\"wp-block-image size-full\"><img loading=\"lazy\" decoding=\"async\" width=\"1000\" height=\"800\" src=\"https:\/\/www.fracturaexpuesta.com.ar\/gotan\/wp-content\/uploads\/2026\/08\/Festival-y-Mundial-Tango-BA-2026.jpg\" alt=\"\" class=\"wp-image-6500\" srcset=\"https:\/\/www.fracturaexpuesta.com.ar\/gotan\/wp-content\/uploads\/2026\/08\/Festival-y-Mundial-Tango-BA-2026.jpg 1000w, https:\/\/www.fracturaexpuesta.com.ar\/gotan\/wp-content\/uploads\/2026\/08\/Festival-y-Mundial-Tango-BA-2026-300x240.jpg 300w, https:\/\/www.fracturaexpuesta.com.ar\/gotan\/wp-content\/uploads\/2026\/08\/Festival-y-Mundial-Tango-BA-2026-768x614.jpg 768w, https:\/\/www.fracturaexpuesta.com.ar\/gotan\/wp-content\/uploads\/2026\/08\/Festival-y-Mundial-Tango-BA-2026-60x48.jpg 60w, https:\/\/www.fracturaexpuesta.com.ar\/gotan\/wp-content\/uploads\/2026\/08\/Festival-y-Mundial-Tango-BA-2026-480x384.jpg 480w\" sizes=\"auto, (max-width: 1000px) 100vw, 1000px\" \/><figcaption class=\"wp-element-caption\">Tango BA <em>Festival y Mundial de Tango<\/em><\/figcaption><\/figure>\n\n\n\n<h2 class=\"wp-block-heading\">La agenda de conciertos del Festival de Tango 2026<\/h2>\n\n\n<h3>\ud83d\udfea Mi\u00e9rcoles 19 de agosto<\/h3>\n<p><em>Apertura del Festival de Tango 2026<\/em><br \/><strong>Orquesta del Tango de Buenos Aires <\/strong><br \/><strong>Direcci\u00f3n: N\u00e9stor Marconi y Juan Carlos Cuacci <\/strong><br \/><strong>Invitada: Milagros Amud<\/strong><br \/><strong>Abel Pintos y Vicentico junto a Pablo Agri y la Camerata Argentina<\/strong><br \/><strong>Direcci\u00f3n: Cristian Z\u00e1rate<\/strong><br \/>Usina del Arte &#8211; Agust\u00edn R. Caffarena 1 \u2013 20 hs.<br \/>***<\/p>\n<h3>\ud83d\udfea Jueves 20 de agosto<\/h3>\n<p><strong>Quinteto del \u00c1ngel<\/strong><br \/>Teatro Col\u00f3n (Sal\u00f3n Dorado) \u2013 Libertad 621 \u2013 17.30 hs.<br \/>***<br \/><strong>Orquesta T\u00edpica Sans Souci<\/strong><br \/>Teatro San Mart\u00edn \u2013 Av. Corrientes 1530 &#8211; 18 hs.<br \/>***<br \/><strong>Agust\u00edn Lumerman y La Bicicleta de Saturno<\/strong><br \/>(El bombo con platillo en el tango)<br \/>Academia Nacional del Tango &#8211; Av. de Mayo 833 &#8211; 18 hs.<br \/>***<br \/><strong>Fleurs Noires<\/strong> <br \/>Usina del Arte &#8211; Agust\u00edn R. Caffarena 1 \u2013 19 hs.<br \/>***<br \/><strong>Mart\u00edn Alvarado con Gerardo Villar &amp; Los Aguirre<\/strong><br \/>Centro Cultural 25 de Mayo &#8211; Av. Triunvirato 4444 &#8211; 19 hs.<br \/>***<br \/><strong>Orquesta de Tango de la UNA<\/strong><br \/>Centro Cultural Recoleta &#8211; Jun\u00edn 1930 \u2013 19.30 hs.<br \/>***<br \/><strong>Orquesta Escuela de Tango Emilio Balcarce<\/strong><br \/>Teatro San Mart\u00edn \u2013 Av. Corrientes 1530 &#8211; 20 hs.<br \/>***<br \/><strong>Banda Sinf\u00f3nica de la Ciudad<\/strong><br \/>Usina del Arte &#8211; Agust\u00edn R. Caffarena 1 \u2013 20 hs.<br \/>***<br \/><strong>Pepe Col\u00e1ngelo Quinteto<\/strong><br \/>Centro Cultural 25 de Mayo &#8211; Av. Triunvirato 4444 &#8211; 20 hs.<\/p>\n<h3>\ud83d\udfea Viernes 21 de agosto<\/h3>\n<p><strong>Fats Fern\u00e1ndez en tiempo de tango<\/strong><br \/>Teatro San Mart\u00edn \u2013 Av. Corrientes 1530 &#8211; 18 hs.<br \/>***<br \/><strong>Las guitarras sensibles de Flores<\/strong><br \/>Academia Nacional del Tango &#8211; Av. de Mayo 833 &#8211; 18 hs.<br \/>***<br \/><strong>Hugo Rivas y quinteto de cuerdas<\/strong><br \/>Usina del Arte &#8211; Agust\u00edn R. Caffarena 1 \u2013 19 hs.<br \/>***<br \/><strong>Mica Sancho<\/strong><br \/>Centro Cultural 25 de Mayo &#8211; Av. Triunvirato 4444 &#8211; 19 hs.<br \/>***<br \/><strong>Grupo \u00dasuga Larroqu\u00e9t<\/strong><br \/>Saint Moritz \u2013 Esmeralda 890 &#8211; 19 hs.<br \/>***<br \/><strong>Quatrotango<\/strong><br \/>Centro Cultural Recoleta &#8211; Jun\u00edn 1930 \u2013 19.30 hs.<br \/>***<br \/><strong>Sandra Mihanovich canta tangos<\/strong><br \/>Teatro San Mart\u00edn \u2013 Av. Corrientes 1530 &#8211; 20 hs.<br \/>***<br \/><strong>V\u00edctor Lavall\u00e9n Orquesta T\u00edpica<\/strong><br \/>Usina del Arte &#8211; Agust\u00edn R. Caffarena 1 \u2013 20 hs.<br \/>***<br \/><strong>Pablo Ramos &amp; Los Herederos del Comp\u00e1s<\/strong><br \/>Casa de la Cultura &#8211; Av. de Mayo 575 \u2013 20 hs.<br \/>***<br \/><strong>Quinteto Revolucionario<\/strong><br \/>Centro Cultural 25 de Mayo &#8211; Av. Triunvirato 4444 &#8211; 20 hs.<\/p>\n\n\n<figure class=\"wp-block-image size-large\"><a href=\"https:\/\/www.fracturaexpuesta.com.ar\/doblearadio\/\" target=\"_blank\" rel=\" noreferrer noopener\"><img loading=\"lazy\" decoding=\"async\" width=\"1024\" height=\"146\" src=\"https:\/\/www.fracturaexpuesta.com.ar\/gotan\/wp-content\/uploads\/2025\/03\/FOOTER-AVISO-DOBLE-A-1024x146.png\" alt=\"\" class=\"wp-image-4146\" srcset=\"https:\/\/www.fracturaexpuesta.com.ar\/gotan\/wp-content\/uploads\/2025\/03\/FOOTER-AVISO-DOBLE-A-1024x146.png 1024w, https:\/\/www.fracturaexpuesta.com.ar\/gotan\/wp-content\/uploads\/2025\/03\/FOOTER-AVISO-DOBLE-A-300x43.png 300w, https:\/\/www.fracturaexpuesta.com.ar\/gotan\/wp-content\/uploads\/2025\/03\/FOOTER-AVISO-DOBLE-A-768x110.png 768w, https:\/\/www.fracturaexpuesta.com.ar\/gotan\/wp-content\/uploads\/2025\/03\/FOOTER-AVISO-DOBLE-A-60x9.png 60w, https:\/\/www.fracturaexpuesta.com.ar\/gotan\/wp-content\/uploads\/2025\/03\/FOOTER-AVISO-DOBLE-A.png 1400w\" sizes=\"auto, (max-width: 1024px) 100vw, 1024px\" \/><\/a><\/figure>\n\n\n\n<figure class=\"wp-block-image size-full\"><img loading=\"lazy\" decoding=\"async\" width=\"827\" height=\"586\" src=\"https:\/\/www.fracturaexpuesta.com.ar\/gotan\/wp-content\/uploads\/2025\/08\/nestor-marconi.jpg\" alt=\"\" class=\"wp-image-5273\" srcset=\"https:\/\/www.fracturaexpuesta.com.ar\/gotan\/wp-content\/uploads\/2025\/08\/nestor-marconi.jpg 827w, https:\/\/www.fracturaexpuesta.com.ar\/gotan\/wp-content\/uploads\/2025\/08\/nestor-marconi-300x213.jpg 300w, https:\/\/www.fracturaexpuesta.com.ar\/gotan\/wp-content\/uploads\/2025\/08\/nestor-marconi-768x544.jpg 768w, https:\/\/www.fracturaexpuesta.com.ar\/gotan\/wp-content\/uploads\/2025\/08\/nestor-marconi-60x43.jpg 60w\" sizes=\"auto, (max-width: 827px) 100vw, 827px\" \/><figcaption class=\"wp-element-caption\"><em><mark style=\"background-color:rgba(0, 0, 0, 0)\" class=\"has-inline-color has-black-color\">N\u00e9stor Marconi<\/mark><\/em><\/figcaption><\/figure>\n\n\n<h3>\ud83d\udfea S\u00e1bado 22 de agosto<\/h3>\n<p><strong>Cuarteto D\u2019Cot\u00e9<\/strong><br \/>Usina del Arte &#8211; Agust\u00edn R. Caffarena 1 \u2013 16 hs.<br \/>***<br \/><strong>Esteban Riera, Hern\u00e1n Genovese y Jes\u00fas Hidalgo<\/strong><br \/>Anfiteatro del Parque Centenario &#8211; Leopoldo Marechal 832 \u2013 16 hs.<br \/>***<br \/><em>El Bondi Tanguero<\/em><br \/><strong>Quinteto de La Academia,<\/strong><br \/><strong>Orquesta T\u00edpica Malv\u00f3n<\/strong><br \/><strong>La Empedrada<\/strong> <br \/>Planetario \u2013 17 hs.<br \/>***<br \/><strong>Mirta \u00c1lvarez &amp; CoronaCuartet<\/strong><br \/>Teatro San Mart\u00edn \u2013 Av. Corrientes 1530 &#8211; 18 hs.<br \/>***<br \/><strong>Las guitarras sensibles de Flores<\/strong><br \/>Academia Nacional del Tango &#8211; Av. de Mayo 833 &#8211; 18 hs.<br \/>***<br \/><strong>Hern\u00e1n Reinaudo<\/strong> presenta: Marechal, una cartograf\u00eda de Villa Crespo<br \/>Espacio Cultural Ad\u00e1n Buenosayres &#8211; Av. Eva Per\u00f3n 1400 \u2013 18 hs.<br \/>***<br \/><strong>Sandra Luna<\/strong><br \/>Usina del Arte &#8211; Agust\u00edn R. Caffarena 1 \u2013 19 hs.<br \/>***<br \/><strong>Tabar\u00e9 Leyton<\/strong><br \/>Centro Cultural 25 de Mayo &#8211; Av. Triunvirato 4444 &#8211; 19 hs.<br \/>***<br \/><strong>Adriana Varela<\/strong><br \/>Cine Teatro El Plata &#8211; Av. Juan Bautista Alberdi 5765 \u2013 19 hs.<br \/>***<br \/><strong>Manga. M\u00fasica de Juan Pablo Greco<\/strong><br \/>Academia Nacional del Tango &#8211; Av. de Mayo 833 &#8211; 19 hs.<br \/>***<br \/><strong>Quiero 24<\/strong><br \/>Espacio Cultural Juli\u00e1n Centeya &#8211; Av. San Juan 3255 \u2013 19 hs.<br \/>***<br \/><strong>Ullmann Cuarteto<\/strong><br \/>Centro Cultural Recoleta &#8211; Jun\u00edn 1930 \u2013 19.30 hs.<br \/>***<br \/><strong>Nico Sor\u00edn: Piazzolla electr\u00f3nico<\/strong><br \/>Teatro San Mart\u00edn \u2013 Av. Corrientes 1530 &#8211; 20 hs.<br \/>***<br \/><strong>Guillermo Fern\u00e1ndez<\/strong><br \/>Usina del Arte &#8211; Agust\u00edn R. Caffarena 1 \u2013 20 hs.<br \/>***<br \/><strong>Orquesta del Plata<\/strong><br \/>Centro Cultural 25 de Mayo &#8211; Av. Triunvirato 4444 &#8211; 20 hs.<br \/>***<br \/><strong>Orquesta T\u00edpica Pichuco<\/strong><br \/>Casa de la Cultura &#8211; Av. de Mayo 575 \u2013 20 hs.<br \/>***<br \/><strong>Fern\u00e1ndez Fierro<\/strong><br \/>Teatro Gran Rivadavia &#8211; Av. Rivadavia 8636 \u2013 20 hs.<br \/>***<br \/><strong>Uma &amp; Cruz<\/strong><br \/>Gato Negro &#8211; Av. Corrientes 1669 \u2013 21 hs.<\/p>\n<h3>\ud83d\udfea Domingo 23 de agosto<\/h3>\n<p><strong>Leonardo Marconi Cuarteto<\/strong><br \/>Teatro Col\u00f3n (Sal\u00f3n Dorado) \u2013 Libertad 621 \u2013 11 hs.<br \/>***<br \/><strong>Carla Algeri Quinteto<\/strong><br \/>Usina del Arte &#8211; Agust\u00edn R. Caffarena 1 &#8211; 16 hs.<br \/>***<br \/><strong>Black Rodr\u00edguez M\u00e9ndez y S\u00faper Sioux Orquesta<\/strong><br \/>Anfiteatro del Parque Centenario &#8211; Leopoldo Marechal 832 \u2013 16 hs.<br \/>***<br \/><strong>Tr\u00edo Ledesma &#8211; Gainche &#8211; De M\u00f3naco<\/strong><br \/>Teatro San Mart\u00edn \u2013 Av. Corrientes 1530 &#8211; 18 hs.<br \/>***<br \/><strong>Julia Zenko<\/strong><br \/>Cine Teatro El Plata &#8211; Av. Juan Bautista Alberdi 5765 \u2013 18 hs.<br \/>***<br \/><strong>Enrique Espinosa<\/strong><br \/>Academia Nacional del Tango &#8211; Av. de Mayo 833 &#8211; 18 hs.<br \/>***<br \/><strong>Cuarteto Summa Tanguera<\/strong> <br \/>Espacio Cultural Juli\u00e1n Centeya &#8211; Av. San Juan 3255 \u2013 18 hs.<br \/>***<br \/><strong>Nahuel Roht Cuarteto y D\u00fao Tello-Echeveste<\/strong><br \/>Espacio Cultural Ad\u00e1n Buenosayres &#8211; Av. Eva Per\u00f3n 1400 \u2013 18 hs.<br \/>***<br \/><strong>Pablo Valle<\/strong><br \/>Usina del Arte &#8211; Agust\u00edn R. Caffarena 1 \u2013 19 hs.<br \/>***<br \/><strong>Lumi\u00e8re Quinteto<\/strong><br \/>Centro Cultural Recoleta &#8211; Jun\u00edn 1930 \u2013 19.30 hs.<br \/>***<br \/>Borges 40 a\u00f1os<br \/><strong>Con Lautaro Mazza, Ariel Pirotti y orquesta<\/strong><br \/><strong>Direcci\u00f3n: Nicol\u00e1s Guerschberg<\/strong><br \/>Teatro San Mart\u00edn \u2013 Av. Corrientes 1530 &#8211; 20 hs.<br \/>***<br \/><strong>Maggie Cullen y Quinteto La Grela<\/strong><br \/>Centro Cultural 25 de Mayo &#8211; Av. Triunvirato 4444 &#8211; 20 hs.<br \/>***<br \/><strong>Elegante Sport<\/strong><br \/>Casa de la Cultura &#8211; Av. de Mayo 575 \u2013 20 hs.<br \/>***<br \/><strong>Luis Salinas<\/strong><br \/>Auditorio de Belgrano &#8211; Virrey Loreto 2348 \u2013 20 hs.<\/p>\n<h3>\ud83d\udfea Lunes 24 de agosto<\/h3>\n<p><strong>Quinteto TangoContempo<\/strong><br \/>Teatro San Mart\u00edn \u2013 Av. Corrientes 1530 &#8211; 16 hs.<br \/>***<br \/><strong>Ensamble Cl\u00e1sico: La m\u00fasica de Astor Piazzolla<\/strong><br \/>Teatro Col\u00f3n (Sal\u00f3n Dorado) \u2013 Libertad 621 \u2013 17.30 hs.<br \/>***<br \/><strong>Mar\u00eda Garay<\/strong><br \/>Academia Nacional del Tango &#8211; Av. de Mayo 833 &#8211; 18 hs.<br \/>***<br \/><strong>An\u00edbal Berraute<\/strong><br \/>Usina del Arte &#8211; Agust\u00edn R. Caffarena 1 \u2013 19 hs.<br \/>***<br \/><strong>Karina Beorlegui Cuarteto<\/strong><br \/>Centro Cultural 25 de Mayo &#8211; Av. Triunvirato 4444 &#8211; 19 hs.<br \/>***<br \/><strong>Los P\u00faa Abajo<\/strong><br \/>Plaza Dorrego \u2013 San Telmo \u2013 19 hs.<br \/>***<br \/><strong>Orquesta El Arranque<\/strong><br \/>Centro Cultural 25 de Mayo &#8211; Av. Triunvirato 4444 &#8211; 20 hs.<br \/>***<br \/><strong>Fernando Otero Orquesta T\u00edpica<\/strong><br \/>Casa de la Cultura &#8211; Av. de Mayo 575 \u2013 20 hs.<\/p>\n\n\n<figure class=\"wp-block-image size-full\"><img loading=\"lazy\" decoding=\"async\" width=\"950\" height=\"600\" src=\"https:\/\/www.fracturaexpuesta.com.ar\/gotan\/wp-content\/uploads\/2025\/08\/Pablo-Estigarribia-Tangomorphosis.png\" alt=\"Pablo Estigarribia\" class=\"wp-image-5210\" srcset=\"https:\/\/www.fracturaexpuesta.com.ar\/gotan\/wp-content\/uploads\/2025\/08\/Pablo-Estigarribia-Tangomorphosis.png 950w, https:\/\/www.fracturaexpuesta.com.ar\/gotan\/wp-content\/uploads\/2025\/08\/Pablo-Estigarribia-Tangomorphosis-300x189.png 300w, https:\/\/www.fracturaexpuesta.com.ar\/gotan\/wp-content\/uploads\/2025\/08\/Pablo-Estigarribia-Tangomorphosis-768x485.png 768w, https:\/\/www.fracturaexpuesta.com.ar\/gotan\/wp-content\/uploads\/2025\/08\/Pablo-Estigarribia-Tangomorphosis-60x38.png 60w\" sizes=\"auto, (max-width: 950px) 100vw, 950px\" \/><figcaption class=\"wp-element-caption\"><em><mark style=\"background-color:rgba(0, 0, 0, 0)\" class=\"has-inline-color has-black-color\">Pablo Estigarribia<\/mark><\/em><\/figcaption><\/figure>\n\n\n<h3>\ud83d\udfea Martes 25 de agosto<\/h3>\n<p><strong>C\u00e9sar Angeleri Cuarteto<\/strong><br \/>Teatro Col\u00f3n (Sal\u00f3n Dorado) \u2013 Libertad 621 \u2013 17.30 hs.<br \/>***<br \/><strong>Orquesta Color Tango<\/strong><br \/>Teatro San Mart\u00edn \u2013 Av. Corrientes 1530 &#8211; 18 hs.<br \/>***<br \/><strong>Negro Fal\u00f3tico y Mat\u00edas \u00c1lvarez<\/strong><br \/>Usina del Arte &#8211; Agust\u00edn R. Caffarena 1 \u2013 19 hs.<br \/>***<br \/><strong>Jes\u00fas Hidalgo y Mat\u00edas Feigin<\/strong><br \/>Centro Cultural 25 de Mayo &#8211; Av. Triunvirato 4444 &#8211; 19 hs.<br \/>***<br \/><strong>Otros Aires<\/strong><br \/>Casa de la Cultura &#8211; Av. de Mayo 575 \u2013 19.30 hs.<br \/>***<br \/><strong>Lisandro Adrover Quinteto<\/strong><br \/>Centro Cultural 25 de Mayo &#8211; Av. Triunvirato 4444 &#8211; 20 hs.<br \/>***<br \/><strong>Quinteto Chiqu\u00e9!<\/strong><br \/>Casa de la Cultura &#8211; Av. de Mayo 575 \u2013 20 hs.<\/p>\n<h3>\ud83d\udfea Mi\u00e9rcoles 26 de agosto<\/h3>\n<p><strong>Franco Luciani y Fabrizio Mocata<\/strong><br \/>Teatro Col\u00f3n (Sal\u00f3n Dorado) \u2013 Libertad 621 \u2013 17.30 hs.<br \/>***<br \/><strong>Quintetas del Brass<\/strong><br \/>Teatro San Mart\u00edn \u2013 Av. Corrientes 1530 &#8211; 18 hs.<br \/>***<br \/><strong>Cuarteto Grande<\/strong><br \/>Usina del Arte &#8211; Agust\u00edn R. Caffarena 1 \u2013 19 hs.<br \/>***<br \/><strong>Lautaro Mazza y Oscar De El\u00eda<\/strong><br \/>Centro Cultural 25 de Mayo &#8211; Av. Triunvirato 4444 &#8211; 19 hs.<br \/>***<br \/><strong>Pablo Estigarribia: Tangomorphosis<\/strong><br \/>Centro Cultural Recoleta &#8211; Jun\u00edn 1930 \u2013 19.30 hs.<br \/>***<br \/><strong>Orquesta T\u00edpica Misteriosa Buenos Aires<\/strong><br \/>Centro Cultural 25 de Mayo &#8211; Av. Triunvirato 4444 &#8211; 20 hs.<br \/>***<br \/><strong>Orquesta T\u00edpica Sentimental y Canyengue<\/strong><br \/>Casa de la Cultura &#8211; Av. de Mayo 575 \u2013 20 hs.<br \/>***<br \/><strong>Sciammarella Tango<\/strong><br \/>La Academia &#8211; Montevideo 341 \u2013 20 hs.<\/p>\n<h3>\ud83d\udfea Jueves 27 de agosto<\/h3>\n<p><strong>Ensamble Argentum: Las 8 estaciones porte\u00f1as<\/strong><br \/>Teatro Col\u00f3n (Sal\u00f3n Dorado) \u2013 Libertad 621 \u2013 17.30 hs.<br \/>***<br \/><strong>Luis Ceravolo 4<\/strong><br \/>Teatro San Mart\u00edn \u2013 Av. Corrientes 1530 &#8211; 18 hs.<br \/>***<br \/><strong>Adriana Nano y Ricardo Zan\u00f3n<\/strong> <br \/>Academia Nacional del Tango &#8211; Av. de Mayo 833 &#8211; 18 hs.<br \/>***<br \/><strong>Walter R\u00edos<\/strong><br \/>Usina del Arte &#8211; Agust\u00edn R. Caffarena 1 \u2013 19 hs.<br \/>***<br \/><strong>Ver\u00f3nika Silva y C\u00e9sar Angeleri<\/strong><br \/>Centro Cultural 25 de Mayo &#8211; Av. Triunvirato 4444 &#8211; 19 hs.<br \/>***<br \/><strong>Juli\u00e1n Peralta, Mariano Gonz\u00e1lez Calo y Cuerdas del Plata:<\/strong> Suite Sof\u00eda y los sue\u00f1os<br \/>Centro Cultural Recoleta &#8211; Jun\u00edn 1930 \u2013 19.30 hs.<br \/>***<br \/><strong>Carlos Libedinsky Electrotango Sinf\u00f3nico<\/strong><br \/>Centro Cultural 25 de Mayo &#8211; Av. Triunvirato 4444 &#8211; 20 hs.<br \/>***<br \/><strong>Orquesta T\u00edpica Messiez<\/strong><br \/>Casa de la Cultura &#8211; Av. de Mayo 575 \u2013 20 hs.<br \/>***<br \/><strong>Baglietto &#8211; Vitale<\/strong> <br \/>Teatro Gran Rivadavia &#8211; Av. Rivadavia 8636 \u2013 20 hs.<br \/>***<br \/><strong>La Juan D\u2019Arienzo<\/strong><br \/>Teatro Devoto &#8211; Av. Lincoln 3815 &#8211; 20 hs.<br \/>***<br \/><strong>Shino Ohnaga y Ernestina Inveninato<\/strong><br \/>El Viejo Buz\u00f3n &#8211; Neuqu\u00e9n 1100 \u2013 20 hs.<\/p>\n\n\n<figure class=\"wp-block-image size-large\"><img loading=\"lazy\" decoding=\"async\" width=\"1024\" height=\"683\" src=\"https:\/\/www.fracturaexpuesta.com.ar\/gotan\/wp-content\/uploads\/2025\/03\/Color-Tango-1-1024x683.jpg\" alt=\"\" class=\"wp-image-4228\" srcset=\"https:\/\/www.fracturaexpuesta.com.ar\/gotan\/wp-content\/uploads\/2025\/03\/Color-Tango-1-1024x683.jpg 1024w, https:\/\/www.fracturaexpuesta.com.ar\/gotan\/wp-content\/uploads\/2025\/03\/Color-Tango-1-300x200.jpg 300w, https:\/\/www.fracturaexpuesta.com.ar\/gotan\/wp-content\/uploads\/2025\/03\/Color-Tango-1-768x512.jpg 768w, https:\/\/www.fracturaexpuesta.com.ar\/gotan\/wp-content\/uploads\/2025\/03\/Color-Tango-1-1536x1024.jpg 1536w, https:\/\/www.fracturaexpuesta.com.ar\/gotan\/wp-content\/uploads\/2025\/03\/Color-Tango-1-60x40.jpg 60w, https:\/\/www.fracturaexpuesta.com.ar\/gotan\/wp-content\/uploads\/2025\/03\/Color-Tango-1-720x480.jpg 720w, https:\/\/www.fracturaexpuesta.com.ar\/gotan\/wp-content\/uploads\/2025\/03\/Color-Tango-1.jpg 1920w\" sizes=\"auto, (max-width: 1024px) 100vw, 1024px\" \/><figcaption class=\"wp-element-caption\"><mark style=\"background-color:rgba(0, 0, 0, 0)\" class=\"has-inline-color has-black-color\"><em>Color Tango<\/em><\/mark><\/figcaption><\/figure>\n\n\n<h3>\ud83d\udfea Viernes 28 de agosto<\/h3>\n<p><strong>D\u00fao Ryota Komatsu &#8211; Hiroki Fukui<\/strong><br \/>Teatro Col\u00f3n (Sal\u00f3n Dorado) \u2013 Libertad 621 \u2013 17.30 hs.<br \/>***<br \/><strong>Spinettango<\/strong><br \/>Usina del Arte &#8211; Agust\u00edn R. Caffarena 1 \u2013 16 hs.<br \/>***<br \/><strong>Orquesta de Tango de la EMPA<\/strong><br \/>Teatro San Mart\u00edn \u2013 Av. Corrientes 1530 &#8211; 18 hs.<br \/>***<br \/><strong>Mar\u00eda Jos\u00e9 Mentana<\/strong><br \/>Academia Nacional del Tango &#8211; Av. de Mayo 833 &#8211; 18 hs.<br \/>***<br \/><strong>Noelia Moncada Quinteto<\/strong><br \/>Centro Cultural 25 de Mayo &#8211; Av. Triunvirato 4444 &#8211; 19 hs.<br \/>***<br \/><strong>Orquesta de Tango del Falla<\/strong><br \/>Centro Cultural Recoleta &#8211; Jun\u00edn 1930 \u2013 19.30 hs.<br \/>***<br \/><strong>Orquesta del Tango de Buenos Aires<\/strong><br \/>Centro Cultural 25 de Mayo &#8211; Av. Triunvirato 4444 &#8211; 20 hs.<br \/>***<br \/><strong>La Martino Orquesta T\u00edpica<\/strong><br \/>Casa de la Cultura &#8211; Av. de Mayo 575 \u2013 20 hs.<br \/>***<br \/><strong>Ensamble de bandoneones. Director: N\u00e9stor Marconi<\/strong><br \/>El Caf\u00e9 de Garc\u00eda &#8211; Sanabria 3302 \u2013 20 hs.<br \/>***<br \/><strong>Falta Envido Tango y DJ Jos\u00e9 Lucchino<\/strong><br \/>Espacio Cultural El Resurgimiento &#8211; Artigas 2262 \u2013 20 hs.<br \/>***<br \/><strong>Cucuza: El tango vuelve al barrio<\/strong><br \/>Bar El Faro \u2013 Av. Constituyentes 4099 \u2013 21.30 hs.<\/p>\n<h3>\ud83d\udfea S\u00e1bado 29 de agosto<\/h3>\n<p><strong>Juan Pablo Navarro Cuarteto<\/strong><br \/>Usina del Arte &#8211; Agust\u00edn R. Caffarena 1 \u2013 16 hs.<br \/>***<br \/><strong>Orquestas Escuela de La Academia Tango Club<\/strong><br \/>Anfiteatro del Parque Centenario &#8211; Leopoldo Marechal 832 \u2013 16 hs.<br \/>***<br \/><strong>Gustavo Casenave<\/strong><br \/>Teatro Col\u00f3n (Sal\u00f3n Dorado) \u2013 Libertad 621 \u2013 17.30 hs.<br \/>***<br \/><strong>Tangorra<\/strong><br \/>Teatro San Mart\u00edn \u2013 Av. Corrientes 1530 &#8211; 18 hs.<br \/>***<br \/><strong>L\u00e1zaro C\u00f3caro &amp; Dipi Kvitko<\/strong> <br \/>Academia Nacional del Tango &#8211; Av. de Mayo 833 &#8211; 18 hs.<br \/>***<br \/><strong>Quinteto Negro La Boca<\/strong><br \/>Espacio Cultural Carlos Gardel &#8211; Olleros 3640 \u2013 18 hs.<br \/>***<br \/><strong>Tr\u00edo Romo &#8211; Agri &#8211; Messiez<\/strong><br \/>Usina del Arte &#8211; Agust\u00edn R. Caffarena 1 \u2013 19 hs.<br \/>***<br \/><strong>Eliana Sosa Cuarteto<\/strong><br \/>Centro Cultural 25 de Mayo &#8211; Av. Triunvirato 4444 &#8211; 19 hs.<br \/>***<br \/><strong>Patricia Barone y Javier Gonz\u00e1lez Grupo<\/strong> <br \/>Cine Teatro El Plata &#8211; Av. Juan Bautista Alberdi 5765 \u2013 19 hs.<br \/>***<br \/><strong>Daisy Lombardo con Ramiro Gallo Quinteto<\/strong><br \/>Espacio Cultural El Resurgimiento &#8211; Artigas 2262 \u2013 19 hs.<br \/>***<br \/><strong>Julieta Laso<\/strong><br \/>Centro Cultural Recoleta &#8211; Jun\u00edn 1930 \u2013 19.30 hs.<br \/>***<br \/><strong>Pablo Jaurena<\/strong><br \/>Usina del Arte &#8211; Agust\u00edn R. Caffarena 1 \u2013 20 hs.<br \/>***<br \/><strong>Ryota Komatsu Quinteto<\/strong><br \/>Centro Cultural 25 de Mayo &#8211; Av. Triunvirato 4444 &#8211; 20 hs.<br \/>***<br \/><strong>Alfredo Piro Rinaldi<\/strong><br \/>Las Violetas &#8211; Rivadavia 3899 -22 hs.<\/p>\n<h3>\ud83d\udfea Domingo 30 de agosto<\/h3>\n<p><strong>En Des\u00f3rbita<\/strong><br \/>Usina del Arte &#8211; Agust\u00edn R. Caffarena 1 \u2013 16 hs.<br \/>***<br \/><strong>Despelotango<\/strong><br \/>Anfiteatro del Parque Centenario &#8211; Leopoldo Marechal 832 \u2013 16 hs.<br \/>***<br \/><strong>N\u00e9stor Marconi Tr\u00edo<\/strong><br \/>Teatro Col\u00f3n (Sal\u00f3n Dorado) \u2013 Libertad 621 \u2013 17.30 hs.<br \/>***<br \/><strong>Anal\u00eda Goldberg Septeto<\/strong><br \/>Teatro San Mart\u00edn \u2013 Av. Corrientes 1530 &#8211; 18 hs.<br \/>***<br \/><strong>Esteban Morgado Cuarteto<\/strong><br \/>Cine Teatro El Plata &#8211; Av. Juan Bautista Alberdi 5765 \u2013 18 hs.<br \/>***<br \/><strong>Patricia Malanca y Walter Romero<\/strong> <br \/>Academia Nacional del Tango &#8211; Av. de Mayo 833 &#8211; 18 hs.<br \/>***<br \/><strong>Madreselva Quinteto y Natsuki Nishihara<\/strong><br \/>Espacio Cultural Carlos Gardel &#8211; Olleros 3640 \u2013 18 hs.<br \/>***<br \/><strong>L\u00e1zaro C\u00f3caro<\/strong><br \/>Museo Casa Carlos Gardel &#8211; Jean Jaures 735 &#8211; 18 hs.<br \/>***<br \/><strong>Hern\u00e1n Possetti<\/strong><br \/>Usina del Arte &#8211; Agust\u00edn R. Caffarena 1 \u2013 19 hs.<br \/>***<br \/><strong>Victoria De Paolo y Roberto Calvo<\/strong><br \/>Caf\u00e9 Rivas &#8211; Estados Unidos 302 \u2013 19 hs.<br \/>***<br \/><strong>Noelia Sinkunas<\/strong><br \/>Centro Cultural Recoleta &#8211; Jun\u00edn 1930 \u2013 19.30 hs.<br \/>***<br \/><em>Cierre del Festival de Tango 2026<\/em><br \/><strong>Sexteto Mayor<\/strong><br \/><strong>Invitados: Ryota Komatsu Quinteto y Jos\u00e9 \u201cPepe\u201d Col\u00e1ngelo<\/strong><br \/>Teatro Col\u00f3n \u2013 Libertad 621 &#8211; 20 hs.<br \/>***<br \/><strong>Fabio Hager Sexteto y los Campeones Mundiales de baile<\/strong><br \/>Usina del Arte &#8211; Agust\u00edn R. Caffarena 1 \u2013 20 hs.<br \/>***<br \/><strong>Sexteto Viejos Maestros del Tango<\/strong><br \/>Casa de la Cultura &#8211; Av. de Mayo 575 \u2013 20 hs.<br \/>***<br \/><strong>Amelita Baltar y Tanghetto<\/strong><br \/>Auditorio de Belgrano &#8211; Virrey Loreto 2348 \u2013 20 hs.<\/p>\n\n\n<figure class=\"wp-block-image size-full\"><img loading=\"lazy\" decoding=\"async\" width=\"1000\" height=\"667\" src=\"https:\/\/www.fracturaexpuesta.com.ar\/gotan\/wp-content\/uploads\/2025\/05\/mundial-de-baile-de-tango-2025.jpg\" alt=\"Los ganadores 2025 del Campeonato de Baile de Tango de la Ciudad de Buenos Aires.\" class=\"wp-image-4738\" srcset=\"https:\/\/www.fracturaexpuesta.com.ar\/gotan\/wp-content\/uploads\/2025\/05\/mundial-de-baile-de-tango-2025.jpg 1000w, https:\/\/www.fracturaexpuesta.com.ar\/gotan\/wp-content\/uploads\/2025\/05\/mundial-de-baile-de-tango-2025-300x200.jpg 300w, https:\/\/www.fracturaexpuesta.com.ar\/gotan\/wp-content\/uploads\/2025\/05\/mundial-de-baile-de-tango-2025-768x512.jpg 768w, https:\/\/www.fracturaexpuesta.com.ar\/gotan\/wp-content\/uploads\/2025\/05\/mundial-de-baile-de-tango-2025-60x40.jpg 60w, https:\/\/www.fracturaexpuesta.com.ar\/gotan\/wp-content\/uploads\/2025\/05\/mundial-de-baile-de-tango-2025-720x480.jpg 720w\" sizes=\"auto, (max-width: 1000px) 100vw, 1000px\" \/><figcaption class=\"wp-element-caption\">Los ganadores 2025 del Campeonato de Baile de Tango de la Ciudad de Buenos Aires.<\/figcaption><\/figure>\n\n\n<h3>\ud83d\udfea Martes 1 de septiembre<\/h3>\n<p><em>Mundial de Baile<\/em><br \/><strong>Final Tango de Pista<\/strong><br \/>Teatro Gran Rex \u2013 19 hs.<\/p>\n<h3>\ud83d\udfea Mi\u00e9rcoles 2 de septiembre<\/h3>\n<p><em>Mundial de Baile<\/em><br \/><strong>Final Tango de Pista<\/strong><br \/>Teatro Gran Rex \u2013 19 hs.<\/p>\n\n\n<div style=\"height:10px\" aria-hidden=\"true\" class=\"wp-block-spacer\"><\/div>\n","protected":false},"excerpt":{"rendered":"<p>Del 19 de agosto al 2 de septiembre, la ciudad ser\u00e1 escenario de una nueva edici\u00f3n del Festival y Mundial de Tango. Una amplia agenda con m\u00e1s de 100 recitales.<\/p>\n","protected":false},"author":1,"featured_media":6533,"comment_status":"open","ping_status":"open","sticky":false,"template":"","format":"standard","meta":{"footnotes":""},"categories":[7],"tags":[95,159,158,324],"class_list":["post-6498","post","type-post","status-publish","format-standard","has-post-thumbnail","hentry","category-noticias","tag-agenda","tag-festival-de-tango","tag-mundial-de-tango","tag-tango-ba"],"yoast_head":"<!-- This site is optimized with the Yoast SEO plugin v28.3 - https:\/\/yoast.com\/product\/yoast-seo-wordpress\/ -->\n<title>Tango BA 2026: todos los conciertos del Festival, d\u00eda por d\u00eda &#187; Fractura Expuesta | Tango!<\/title>\n<meta name=\"robots\" content=\"index, follow, max-snippet:-1, max-image-preview:large, max-video-preview:-1\" \/>\n<link rel=\"canonical\" href=\"https:\/\/www.fracturaexpuesta.com.ar\/gotan\/tango-ba-2026-todos-los-conciertos-del-festival-dia-por-dia\/\" \/>\n<meta property=\"og:locale\" content=\"es_ES\" \/>\n<meta property=\"og:type\" content=\"article\" \/>\n<meta property=\"og:title\" content=\"Tango BA 2026: todos los conciertos del Festival, d\u00eda por d\u00eda\" \/>\n<meta property=\"og:description\" content=\"Del 19 de agosto al 2 de septiembre, la ciudad ser\u00e1 escenario de una nueva edici\u00f3n del Festival y Mundial de Tango. Una amplia agenda con m\u00e1s de 100 recitales.\" \/>\n<meta property=\"og:url\" content=\"https:\/\/www.fracturaexpuesta.com.ar\/gotan\/tango-ba-2026-todos-los-conciertos-del-festival-dia-por-dia\/\" \/>\n<meta property=\"og:site_name\" content=\"Fractura Expuesta | Tango!\" \/>\n<meta property=\"article:author\" content=\"https:\/\/www.facebook.com\/fracturaexpuestaok\" \/>\n<meta property=\"article:published_time\" content=\"2026-08-13T18:43:06+00:00\" \/>\n<meta property=\"article:modified_time\" content=\"2026-08-24T01:48:12+00:00\" \/>\n<meta property=\"og:image\" content=\"https:\/\/www.fracturaexpuesta.com.ar\/gotan\/wp-content\/uploads\/2026\/08\/TangoBA_festival-y-mundial.png\" \/>\n\t<meta property=\"og:image:width\" content=\"1000\" \/>\n\t<meta property=\"og:image:height\" content=\"667\" \/>\n\t<meta property=\"og:image:type\" content=\"image\/png\" \/>\n<meta name=\"author\" content=\"Fractura Expuesta\" \/>\n<meta name=\"twitter:card\" content=\"summary_large_image\" \/>\n<meta name=\"twitter:title\" content=\"Tango BA 2026: todos los conciertos del Festival, d\u00eda por d\u00eda\" \/>\n<meta name=\"twitter:description\" content=\"Del 19 de agosto al 2 de septiembre, la ciudad ser\u00e1 escenario de una nueva edici\u00f3n del Festival y Mundial de Tango. Una amplia agenda con m\u00e1s de 100 recitales.\" \/>\n<meta name=\"twitter:image\" content=\"https:\/\/www.fracturaexpuesta.com.ar\/gotan\/wp-content\/uploads\/2026\/08\/TangoBA_festival-y-mundial.png\" \/>\n<meta name=\"twitter:creator\" content=\"@https:\/\/x.com\/fracturatango\" \/>\n<meta name=\"twitter:label1\" content=\"Escrito por\" \/>\n\t<meta name=\"twitter:data1\" content=\"Fractura Expuesta\" \/>\n\t<meta name=\"twitter:label2\" content=\"Tiempo de lectura\" \/>\n\t<meta name=\"twitter:data2\" content=\"11 minutos\" \/>\n<script type=\"application\/ld+json\" class=\"yoast-schema-graph\">{\"@context\":\"https:\\\/\\\/schema.org\",\"@graph\":[{\"@type\":\"Article\",\"@id\":\"https:\\\/\\\/www.fracturaexpuesta.com.ar\\\/gotan\\\/tango-ba-2026-todos-los-conciertos-del-festival-dia-por-dia\\\/#article\",\"isPartOf\":{\"@id\":\"https:\\\/\\\/www.fracturaexpuesta.com.ar\\\/gotan\\\/tango-ba-2026-todos-los-conciertos-del-festival-dia-por-dia\\\/\"},\"author\":{\"name\":\"Fractura Expuesta\",\"@id\":\"https:\\\/\\\/www.fracturaexpuesta.com.ar\\\/gotan\\\/#\\\/schema\\\/person\\\/d8266939f778485b13ad2174aa9e199e\"},\"headline\":\"Tango BA 2026: todos los conciertos del Festival, d\u00eda por d\u00eda\",\"datePublished\":\"2026-08-13T18:43:06+00:00\",\"dateModified\":\"2026-08-24T01:48:12+00:00\",\"mainEntityOfPage\":{\"@id\":\"https:\\\/\\\/www.fracturaexpuesta.com.ar\\\/gotan\\\/tango-ba-2026-todos-los-conciertos-del-festival-dia-por-dia\\\/\"},\"wordCount\":1909,\"commentCount\":0,\"publisher\":{\"@id\":\"https:\\\/\\\/www.fracturaexpuesta.com.ar\\\/gotan\\\/#organization\"},\"image\":{\"@id\":\"https:\\\/\\\/www.fracturaexpuesta.com.ar\\\/gotan\\\/tango-ba-2026-todos-los-conciertos-del-festival-dia-por-dia\\\/#primaryimage\"},\"thumbnailUrl\":\"https:\\\/\\\/www.fracturaexpuesta.com.ar\\\/gotan\\\/wp-content\\\/uploads\\\/2026\\\/08\\\/TangoBA_festival-y-mundial.png\",\"keywords\":[\"agenda\",\"festival de tango\",\"mundial de tango\",\"tango ba\"],\"articleSection\":[\"Noticias\"],\"inLanguage\":\"es-AR\",\"potentialAction\":[{\"@type\":\"CommentAction\",\"name\":\"Comment\",\"target\":[\"https:\\\/\\\/www.fracturaexpuesta.com.ar\\\/gotan\\\/tango-ba-2026-todos-los-conciertos-del-festival-dia-por-dia\\\/#respond\"]}]},{\"@type\":\"WebPage\",\"@id\":\"https:\\\/\\\/www.fracturaexpuesta.com.ar\\\/gotan\\\/tango-ba-2026-todos-los-conciertos-del-festival-dia-por-dia\\\/\",\"url\":\"https:\\\/\\\/www.fracturaexpuesta.com.ar\\\/gotan\\\/tango-ba-2026-todos-los-conciertos-del-festival-dia-por-dia\\\/\",\"name\":\"Tango BA 2026: todos los conciertos del Festival, d\u00eda por d\u00eda &#187; Fractura Expuesta | Tango!\",\"isPartOf\":{\"@id\":\"https:\\\/\\\/www.fracturaexpuesta.com.ar\\\/gotan\\\/#website\"},\"primaryImageOfPage\":{\"@id\":\"https:\\\/\\\/www.fracturaexpuesta.com.ar\\\/gotan\\\/tango-ba-2026-todos-los-conciertos-del-festival-dia-por-dia\\\/#primaryimage\"},\"image\":{\"@id\":\"https:\\\/\\\/www.fracturaexpuesta.com.ar\\\/gotan\\\/tango-ba-2026-todos-los-conciertos-del-festival-dia-por-dia\\\/#primaryimage\"},\"thumbnailUrl\":\"https:\\\/\\\/www.fracturaexpuesta.com.ar\\\/gotan\\\/wp-content\\\/uploads\\\/2026\\\/08\\\/TangoBA_festival-y-mundial.png\",\"datePublished\":\"2026-08-13T18:43:06+00:00\",\"dateModified\":\"2026-08-24T01:48:12+00:00\",\"breadcrumb\":{\"@id\":\"https:\\\/\\\/www.fracturaexpuesta.com.ar\\\/gotan\\\/tango-ba-2026-todos-los-conciertos-del-festival-dia-por-dia\\\/#breadcrumb\"},\"inLanguage\":\"es-AR\",\"potentialAction\":[{\"@type\":\"ReadAction\",\"target\":[\"https:\\\/\\\/www.fracturaexpuesta.com.ar\\\/gotan\\\/tango-ba-2026-todos-los-conciertos-del-festival-dia-por-dia\\\/\"]}]},{\"@type\":\"ImageObject\",\"inLanguage\":\"es-AR\",\"@id\":\"https:\\\/\\\/www.fracturaexpuesta.com.ar\\\/gotan\\\/tango-ba-2026-todos-los-conciertos-del-festival-dia-por-dia\\\/#primaryimage\",\"url\":\"https:\\\/\\\/www.fracturaexpuesta.com.ar\\\/gotan\\\/wp-content\\\/uploads\\\/2026\\\/08\\\/TangoBA_festival-y-mundial.png\",\"contentUrl\":\"https:\\\/\\\/www.fracturaexpuesta.com.ar\\\/gotan\\\/wp-content\\\/uploads\\\/2026\\\/08\\\/TangoBA_festival-y-mundial.png\",\"width\":1000,\"height\":667},{\"@type\":\"BreadcrumbList\",\"@id\":\"https:\\\/\\\/www.fracturaexpuesta.com.ar\\\/gotan\\\/tango-ba-2026-todos-los-conciertos-del-festival-dia-por-dia\\\/#breadcrumb\",\"itemListElement\":[{\"@type\":\"ListItem\",\"position\":1,\"name\":\"Inicio\",\"item\":\"https:\\\/\\\/www.fracturaexpuesta.com.ar\\\/gotan\\\/\"},{\"@type\":\"ListItem\",\"position\":2,\"name\":\"Tango BA 2026: todos los conciertos del Festival, d\u00eda por d\u00eda\"}]},{\"@type\":\"WebSite\",\"@id\":\"https:\\\/\\\/www.fracturaexpuesta.com.ar\\\/gotan\\\/#website\",\"url\":\"https:\\\/\\\/www.fracturaexpuesta.com.ar\\\/gotan\\\/\",\"name\":\"Fractura Expuesta | Tango!\",\"description\":\"\",\"publisher\":{\"@id\":\"https:\\\/\\\/www.fracturaexpuesta.com.ar\\\/gotan\\\/#organization\"},\"potentialAction\":[{\"@type\":\"SearchAction\",\"target\":{\"@type\":\"EntryPoint\",\"urlTemplate\":\"https:\\\/\\\/www.fracturaexpuesta.com.ar\\\/gotan\\\/?s={search_term_string}\"},\"query-input\":{\"@type\":\"PropertyValueSpecification\",\"valueRequired\":true,\"valueName\":\"search_term_string\"}}],\"inLanguage\":\"es-AR\"},{\"@type\":\"Organization\",\"@id\":\"https:\\\/\\\/www.fracturaexpuesta.com.ar\\\/gotan\\\/#organization\",\"name\":\"Fractura Expuesta | Tango!\",\"url\":\"https:\\\/\\\/www.fracturaexpuesta.com.ar\\\/gotan\\\/\",\"logo\":{\"@type\":\"ImageObject\",\"inLanguage\":\"es-AR\",\"@id\":\"https:\\\/\\\/www.fracturaexpuesta.com.ar\\\/gotan\\\/#\\\/schema\\\/logo\\\/image\\\/\",\"url\":\"https:\\\/\\\/www.fracturaexpuesta.com.ar\\\/gotan\\\/wp-content\\\/uploads\\\/2025\\\/03\\\/avatar2centroOK.jpg\",\"contentUrl\":\"https:\\\/\\\/www.fracturaexpuesta.com.ar\\\/gotan\\\/wp-content\\\/uploads\\\/2025\\\/03\\\/avatar2centroOK.jpg\",\"width\":600,\"height\":600,\"caption\":\"Fractura Expuesta | Tango!\"},\"image\":{\"@id\":\"https:\\\/\\\/www.fracturaexpuesta.com.ar\\\/gotan\\\/#\\\/schema\\\/logo\\\/image\\\/\"}},{\"@type\":\"Person\",\"@id\":\"https:\\\/\\\/www.fracturaexpuesta.com.ar\\\/gotan\\\/#\\\/schema\\\/person\\\/d8266939f778485b13ad2174aa9e199e\",\"name\":\"Fractura Expuesta\",\"image\":{\"@type\":\"ImageObject\",\"inLanguage\":\"es-AR\",\"@id\":\"https:\\\/\\\/secure.gravatar.com\\\/avatar\\\/c4bad1eb9f93dd4a42df3aa8b8e8b882ff893fcea188ee15488a845db442d7ec?s=96&d=mm&r=g\",\"url\":\"https:\\\/\\\/secure.gravatar.com\\\/avatar\\\/c4bad1eb9f93dd4a42df3aa8b8e8b882ff893fcea188ee15488a845db442d7ec?s=96&d=mm&r=g\",\"contentUrl\":\"https:\\\/\\\/secure.gravatar.com\\\/avatar\\\/c4bad1eb9f93dd4a42df3aa8b8e8b882ff893fcea188ee15488a845db442d7ec?s=96&d=mm&r=g\",\"caption\":\"Fractura Expuesta\"},\"description\":\"Sitio de tango y noticias culturales. Desde 2003, el espacio referente del tango de estos tiempos.\",\"sameAs\":[\"https:\\\/\\\/www.fracturaexpuesta.com.ar\",\"https:\\\/\\\/www.facebook.com\\\/fracturaexpuestaok\",\"https:\\\/\\\/www.instagram.com\\\/fracturaexpuesta\",\"https:\\\/\\\/x.com\\\/https:\\\/\\\/x.com\\\/fracturatango\",\"https:\\\/\\\/www.youtube.com\\\/channel\\\/UCojA8Q0QDpnncOL8sfTHOHg\"],\"url\":\"https:\\\/\\\/www.fracturaexpuesta.com.ar\\\/gotan\\\/author\\\/fractura-expuesta\\\/\"}]}<\/script>\n<!-- \/ Yoast SEO plugin. -->","yoast_head_json":{"title":"Tango BA 2026: todos los conciertos del Festival, d\u00eda por d\u00eda &#187; Fractura Expuesta | Tango!","robots":{"index":"index","follow":"follow","max-snippet":"max-snippet:-1","max-image-preview":"max-image-preview:large","max-video-preview":"max-video-preview:-1"},"canonical":"https:\/\/www.fracturaexpuesta.com.ar\/gotan\/tango-ba-2026-todos-los-conciertos-del-festival-dia-por-dia\/","og_locale":"es_ES","og_type":"article","og_title":"Tango BA 2026: todos los conciertos del Festival, d\u00eda por d\u00eda","og_description":"Del 19 de agosto al 2 de septiembre, la ciudad ser\u00e1 escenario de una nueva edici\u00f3n del Festival y Mundial de Tango. Una amplia agenda con m\u00e1s de 100 recitales.","og_url":"https:\/\/www.fracturaexpuesta.com.ar\/gotan\/tango-ba-2026-todos-los-conciertos-del-festival-dia-por-dia\/","og_site_name":"Fractura Expuesta | Tango!","article_author":"https:\/\/www.facebook.com\/fracturaexpuestaok","article_published_time":"2026-08-13T18:43:06+00:00","article_modified_time":"2026-08-24T01:48:12+00:00","og_image":[{"width":1000,"height":667,"url":"https:\/\/www.fracturaexpuesta.com.ar\/gotan\/wp-content\/uploads\/2026\/08\/TangoBA_festival-y-mundial.png","type":"image\/png"}],"author":"Fractura Expuesta","twitter_card":"summary_large_image","twitter_title":"Tango BA 2026: todos los conciertos del Festival, d\u00eda por d\u00eda","twitter_description":"Del 19 de agosto al 2 de septiembre, la ciudad ser\u00e1 escenario de una nueva edici\u00f3n del Festival y Mundial de Tango. Una amplia agenda con m\u00e1s de 100 recitales.","twitter_image":"https:\/\/www.fracturaexpuesta.com.ar\/gotan\/wp-content\/uploads\/2026\/08\/TangoBA_festival-y-mundial.png","twitter_creator":"@https:\/\/x.com\/fracturatango","twitter_misc":{"Escrito por":"Fractura Expuesta","Tiempo de lectura":"11 minutos"},"schema":{"@context":"https:\/\/schema.org","@graph":[{"@type":"Article","@id":"https:\/\/www.fracturaexpuesta.com.ar\/gotan\/tango-ba-2026-todos-los-conciertos-del-festival-dia-por-dia\/#article","isPartOf":{"@id":"https:\/\/www.fracturaexpuesta.com.ar\/gotan\/tango-ba-2026-todos-los-conciertos-del-festival-dia-por-dia\/"},"author":{"name":"Fractura Expuesta","@id":"https:\/\/www.fracturaexpuesta.com.ar\/gotan\/#\/schema\/person\/d8266939f778485b13ad2174aa9e199e"},"headline":"Tango BA 2026: todos los conciertos del Festival, d\u00eda por d\u00eda","datePublished":"2026-08-13T18:43:06+00:00","dateModified":"2026-08-24T01:48:12+00:00","mainEntityOfPage":{"@id":"https:\/\/www.fracturaexpuesta.com.ar\/gotan\/tango-ba-2026-todos-los-conciertos-del-festival-dia-por-dia\/"},"wordCount":1909,"commentCount":0,"publisher":{"@id":"https:\/\/www.fracturaexpuesta.com.ar\/gotan\/#organization"},"image":{"@id":"https:\/\/www.fracturaexpuesta.com.ar\/gotan\/tango-ba-2026-todos-los-conciertos-del-festival-dia-por-dia\/#primaryimage"},"thumbnailUrl":"https:\/\/www.fracturaexpuesta.com.ar\/gotan\/wp-content\/uploads\/2026\/08\/TangoBA_festival-y-mundial.png","keywords":["agenda","festival de tango","mundial de tango","tango ba"],"articleSection":["Noticias"],"inLanguage":"es-AR","potentialAction":[{"@type":"CommentAction","name":"Comment","target":["https:\/\/www.fracturaexpuesta.com.ar\/gotan\/tango-ba-2026-todos-los-conciertos-del-festival-dia-por-dia\/#respond"]}]},{"@type":"WebPage","@id":"https:\/\/www.fracturaexpuesta.com.ar\/gotan\/tango-ba-2026-todos-los-conciertos-del-festival-dia-por-dia\/","url":"https:\/\/www.fracturaexpuesta.com.ar\/gotan\/tango-ba-2026-todos-los-conciertos-del-festival-dia-por-dia\/","name":"Tango BA 2026: todos los conciertos del Festival, d\u00eda por d\u00eda &#187; Fractura Expuesta | Tango!","isPartOf":{"@id":"https:\/\/www.fracturaexpuesta.com.ar\/gotan\/#website"},"primaryImageOfPage":{"@id":"https:\/\/www.fracturaexpuesta.com.ar\/gotan\/tango-ba-2026-todos-los-conciertos-del-festival-dia-por-dia\/#primaryimage"},"image":{"@id":"https:\/\/www.fracturaexpuesta.com.ar\/gotan\/tango-ba-2026-todos-los-conciertos-del-festival-dia-por-dia\/#primaryimage"},"thumbnailUrl":"https:\/\/www.fracturaexpuesta.com.ar\/gotan\/wp-content\/uploads\/2026\/08\/TangoBA_festival-y-mundial.png","datePublished":"2026-08-13T18:43:06+00:00","dateModified":"2026-08-24T01:48:12+00:00","breadcrumb":{"@id":"https:\/\/www.fracturaexpuesta.com.ar\/gotan\/tango-ba-2026-todos-los-conciertos-del-festival-dia-por-dia\/#breadcrumb"},"inLanguage":"es-AR","potentialAction":[{"@type":"ReadAction","target":["https:\/\/www.fracturaexpuesta.com.ar\/gotan\/tango-ba-2026-todos-los-conciertos-del-festival-dia-por-dia\/"]}]},{"@type":"ImageObject","inLanguage":"es-AR","@id":"https:\/\/www.fracturaexpuesta.com.ar\/gotan\/tango-ba-2026-todos-los-conciertos-del-festival-dia-por-dia\/#primaryimage","url":"https:\/\/www.fracturaexpuesta.com.ar\/gotan\/wp-content\/uploads\/2026\/08\/TangoBA_festival-y-mundial.png","contentUrl":"https:\/\/www.fracturaexpuesta.com.ar\/gotan\/wp-content\/uploads\/2026\/08\/TangoBA_festival-y-mundial.png","width":1000,"height":667},{"@type":"BreadcrumbList","@id":"https:\/\/www.fracturaexpuesta.com.ar\/gotan\/tango-ba-2026-todos-los-conciertos-del-festival-dia-por-dia\/#breadcrumb","itemListElement":[{"@type":"ListItem","position":1,"name":"Inicio","item":"https:\/\/www.fracturaexpuesta.com.ar\/gotan\/"},{"@type":"ListItem","position":2,"name":"Tango BA 2026: todos los conciertos del Festival, d\u00eda por d\u00eda"}]},{"@type":"WebSite","@id":"https:\/\/www.fracturaexpuesta.com.ar\/gotan\/#website","url":"https:\/\/www.fracturaexpuesta.com.ar\/gotan\/","name":"Fractura Expuesta | Tango!","description":"","publisher":{"@id":"https:\/\/www.fracturaexpuesta.com.ar\/gotan\/#organization"},"potentialAction":[{"@type":"SearchAction","target":{"@type":"EntryPoint","urlTemplate":"https:\/\/www.fracturaexpuesta.com.ar\/gotan\/?s={search_term_string}"},"query-input":{"@type":"PropertyValueSpecification","valueRequired":true,"valueName":"search_term_string"}}],"inLanguage":"es-AR"},{"@type":"Organization","@id":"https:\/\/www.fracturaexpuesta.com.ar\/gotan\/#organization","name":"Fractura Expuesta | Tango!","url":"https:\/\/www.fracturaexpuesta.com.ar\/gotan\/","logo":{"@type":"ImageObject","inLanguage":"es-AR","@id":"https:\/\/www.fracturaexpuesta.com.ar\/gotan\/#\/schema\/logo\/image\/","url":"https:\/\/www.fracturaexpuesta.com.ar\/gotan\/wp-content\/uploads\/2025\/03\/avatar2centroOK.jpg","contentUrl":"https:\/\/www.fracturaexpuesta.com.ar\/gotan\/wp-content\/uploads\/2025\/03\/avatar2centroOK.jpg","width":600,"height":600,"caption":"Fractura Expuesta | Tango!"},"image":{"@id":"https:\/\/www.fracturaexpuesta.com.ar\/gotan\/#\/schema\/logo\/image\/"}},{"@type":"Person","@id":"https:\/\/www.fracturaexpuesta.com.ar\/gotan\/#\/schema\/person\/d8266939f778485b13ad2174aa9e199e","name":"Fractura Expuesta","image":{"@type":"ImageObject","inLanguage":"es-AR","@id":"https:\/\/secure.gravatar.com\/avatar\/c4bad1eb9f93dd4a42df3aa8b8e8b882ff893fcea188ee15488a845db442d7ec?s=96&d=mm&r=g","url":"https:\/\/secure.gravatar.com\/avatar\/c4bad1eb9f93dd4a42df3aa8b8e8b882ff893fcea188ee15488a845db442d7ec?s=96&d=mm&r=g","contentUrl":"https:\/\/secure.gravatar.com\/avatar\/c4bad1eb9f93dd4a42df3aa8b8e8b882ff893fcea188ee15488a845db442d7ec?s=96&d=mm&r=g","caption":"Fractura Expuesta"},"description":"Sitio de tango y noticias culturales. Desde 2003, el espacio referente del tango de estos tiempos.","sameAs":["https:\/\/www.fracturaexpuesta.com.ar","https:\/\/www.facebook.com\/fracturaexpuestaok","https:\/\/www.instagram.com\/fracturaexpuesta","https:\/\/x.com\/https:\/\/x.com\/fracturatango","https:\/\/www.youtube.com\/channel\/UCojA8Q0QDpnncOL8sfTHOHg"],"url":"https:\/\/www.fracturaexpuesta.com.ar\/gotan\/author\/fractura-expuesta\/"}]}},"_links":{"self":[{"href":"https:\/\/www.fracturaexpuesta.com.ar\/gotan\/wp-json\/wp\/v2\/posts\/6498","targetHints":{"allow":["GET"]}}],"collection":[{"href":"https:\/\/www.fracturaexpuesta.com.ar\/gotan\/wp-json\/wp\/v2\/posts"}],"about":[{"href":"https:\/\/www.fracturaexpuesta.com.ar\/gotan\/wp-json\/wp\/v2\/types\/post"}],"author":[{"embeddable":true,"href":"https:\/\/www.fracturaexpuesta.com.ar\/gotan\/wp-json\/wp\/v2\/users\/1"}],"replies":[{"embeddable":true,"href":"https:\/\/www.fracturaexpuesta.com.ar\/gotan\/wp-json\/wp\/v2\/comments?post=6498"}],"version-history":[{"count":14,"href":"https:\/\/www.fracturaexpuesta.com.ar\/gotan\/wp-json\/wp\/v2\/posts\/6498\/revisions"}],"predecessor-version":[{"id":6547,"href":"https:\/\/www.fracturaexpuesta.com.ar\/gotan\/wp-json\/wp\/v2\/posts\/6498\/revisions\/6547"}],"wp:featuredmedia":[{"embeddable":true,"href":"https:\/\/www.fracturaexpuesta.com.ar\/gotan\/wp-json\/wp\/v2\/media\/6533"}],"wp:attachment":[{"href":"https:\/\/www.fracturaexpuesta.com.ar\/gotan\/wp-json\/wp\/v2\/media?parent=6498"}],"wp:term":[{"taxonomy":"category","embeddable":true,"href":"https:\/\/www.fracturaexpuesta.com.ar\/gotan\/wp-json\/wp\/v2\/categories?post=6498"},{"taxonomy":"post_tag","embeddable":true,"href":"https:\/\/www.fracturaexpuesta.com.ar\/gotan\/wp-json\/wp\/v2\/tags?post=6498"}],"curies":[{"name":"wp","href":"https:\/\/api.w.org\/{rel}","templated":true}]}}