{"id":6573,"date":"2026-08-31T19:14:21","date_gmt":"2026-08-31T22:14:21","guid":{"rendered":"https:\/\/www.fracturaexpuesta.com.ar\/gotan\/?p=6573"},"modified":"2026-08-31T19:19:40","modified_gmt":"2026-08-31T22:19:40","slug":"la-llama-del-bandoneon-sigue-encendida","status":"publish","type":"post","link":"https:\/\/www.fracturaexpuesta.com.ar\/gotan\/la-llama-del-bandoneon-sigue-encendida\/","title":{"rendered":"La llama del bandone\u00f3n sigue encendida"},"content":{"rendered":"\n<p class=\"wp-block-paragraph\">El bandone\u00f3n vuelve a tomar la palabra (o el escenario). Entre el <strong>jueves 17 y el domingo 27 de septiembre<\/strong>, la cuarta edici\u00f3n del <strong>Festival de Bandone\u00f3n Osvaldo Ruggiero<\/strong> desplegar\u00e1 una programaci\u00f3n que busca celebrar no solo la historia del instrumento sino tambi\u00e9n su presente y, especialmente, su futuro.<\/p>\n\n\n\n<p class=\"wp-block-paragraph\">Organizado por la Asociaci\u00f3n Civil F\u00e1brica Argentina de Tango, creada por los bandoneonistas <strong>Adri\u00e1n y Daniel Ruggiero<\/strong>, hijos del recordado Osvaldo Ruggiero, el festival tendr\u00e1 lugar en distintas sedes y barrios de la ciudad, con una variedad de propuestas y numerosas actividades gratuitas.<\/p>\n\n\n\n<p class=\"wp-block-paragraph\">Esta edici\u00f3n estar\u00e1 dedicada a <strong>V\u00edctor Lavall\u00e9n<\/strong>, uno de los grandes nombres vivos del tango argentino. Reci\u00e9n cumplidos los 90 a\u00f1os, Lavall\u00e9n re\u00fane m\u00e1s de siete d\u00e9cadas de trayectoria como int\u00e9rprete, director, compositor y arreglador. Fue, adem\u00e1s, integrante de la hist\u00f3rica orquesta de Osvaldo Pugliese durante su per\u00edodo de mayor esplendor.<\/p>\n\n\n\n<p class=\"wp-block-paragraph\">El homenaje tendr\u00e1 uno de sus momentos centrales el 26 de septiembre, cuando precisamente la Orquesta T\u00edpica V\u00edctor Lavall\u00e9n y la Orquesta T\u00edpica Daniel Ruggiero compartan escenario en el CAFF.<\/p>\n\n\n\n<figure class=\"wp-block-image size-large\"><img loading=\"lazy\" decoding=\"async\" width=\"1024\" height=\"683\" src=\"https:\/\/www.fracturaexpuesta.com.ar\/gotan\/wp-content\/uploads\/2026\/08\/Festival-de-Bandoneon-Osvaldo-Ruggiero-1024x683.jpg\" alt=\"\" class=\"wp-image-6575\" srcset=\"https:\/\/www.fracturaexpuesta.com.ar\/gotan\/wp-content\/uploads\/2026\/08\/Festival-de-Bandoneon-Osvaldo-Ruggiero-1024x683.jpg 1024w, https:\/\/www.fracturaexpuesta.com.ar\/gotan\/wp-content\/uploads\/2026\/08\/Festival-de-Bandoneon-Osvaldo-Ruggiero-300x200.jpg 300w, https:\/\/www.fracturaexpuesta.com.ar\/gotan\/wp-content\/uploads\/2026\/08\/Festival-de-Bandoneon-Osvaldo-Ruggiero-768x512.jpg 768w, https:\/\/www.fracturaexpuesta.com.ar\/gotan\/wp-content\/uploads\/2026\/08\/Festival-de-Bandoneon-Osvaldo-Ruggiero-60x40.jpg 60w, https:\/\/www.fracturaexpuesta.com.ar\/gotan\/wp-content\/uploads\/2026\/08\/Festival-de-Bandoneon-Osvaldo-Ruggiero-720x480.jpg 720w, https:\/\/www.fracturaexpuesta.com.ar\/gotan\/wp-content\/uploads\/2026\/08\/Festival-de-Bandoneon-Osvaldo-Ruggiero.jpg 1200w\" sizes=\"auto, (max-width: 1024px) 100vw, 1024px\" \/><figcaption class=\"wp-element-caption\"><em>Daniel y Adri\u00e1n Ruggiero<\/em><\/figcaption><\/figure>\n\n\n\n<p class=\"wp-block-paragraph\">\u201cCon este festival celebramos al instrumento que marca la historia argentina y mi historia familiar\u201d, explica Daniel Ruggiero. La propuesta, se\u00f1ala, apunta a mostrar \u201cel pasado, el presente y el futuro\u201d del bandone\u00f3n mediante<strong> conciertos, charlas, documentales y milongas<\/strong>, acercando el instrumento a la mayor cantidad de personas posible.<\/p>\n\n\n\n<p class=\"wp-block-paragraph\">La iniciativa naci\u00f3 a partir de la celebraci\u00f3n del centenario del nacimiento de Osvaldo Ruggiero. En ese contexto, los hermanos presentaron el disco <em>Rompelo Tano<\/em> y dieron impulso a la mencionada F\u00e1brica Argentina de Tango, la asociaci\u00f3n civil sin fines que impulsan con el objetivo de revitalizar el tango en los \u00e1mbitos acad\u00e9mico y musical.<\/p>\n\n\n\n<p class=\"wp-block-paragraph\">Para Adri\u00e1n Ruggiero uno de los principales objetivos del festival es desmontar la idea del bandone\u00f3n como una pieza de museo. \u201cEste Festival promueve <strong>poner en foco al instrumento en todas sus formas y g\u00e9neros<\/strong>, que se sepa de su vitalidad, de que es un ente cultural vivo\u201d, afirma.<\/p>\n\n\n\n<p class=\"wp-block-paragraph\">En esa vitalidad tienen un lugar central las nuevas generaciones. J\u00f3venes int\u00e9rpretes, estudiantes y m\u00fasicos que encuentran en el bandone\u00f3n una herramienta de creaci\u00f3n y expresi\u00f3n son parte de una escena que busca mantener viva la tradici\u00f3n sin quedar atada al pasado.<\/p>\n\n\n\n<p class=\"wp-block-paragraph\">\u201cEste Festival se propone tambi\u00e9n como espacio de resistencia, de salir del bronce para demostrar el alcance y la actualidad que tiene\u201d, sostiene Adri\u00e1n. En esa tarea de preservaci\u00f3n y renovaci\u00f3n, el m\u00fasico destaca la importancia de garantizar el acceso al aprendizaje y la difusi\u00f3n del instrumento, entendido como una parte esencial de la identidad cultural argentina.<\/p>\n\n\n\n<p class=\"wp-block-paragraph\">Con una programaci\u00f3n que cruza generaciones, estilos y territorios, el Festival de Bandone\u00f3n Osvaldo Ruggiero vuelve a plantear una pregunta que se responde sobre el escenario, \u00bfqu\u00e9 lugar ocupa hoy el bandone\u00f3n? La respuesta est\u00e1 en sus maestros, en los j\u00f3venes int\u00e9rpretes y en una comunidad de m\u00fasicos que, a\u00f1o tras a\u00f1o, se re\u00fane para mantener viva su m\u00fasica.<\/p>\n\n\n\n<p class=\"wp-block-paragraph\">La llama del bandone\u00f3n, como dicen sus organizadores, sigue encendida.<\/p>\n\n\n\n<h2 class=\"wp-block-heading\"><strong>Programaci\u00f3n completa del Festival de Bandone\u00f3n Osvaldo Ruggiero<\/strong><\/h2>\n\n\n\n<p class=\"wp-block-paragraph\"><strong>Jueves 17\/9<\/strong> a las 17, D\u00fao Solera-Avalos, integrado por el bandoneonista argentino Rodrigo Avalos y la bandoneonista paname\u00f1a Heyni Solera en el Ciclo los 100 a\u00f1os de Melos en El escritorio de Melos, J.D. Per\u00f3n 1560 CABA &#8211; Entrada Libre<\/p>\n\n\n\n<p class=\"wp-block-paragraph\"><strong>Viernes 18\/9<\/strong>, clase Abierta sobre la m\u00fasica de Astor Piazzolla dictada por el bandoneonista Mat\u00edas Gobbo en Escuela de M\u00fasica \u201cJuan Pedro Esnaola\u201d, Cris\u00f3logo Larralde 5095, CABA \u2013 Entrada libre.<\/p>\n\n\n\n<p class=\"wp-block-paragraph\"><strong>S\u00e1bado 19\/9<\/strong> a las 20, Violentango y Milagros Caliva en el CAFF, S\u00e1nchez de Bustamante 772, CABA.<\/p>\n\n\n\n<p class=\"wp-block-paragraph\"><strong>Domingo 20\/9<\/strong> a las 18, Ruggiero\/L\u00f3pez en Naesqui, Charlone 1400 CABA, entrada libre. Invitados: Chino Laborde y Camil y Juan en danza.<\/p>\n\n\n\n<p class=\"wp-block-paragraph\"><strong>Domingo 20\/9<\/strong> (Rosario, Santa Fe), Fueyeritos en concierto. Fueyeritos es un espacio donde se les brinda a los j\u00f3venes una puerta de entrada al instrumento. Al taller asisten ni\u00f1os y j\u00f3venes de entre 8 y 24 a\u00f1os, a las 11h en La Casa del Tango, Av. Illia 1750, Rosario.<\/p>\n\n\n\n<p class=\"wp-block-paragraph\"><strong>Martes 22\/9<\/strong> a las 19, Pablo Jaurena presenta Fueyer\u00edas con invitados. Con entrada libre en la Universidad Nacional de las Artes, UNA, Av. C\u00f3rdoba 2445, CABA.<\/p>\n\n\n\n<p class=\"wp-block-paragraph\"><strong>Mi\u00e9rcoles 23\/9 <\/strong>a las 20, presentaci\u00f3n del documental Rompelo Tano coordinado por Yael Szmule, en la Carbonera Cine, Carlos Calvo 299, CABA. Invitados: Augusto De Antoni, director del documental y Jaime Granda, bandoneonista, presenta su trabajo Osvaldo Ruggiero y la escritura eficiente para bandone\u00f3n en la orquesta t\u00edpica.<\/p>\n\n\n\n<p class=\"wp-block-paragraph\"><strong>Jueves 24\/9<\/strong> a las 19.30, El Quinteto Criollo Gonz\u00e1lez Calo, junto al poeta y cantor Juan Ser\u00e9n, en EMPA Entrada libre V\u00e9lez S\u00e1rsfield 680, Avellaneda<\/p>\n\n\n\n<p class=\"wp-block-paragraph\"><strong>Viernes 25\/9<\/strong> a las 18, Flor de L\u00edo con Nelson Ibarra en Naesqui, Charlone 1400 CABA, entrada libre (se suspende por lluvia).<\/p>\n\n\n\n<p class=\"wp-block-paragraph\"><strong>S\u00e1bado 26\/9<\/strong> a las 20 Orquesta T\u00edpica V\u00edctor Lavall\u00e9n + Orquesta T\u00edpica Daniel Ruggiero, CAFF, Sanchez de Bustamante 772, CABA<\/p>\n\n\n\n<p class=\"wp-block-paragraph\"><strong>Domingo 27\/9<\/strong> a las 19, Milonga de cierre con DJ de vinilos de tango y concierto de la Orquesta Sentimental y Canyengue en la Asociaci\u00f3n Correntina General San Mart\u00edn, Paraguay 5131, CABA.<\/p>\n\n\n\n<div style=\"height:10px\" aria-hidden=\"true\" class=\"wp-block-spacer\"><\/div>\n","protected":false},"excerpt":{"rendered":"<p>Del 17 al 27 de septiembre se realizar\u00e1 la cuarta edici\u00f3n del Festival de Bandone\u00f3n Osvaldo Ruggiero. Con conciertos, milongas, charlas y documentales en distintas sedes, el encuentro reivindica la vigencia del instrumento y homenajea esta vez a V\u00edctor Lavall\u00e9n, figura fundamental de la historia del tango.<\/p>\n","protected":false},"author":1,"featured_media":6574,"comment_status":"open","ping_status":"open","sticky":false,"template":"","format":"standard","meta":{"footnotes":""},"categories":[7],"tags":[222,221,220,159],"class_list":["post-6573","post","type-post","status-publish","format-standard","has-post-thumbnail","hentry","category-noticias","tag-adrian-ruggiero","tag-daniel-ruggiero","tag-festival-de-bandoneon-osvaldo-ruggiero","tag-festival-de-tango"],"yoast_head":"<!-- This site is optimized with the Yoast SEO plugin v28.3 - https:\/\/yoast.com\/product\/yoast-seo-wordpress\/ -->\n<title>La llama del bandone\u00f3n sigue encendida &#187; Fractura Expuesta | Tango!<\/title>\n<meta name=\"description\" content=\"Del 17 al 27 de septiembre se realizar\u00e1 la cuarta edici\u00f3n del Festival de Bandone\u00f3n Osvaldo Ruggiero. Con conciertos, milongas, charlas y documentales en distintas sedes, el encuentro reivindica la vigencia del instrumento y homenajea esta vez a V\u00edctor Lavall\u00e9n, figura fundamental de la historia del tango.\" \/>\n<meta name=\"robots\" content=\"index, follow, max-snippet:-1, max-image-preview:large, max-video-preview:-1\" \/>\n<link rel=\"canonical\" href=\"https:\/\/www.fracturaexpuesta.com.ar\/gotan\/la-llama-del-bandoneon-sigue-encendida\/\" \/>\n<meta property=\"og:locale\" content=\"es_ES\" \/>\n<meta property=\"og:type\" content=\"article\" \/>\n<meta property=\"og:title\" content=\"La llama del bandone\u00f3n sigue encendida\" \/>\n<meta property=\"og:description\" content=\"Del 17 al 27 de septiembre se realizar\u00e1 la cuarta edici\u00f3n del Festival de Bandone\u00f3n Osvaldo Ruggiero. Con conciertos, milongas, charlas y documentales en distintas sedes, el encuentro reivindica la vigencia del instrumento y homenajea esta vez a V\u00edctor Lavall\u00e9n, figura fundamental de la historia del tango.\" \/>\n<meta property=\"og:url\" content=\"https:\/\/www.fracturaexpuesta.com.ar\/gotan\/la-llama-del-bandoneon-sigue-encendida\/\" \/>\n<meta property=\"og:site_name\" content=\"Fractura Expuesta | Tango!\" \/>\n<meta property=\"article:author\" content=\"https:\/\/www.facebook.com\/fracturaexpuestaok\" \/>\n<meta property=\"article:published_time\" content=\"2026-08-31T22:14:21+00:00\" \/>\n<meta property=\"article:modified_time\" content=\"2026-08-31T22:19:40+00:00\" \/>\n<meta property=\"og:image\" content=\"https:\/\/www.fracturaexpuesta.com.ar\/gotan\/wp-content\/uploads\/2026\/08\/Festival-de-Bandoneon-Osvaldo-Ruggiero-1.webp\" \/>\n\t<meta property=\"og:image:width\" content=\"870\" \/>\n\t<meta property=\"og:image:height\" content=\"580\" \/>\n\t<meta property=\"og:image:type\" content=\"image\/webp\" \/>\n<meta name=\"author\" content=\"Fractura Expuesta\" \/>\n<meta name=\"twitter:card\" content=\"summary_large_image\" \/>\n<meta name=\"twitter:title\" content=\"La llama del bandone\u00f3n sigue encendida\" \/>\n<meta name=\"twitter:description\" content=\"Del 17 al 27 de septiembre se realizar\u00e1 la cuarta edici\u00f3n del Festival de Bandone\u00f3n Osvaldo Ruggiero. Con conciertos, milongas, charlas y documentales en distintas sedes, el encuentro reivindica la vigencia del instrumento y homenajea esta vez a V\u00edctor Lavall\u00e9n, figura fundamental de la historia del tango.\" \/>\n<meta name=\"twitter:image\" content=\"https:\/\/www.fracturaexpuesta.com.ar\/gotan\/wp-content\/uploads\/2026\/08\/Festival-de-Bandoneon-Osvaldo-Ruggiero-1.webp\" \/>\n<meta name=\"twitter:creator\" content=\"@https:\/\/x.com\/fracturatango\" \/>\n<meta name=\"twitter:label1\" content=\"Escrito por\" \/>\n\t<meta name=\"twitter:data1\" content=\"Fractura Expuesta\" \/>\n\t<meta name=\"twitter:label2\" content=\"Tiempo de lectura\" \/>\n\t<meta name=\"twitter:data2\" content=\"5 minutos\" \/>\n<script type=\"application\/ld+json\" class=\"yoast-schema-graph\">{\"@context\":\"https:\\\/\\\/schema.org\",\"@graph\":[{\"@type\":\"Article\",\"@id\":\"https:\\\/\\\/www.fracturaexpuesta.com.ar\\\/gotan\\\/la-llama-del-bandoneon-sigue-encendida\\\/#article\",\"isPartOf\":{\"@id\":\"https:\\\/\\\/www.fracturaexpuesta.com.ar\\\/gotan\\\/la-llama-del-bandoneon-sigue-encendida\\\/\"},\"author\":{\"name\":\"Fractura Expuesta\",\"@id\":\"https:\\\/\\\/www.fracturaexpuesta.com.ar\\\/gotan\\\/#\\\/schema\\\/person\\\/d8266939f778485b13ad2174aa9e199e\"},\"headline\":\"La llama del bandone\u00f3n sigue encendida\",\"datePublished\":\"2026-08-31T22:14:21+00:00\",\"dateModified\":\"2026-08-31T22:19:40+00:00\",\"mainEntityOfPage\":{\"@id\":\"https:\\\/\\\/www.fracturaexpuesta.com.ar\\\/gotan\\\/la-llama-del-bandoneon-sigue-encendida\\\/\"},\"wordCount\":900,\"commentCount\":0,\"publisher\":{\"@id\":\"https:\\\/\\\/www.fracturaexpuesta.com.ar\\\/gotan\\\/#organization\"},\"image\":{\"@id\":\"https:\\\/\\\/www.fracturaexpuesta.com.ar\\\/gotan\\\/la-llama-del-bandoneon-sigue-encendida\\\/#primaryimage\"},\"thumbnailUrl\":\"https:\\\/\\\/www.fracturaexpuesta.com.ar\\\/gotan\\\/wp-content\\\/uploads\\\/2026\\\/08\\\/Festival-de-Bandoneon-Osvaldo-Ruggiero-1.webp\",\"keywords\":[\"adrian ruggiero\",\"daniel ruggiero\",\"Festival de Bandone\u00f3n Osvaldo Ruggiero\",\"festival de tango\"],\"articleSection\":[\"Noticias\"],\"inLanguage\":\"es-AR\",\"potentialAction\":[{\"@type\":\"CommentAction\",\"name\":\"Comment\",\"target\":[\"https:\\\/\\\/www.fracturaexpuesta.com.ar\\\/gotan\\\/la-llama-del-bandoneon-sigue-encendida\\\/#respond\"]}]},{\"@type\":\"WebPage\",\"@id\":\"https:\\\/\\\/www.fracturaexpuesta.com.ar\\\/gotan\\\/la-llama-del-bandoneon-sigue-encendida\\\/\",\"url\":\"https:\\\/\\\/www.fracturaexpuesta.com.ar\\\/gotan\\\/la-llama-del-bandoneon-sigue-encendida\\\/\",\"name\":\"La llama del bandone\u00f3n sigue encendida &#187; Fractura Expuesta | Tango!\",\"isPartOf\":{\"@id\":\"https:\\\/\\\/www.fracturaexpuesta.com.ar\\\/gotan\\\/#website\"},\"primaryImageOfPage\":{\"@id\":\"https:\\\/\\\/www.fracturaexpuesta.com.ar\\\/gotan\\\/la-llama-del-bandoneon-sigue-encendida\\\/#primaryimage\"},\"image\":{\"@id\":\"https:\\\/\\\/www.fracturaexpuesta.com.ar\\\/gotan\\\/la-llama-del-bandoneon-sigue-encendida\\\/#primaryimage\"},\"thumbnailUrl\":\"https:\\\/\\\/www.fracturaexpuesta.com.ar\\\/gotan\\\/wp-content\\\/uploads\\\/2026\\\/08\\\/Festival-de-Bandoneon-Osvaldo-Ruggiero-1.webp\",\"datePublished\":\"2026-08-31T22:14:21+00:00\",\"dateModified\":\"2026-08-31T22:19:40+00:00\",\"description\":\"Del 17 al 27 de septiembre se realizar\u00e1 la cuarta edici\u00f3n del Festival de Bandone\u00f3n Osvaldo Ruggiero. Con conciertos, milongas, charlas y documentales en distintas sedes, el encuentro reivindica la vigencia del instrumento y homenajea esta vez a V\u00edctor Lavall\u00e9n, figura fundamental de la historia del tango.\",\"breadcrumb\":{\"@id\":\"https:\\\/\\\/www.fracturaexpuesta.com.ar\\\/gotan\\\/la-llama-del-bandoneon-sigue-encendida\\\/#breadcrumb\"},\"inLanguage\":\"es-AR\",\"potentialAction\":[{\"@type\":\"ReadAction\",\"target\":[\"https:\\\/\\\/www.fracturaexpuesta.com.ar\\\/gotan\\\/la-llama-del-bandoneon-sigue-encendida\\\/\"]}]},{\"@type\":\"ImageObject\",\"inLanguage\":\"es-AR\",\"@id\":\"https:\\\/\\\/www.fracturaexpuesta.com.ar\\\/gotan\\\/la-llama-del-bandoneon-sigue-encendida\\\/#primaryimage\",\"url\":\"https:\\\/\\\/www.fracturaexpuesta.com.ar\\\/gotan\\\/wp-content\\\/uploads\\\/2026\\\/08\\\/Festival-de-Bandoneon-Osvaldo-Ruggiero-1.webp\",\"contentUrl\":\"https:\\\/\\\/www.fracturaexpuesta.com.ar\\\/gotan\\\/wp-content\\\/uploads\\\/2026\\\/08\\\/Festival-de-Bandoneon-Osvaldo-Ruggiero-1.webp\",\"width\":870,\"height\":580,\"caption\":\"Festival de Bandone\u00f3n Osvaldo Ruggiero\"},{\"@type\":\"BreadcrumbList\",\"@id\":\"https:\\\/\\\/www.fracturaexpuesta.com.ar\\\/gotan\\\/la-llama-del-bandoneon-sigue-encendida\\\/#breadcrumb\",\"itemListElement\":[{\"@type\":\"ListItem\",\"position\":1,\"name\":\"Inicio\",\"item\":\"https:\\\/\\\/www.fracturaexpuesta.com.ar\\\/gotan\\\/\"},{\"@type\":\"ListItem\",\"position\":2,\"name\":\"La llama del bandone\u00f3n sigue encendida\"}]},{\"@type\":\"WebSite\",\"@id\":\"https:\\\/\\\/www.fracturaexpuesta.com.ar\\\/gotan\\\/#website\",\"url\":\"https:\\\/\\\/www.fracturaexpuesta.com.ar\\\/gotan\\\/\",\"name\":\"Fractura Expuesta | Tango!\",\"description\":\"\",\"publisher\":{\"@id\":\"https:\\\/\\\/www.fracturaexpuesta.com.ar\\\/gotan\\\/#organization\"},\"potentialAction\":[{\"@type\":\"SearchAction\",\"target\":{\"@type\":\"EntryPoint\",\"urlTemplate\":\"https:\\\/\\\/www.fracturaexpuesta.com.ar\\\/gotan\\\/?s={search_term_string}\"},\"query-input\":{\"@type\":\"PropertyValueSpecification\",\"valueRequired\":true,\"valueName\":\"search_term_string\"}}],\"inLanguage\":\"es-AR\"},{\"@type\":\"Organization\",\"@id\":\"https:\\\/\\\/www.fracturaexpuesta.com.ar\\\/gotan\\\/#organization\",\"name\":\"Fractura Expuesta | Tango!\",\"url\":\"https:\\\/\\\/www.fracturaexpuesta.com.ar\\\/gotan\\\/\",\"logo\":{\"@type\":\"ImageObject\",\"inLanguage\":\"es-AR\",\"@id\":\"https:\\\/\\\/www.fracturaexpuesta.com.ar\\\/gotan\\\/#\\\/schema\\\/logo\\\/image\\\/\",\"url\":\"https:\\\/\\\/www.fracturaexpuesta.com.ar\\\/gotan\\\/wp-content\\\/uploads\\\/2025\\\/03\\\/avatar2centroOK.jpg\",\"contentUrl\":\"https:\\\/\\\/www.fracturaexpuesta.com.ar\\\/gotan\\\/wp-content\\\/uploads\\\/2025\\\/03\\\/avatar2centroOK.jpg\",\"width\":600,\"height\":600,\"caption\":\"Fractura Expuesta | Tango!\"},\"image\":{\"@id\":\"https:\\\/\\\/www.fracturaexpuesta.com.ar\\\/gotan\\\/#\\\/schema\\\/logo\\\/image\\\/\"}},{\"@type\":\"Person\",\"@id\":\"https:\\\/\\\/www.fracturaexpuesta.com.ar\\\/gotan\\\/#\\\/schema\\\/person\\\/d8266939f778485b13ad2174aa9e199e\",\"name\":\"Fractura Expuesta\",\"image\":{\"@type\":\"ImageObject\",\"inLanguage\":\"es-AR\",\"@id\":\"https:\\\/\\\/secure.gravatar.com\\\/avatar\\\/c4bad1eb9f93dd4a42df3aa8b8e8b882ff893fcea188ee15488a845db442d7ec?s=96&d=mm&r=g\",\"url\":\"https:\\\/\\\/secure.gravatar.com\\\/avatar\\\/c4bad1eb9f93dd4a42df3aa8b8e8b882ff893fcea188ee15488a845db442d7ec?s=96&d=mm&r=g\",\"contentUrl\":\"https:\\\/\\\/secure.gravatar.com\\\/avatar\\\/c4bad1eb9f93dd4a42df3aa8b8e8b882ff893fcea188ee15488a845db442d7ec?s=96&d=mm&r=g\",\"caption\":\"Fractura Expuesta\"},\"description\":\"Sitio de tango y noticias culturales. Desde 2003, el espacio referente del tango de estos tiempos.\",\"sameAs\":[\"https:\\\/\\\/www.fracturaexpuesta.com.ar\",\"https:\\\/\\\/www.facebook.com\\\/fracturaexpuestaok\",\"https:\\\/\\\/www.instagram.com\\\/fracturaexpuesta\",\"https:\\\/\\\/x.com\\\/https:\\\/\\\/x.com\\\/fracturatango\",\"https:\\\/\\\/www.youtube.com\\\/channel\\\/UCojA8Q0QDpnncOL8sfTHOHg\"],\"url\":\"https:\\\/\\\/www.fracturaexpuesta.com.ar\\\/gotan\\\/author\\\/fractura-expuesta\\\/\"}]}<\/script>\n<!-- \/ Yoast SEO plugin. -->","yoast_head_json":{"title":"La llama del bandone\u00f3n sigue encendida &#187; Fractura Expuesta | Tango!","description":"Del 17 al 27 de septiembre se realizar\u00e1 la cuarta edici\u00f3n del Festival de Bandone\u00f3n Osvaldo Ruggiero. Con conciertos, milongas, charlas y documentales en distintas sedes, el encuentro reivindica la vigencia del instrumento y homenajea esta vez a V\u00edctor Lavall\u00e9n, figura fundamental de la historia del tango.","robots":{"index":"index","follow":"follow","max-snippet":"max-snippet:-1","max-image-preview":"max-image-preview:large","max-video-preview":"max-video-preview:-1"},"canonical":"https:\/\/www.fracturaexpuesta.com.ar\/gotan\/la-llama-del-bandoneon-sigue-encendida\/","og_locale":"es_ES","og_type":"article","og_title":"La llama del bandone\u00f3n sigue encendida","og_description":"Del 17 al 27 de septiembre se realizar\u00e1 la cuarta edici\u00f3n del Festival de Bandone\u00f3n Osvaldo Ruggiero. Con conciertos, milongas, charlas y documentales en distintas sedes, el encuentro reivindica la vigencia del instrumento y homenajea esta vez a V\u00edctor Lavall\u00e9n, figura fundamental de la historia del tango.","og_url":"https:\/\/www.fracturaexpuesta.com.ar\/gotan\/la-llama-del-bandoneon-sigue-encendida\/","og_site_name":"Fractura Expuesta | Tango!","article_author":"https:\/\/www.facebook.com\/fracturaexpuestaok","article_published_time":"2026-08-31T22:14:21+00:00","article_modified_time":"2026-08-31T22:19:40+00:00","og_image":[{"width":870,"height":580,"url":"https:\/\/www.fracturaexpuesta.com.ar\/gotan\/wp-content\/uploads\/2026\/08\/Festival-de-Bandoneon-Osvaldo-Ruggiero-1.webp","type":"image\/webp"}],"author":"Fractura Expuesta","twitter_card":"summary_large_image","twitter_title":"La llama del bandone\u00f3n sigue encendida","twitter_description":"Del 17 al 27 de septiembre se realizar\u00e1 la cuarta edici\u00f3n del Festival de Bandone\u00f3n Osvaldo Ruggiero. Con conciertos, milongas, charlas y documentales en distintas sedes, el encuentro reivindica la vigencia del instrumento y homenajea esta vez a V\u00edctor Lavall\u00e9n, figura fundamental de la historia del tango.","twitter_image":"https:\/\/www.fracturaexpuesta.com.ar\/gotan\/wp-content\/uploads\/2026\/08\/Festival-de-Bandoneon-Osvaldo-Ruggiero-1.webp","twitter_creator":"@https:\/\/x.com\/fracturatango","twitter_misc":{"Escrito por":"Fractura Expuesta","Tiempo de lectura":"5 minutos"},"schema":{"@context":"https:\/\/schema.org","@graph":[{"@type":"Article","@id":"https:\/\/www.fracturaexpuesta.com.ar\/gotan\/la-llama-del-bandoneon-sigue-encendida\/#article","isPartOf":{"@id":"https:\/\/www.fracturaexpuesta.com.ar\/gotan\/la-llama-del-bandoneon-sigue-encendida\/"},"author":{"name":"Fractura Expuesta","@id":"https:\/\/www.fracturaexpuesta.com.ar\/gotan\/#\/schema\/person\/d8266939f778485b13ad2174aa9e199e"},"headline":"La llama del bandone\u00f3n sigue encendida","datePublished":"2026-08-31T22:14:21+00:00","dateModified":"2026-08-31T22:19:40+00:00","mainEntityOfPage":{"@id":"https:\/\/www.fracturaexpuesta.com.ar\/gotan\/la-llama-del-bandoneon-sigue-encendida\/"},"wordCount":900,"commentCount":0,"publisher":{"@id":"https:\/\/www.fracturaexpuesta.com.ar\/gotan\/#organization"},"image":{"@id":"https:\/\/www.fracturaexpuesta.com.ar\/gotan\/la-llama-del-bandoneon-sigue-encendida\/#primaryimage"},"thumbnailUrl":"https:\/\/www.fracturaexpuesta.com.ar\/gotan\/wp-content\/uploads\/2026\/08\/Festival-de-Bandoneon-Osvaldo-Ruggiero-1.webp","keywords":["adrian ruggiero","daniel ruggiero","Festival de Bandone\u00f3n Osvaldo Ruggiero","festival de tango"],"articleSection":["Noticias"],"inLanguage":"es-AR","potentialAction":[{"@type":"CommentAction","name":"Comment","target":["https:\/\/www.fracturaexpuesta.com.ar\/gotan\/la-llama-del-bandoneon-sigue-encendida\/#respond"]}]},{"@type":"WebPage","@id":"https:\/\/www.fracturaexpuesta.com.ar\/gotan\/la-llama-del-bandoneon-sigue-encendida\/","url":"https:\/\/www.fracturaexpuesta.com.ar\/gotan\/la-llama-del-bandoneon-sigue-encendida\/","name":"La llama del bandone\u00f3n sigue encendida &#187; Fractura Expuesta | Tango!","isPartOf":{"@id":"https:\/\/www.fracturaexpuesta.com.ar\/gotan\/#website"},"primaryImageOfPage":{"@id":"https:\/\/www.fracturaexpuesta.com.ar\/gotan\/la-llama-del-bandoneon-sigue-encendida\/#primaryimage"},"image":{"@id":"https:\/\/www.fracturaexpuesta.com.ar\/gotan\/la-llama-del-bandoneon-sigue-encendida\/#primaryimage"},"thumbnailUrl":"https:\/\/www.fracturaexpuesta.com.ar\/gotan\/wp-content\/uploads\/2026\/08\/Festival-de-Bandoneon-Osvaldo-Ruggiero-1.webp","datePublished":"2026-08-31T22:14:21+00:00","dateModified":"2026-08-31T22:19:40+00:00","description":"Del 17 al 27 de septiembre se realizar\u00e1 la cuarta edici\u00f3n del Festival de Bandone\u00f3n Osvaldo Ruggiero. Con conciertos, milongas, charlas y documentales en distintas sedes, el encuentro reivindica la vigencia del instrumento y homenajea esta vez a V\u00edctor Lavall\u00e9n, figura fundamental de la historia del tango.","breadcrumb":{"@id":"https:\/\/www.fracturaexpuesta.com.ar\/gotan\/la-llama-del-bandoneon-sigue-encendida\/#breadcrumb"},"inLanguage":"es-AR","potentialAction":[{"@type":"ReadAction","target":["https:\/\/www.fracturaexpuesta.com.ar\/gotan\/la-llama-del-bandoneon-sigue-encendida\/"]}]},{"@type":"ImageObject","inLanguage":"es-AR","@id":"https:\/\/www.fracturaexpuesta.com.ar\/gotan\/la-llama-del-bandoneon-sigue-encendida\/#primaryimage","url":"https:\/\/www.fracturaexpuesta.com.ar\/gotan\/wp-content\/uploads\/2026\/08\/Festival-de-Bandoneon-Osvaldo-Ruggiero-1.webp","contentUrl":"https:\/\/www.fracturaexpuesta.com.ar\/gotan\/wp-content\/uploads\/2026\/08\/Festival-de-Bandoneon-Osvaldo-Ruggiero-1.webp","width":870,"height":580,"caption":"Festival de Bandone\u00f3n Osvaldo Ruggiero"},{"@type":"BreadcrumbList","@id":"https:\/\/www.fracturaexpuesta.com.ar\/gotan\/la-llama-del-bandoneon-sigue-encendida\/#breadcrumb","itemListElement":[{"@type":"ListItem","position":1,"name":"Inicio","item":"https:\/\/www.fracturaexpuesta.com.ar\/gotan\/"},{"@type":"ListItem","position":2,"name":"La llama del bandone\u00f3n sigue encendida"}]},{"@type":"WebSite","@id":"https:\/\/www.fracturaexpuesta.com.ar\/gotan\/#website","url":"https:\/\/www.fracturaexpuesta.com.ar\/gotan\/","name":"Fractura Expuesta | Tango!","description":"","publisher":{"@id":"https:\/\/www.fracturaexpuesta.com.ar\/gotan\/#organization"},"potentialAction":[{"@type":"SearchAction","target":{"@type":"EntryPoint","urlTemplate":"https:\/\/www.fracturaexpuesta.com.ar\/gotan\/?s={search_term_string}"},"query-input":{"@type":"PropertyValueSpecification","valueRequired":true,"valueName":"search_term_string"}}],"inLanguage":"es-AR"},{"@type":"Organization","@id":"https:\/\/www.fracturaexpuesta.com.ar\/gotan\/#organization","name":"Fractura Expuesta | Tango!","url":"https:\/\/www.fracturaexpuesta.com.ar\/gotan\/","logo":{"@type":"ImageObject","inLanguage":"es-AR","@id":"https:\/\/www.fracturaexpuesta.com.ar\/gotan\/#\/schema\/logo\/image\/","url":"https:\/\/www.fracturaexpuesta.com.ar\/gotan\/wp-content\/uploads\/2025\/03\/avatar2centroOK.jpg","contentUrl":"https:\/\/www.fracturaexpuesta.com.ar\/gotan\/wp-content\/uploads\/2025\/03\/avatar2centroOK.jpg","width":600,"height":600,"caption":"Fractura Expuesta | Tango!"},"image":{"@id":"https:\/\/www.fracturaexpuesta.com.ar\/gotan\/#\/schema\/logo\/image\/"}},{"@type":"Person","@id":"https:\/\/www.fracturaexpuesta.com.ar\/gotan\/#\/schema\/person\/d8266939f778485b13ad2174aa9e199e","name":"Fractura Expuesta","image":{"@type":"ImageObject","inLanguage":"es-AR","@id":"https:\/\/secure.gravatar.com\/avatar\/c4bad1eb9f93dd4a42df3aa8b8e8b882ff893fcea188ee15488a845db442d7ec?s=96&d=mm&r=g","url":"https:\/\/secure.gravatar.com\/avatar\/c4bad1eb9f93dd4a42df3aa8b8e8b882ff893fcea188ee15488a845db442d7ec?s=96&d=mm&r=g","contentUrl":"https:\/\/secure.gravatar.com\/avatar\/c4bad1eb9f93dd4a42df3aa8b8e8b882ff893fcea188ee15488a845db442d7ec?s=96&d=mm&r=g","caption":"Fractura Expuesta"},"description":"Sitio de tango y noticias culturales. Desde 2003, el espacio referente del tango de estos tiempos.","sameAs":["https:\/\/www.fracturaexpuesta.com.ar","https:\/\/www.facebook.com\/fracturaexpuestaok","https:\/\/www.instagram.com\/fracturaexpuesta","https:\/\/x.com\/https:\/\/x.com\/fracturatango","https:\/\/www.youtube.com\/channel\/UCojA8Q0QDpnncOL8sfTHOHg"],"url":"https:\/\/www.fracturaexpuesta.com.ar\/gotan\/author\/fractura-expuesta\/"}]}},"_links":{"self":[{"href":"https:\/\/www.fracturaexpuesta.com.ar\/gotan\/wp-json\/wp\/v2\/posts\/6573","targetHints":{"allow":["GET"]}}],"collection":[{"href":"https:\/\/www.fracturaexpuesta.com.ar\/gotan\/wp-json\/wp\/v2\/posts"}],"about":[{"href":"https:\/\/www.fracturaexpuesta.com.ar\/gotan\/wp-json\/wp\/v2\/types\/post"}],"author":[{"embeddable":true,"href":"https:\/\/www.fracturaexpuesta.com.ar\/gotan\/wp-json\/wp\/v2\/users\/1"}],"replies":[{"embeddable":true,"href":"https:\/\/www.fracturaexpuesta.com.ar\/gotan\/wp-json\/wp\/v2\/comments?post=6573"}],"version-history":[{"count":4,"href":"https:\/\/www.fracturaexpuesta.com.ar\/gotan\/wp-json\/wp\/v2\/posts\/6573\/revisions"}],"predecessor-version":[{"id":6579,"href":"https:\/\/www.fracturaexpuesta.com.ar\/gotan\/wp-json\/wp\/v2\/posts\/6573\/revisions\/6579"}],"wp:featuredmedia":[{"embeddable":true,"href":"https:\/\/www.fracturaexpuesta.com.ar\/gotan\/wp-json\/wp\/v2\/media\/6574"}],"wp:attachment":[{"href":"https:\/\/www.fracturaexpuesta.com.ar\/gotan\/wp-json\/wp\/v2\/media?parent=6573"}],"wp:term":[{"taxonomy":"category","embeddable":true,"href":"https:\/\/www.fracturaexpuesta.com.ar\/gotan\/wp-json\/wp\/v2\/categories?post=6573"},{"taxonomy":"post_tag","embeddable":true,"href":"https:\/\/www.fracturaexpuesta.com.ar\/gotan\/wp-json\/wp\/v2\/tags?post=6573"}],"curies":[{"name":"wp","href":"https:\/\/api.w.org\/{rel}","templated":true}]}}