{"id":6581,"date":"2026-09-02T16:40:31","date_gmt":"2026-09-02T19:40:31","guid":{"rendered":"https:\/\/www.fracturaexpuesta.com.ar\/gotan\/?p=6581"},"modified":"2026-09-02T21:28:56","modified_gmt":"2026-09-03T00:28:56","slug":"facaff8-comienza-la-nueva-edicion-de-la-cumbre-del-tango-de-hoy","status":"publish","type":"post","link":"https:\/\/www.fracturaexpuesta.com.ar\/gotan\/facaff8-comienza-la-nueva-edicion-de-la-cumbre-del-tango-de-hoy\/","title":{"rendered":"FACAFF8: comienza la nueva edici\u00f3n de la &#8220;cumbre del tango de hoy&#8221;"},"content":{"rendered":"\n<div style=\"height:10px\" aria-hidden=\"true\" class=\"wp-block-spacer\"><\/div>\n\n\n\n<p class=\"wp-block-paragraph\">El festival de tango del Club Atl\u00e9tico Fern\u00e1ndez Fierro (FACAFF) vuelve en septiembre con su octava edici\u00f3n.<\/p>\n\n\n\n<p class=\"wp-block-paragraph\">Desde el <strong>jueves 3  y hasta el domingo  27<\/strong>, m\u00e1s de veinte agrupaciones ser\u00e1n parte de este encuentro autogestivo que propone una mirada aut\u00e9ntica, contempor\u00e1nea e innovadora sobre el tango de hoy. De ese esp\u00edritu de reuni\u00f3n surgi\u00f3 su sigla, &#8220;Familia del Club Altl\u00e9tico Fern\u00e1ndez Fierro&#8221; (FACAFF).<\/p>\n\n\n\n<p class=\"wp-block-paragraph\">Como siempre, el FACAFF8 tendr\u00e1 lugar en el CAFF (S\u00e1nchez de Bustamante 772) y la inauguraci\u00f3n de <strong>este jueves contar\u00e1 con los conciertos de Bordonasnocromo, Las Cuarenta y Contragolpe<\/strong>.<\/p>\n\n\n\n<p class=\"wp-block-paragraph\">&#8220;Es un orgullo para nosotros poder dar continuidad a esta cumbre del tango de hoy. Ya vamos por la octava edici\u00f3n y muchas agrupaciones han tenido su espacio en este festival&#8221;, expresa Walter C\u00f3ccaro, organizador del festival. <\/p>\n\n\n\n<p class=\"wp-block-paragraph\">C\u00f3ccaro, quien es adem\u00e1s prosecretario de la C\u00e1mara de Clubes de M\u00fasica en Vivo (CLUMVI), se\u00f1ala tambi\u00e9n que &#8220;con FACAFF <strong>propiciamos conciertos de grupos consagrados as\u00ed como propuestas que no cuentan con un circuito propio de difusi\u00f3n<\/strong> en el ambiente musical porte\u00f1o&#8221;. Y concluye: &#8220;Nos centramos en la autogesti\u00f3n musical, art\u00edstica y laboral, apoyando toda manifestaci\u00f3n que se encuentre fuera de los canales tradicionales de comunicaci\u00f3n masiva&#8221;.<\/p>\n\n\n\n<p class=\"wp-block-paragraph\">Con siete ediciones anteriores, una importante convocatoria de p\u00fablico -no sin tropezones y dificultades producidas por la inestable situaci\u00f3n del sector cultural argentino- el FACAFF se consolid\u00f3 como uno de los espacios de referencia para las expresiones del tango actual, un tango vivo, alejado de los estereotipos y de las versiones pensadas exclusivamente para una direcci\u00f3n &#8220;for export&#8221;, cuentan sus impulsores.<\/p>\n\n\n\n<p class=\"wp-block-paragraph\">La octava edici\u00f3n del festival reunir\u00e1 <strong>conciertos, una sinergia con el Festival de Bandone\u00f3n Osvaldo Ruggiero<\/strong>, <strong>feria de libros y presentaciones de discos<\/strong>, en una propuesta que pone en primer plano la producci\u00f3n musical independiente del tango.<\/p>\n\n\n\n<h3 class=\"wp-block-heading\">La programaci\u00f3n completa<\/h3>\n\n\n\n<p class=\"wp-block-paragraph\"><strong>Jueves 3<\/strong> &#8211; Bordonasnocromo \/ Las Cuarenta \/ Contragolpe<\/p>\n\n\n\n<p class=\"wp-block-paragraph\"><strong>Viernes 4 <\/strong>&#8211; Luciano Novati<\/p>\n\n\n\n<p class=\"wp-block-paragraph\"><strong>Domingo 6<\/strong> &#8211; Guitarras del Once \/ Quinteto de los Satos<\/p>\n\n\n\n<p class=\"wp-block-paragraph\"><strong>Jueves 10<\/strong> &#8211; Negro Valor \/ Hast\u00edo Tango<\/p>\n\n\n\n<p class=\"wp-block-paragraph\"><strong>Viernes 11<\/strong> &#8211; D\u00fao Ranas con Chino Laborde + Invitados Sorpresa<\/p>\n\n\n\n<p class=\"wp-block-paragraph\"><strong>S\u00e1bado 12<\/strong> &#8211; Marcos Larra\u00f1aga Grupo \/ La Cofrad\u00eda del Got\u00e1n \/ Ruggiero Targo<\/p>\n\n\n\n<p class=\"wp-block-paragraph\"><strong>Domingo 13 <\/strong>&#8211; Guitarras Sensibles de Flores \/ Hugo Rivas con Felipe Traine \/ Los Hermanos Rivas con Adri\u00e1n Rivas<\/p>\n\n\n\n<p class=\"wp-block-paragraph\"><strong>Jueves 17<\/strong> &#8211; Troylo Delay<\/p>\n\n\n\n<p class=\"wp-block-paragraph\"><strong>Viernes 18<\/strong> &#8211; Ramanegra D\u00fao \/ Pedretti-Bergesio \/ Ivo Sebasti\u00e1n + Alex Musatov<\/p>\n\n\n\n<p class=\"wp-block-paragraph\"><strong>S\u00e1bado 19<\/strong> &#8211; Violentango \/ Milagros Caliva Tr\u00edo<\/p>\n\n\n\n<p class=\"wp-block-paragraph\"><strong>Domingo 20<\/strong> &#8211; Guitarras del Once \/ El Chamuyo \/ Vergagni Mart\u00ednez<\/p>\n\n\n\n<p class=\"wp-block-paragraph\"><strong>Jueves 24<\/strong> &#8211; Quiero 24 \/ Cinzarazi \/ Criminal Tango<\/p>\n\n\n\n<p class=\"wp-block-paragraph\"><strong>Viernes 25<\/strong> &#8211; Fern\u00e1ndez Fierro<\/p>\n\n\n\n<p class=\"wp-block-paragraph\"><strong>S\u00e1bado 26 <\/strong>\u2014 <a href=\"https:\/\/www.fracturaexpuesta.com.ar\/gotan\/la-llama-del-bandoneon-sigue-encendida\/\" target=\"_blank\" rel=\"noreferrer noopener\">Festival del Bandone\u00f3n<\/a> con Orquesta T\u00edpica Ruggiero y Orquesta T\u00edpica Lavall\u00e9n<\/p>\n\n\n\n<p class=\"wp-block-paragraph\"><strong>Domingo 27<\/strong> &#8211; Guitarras del Once \/ Agust\u00edn Guerrero Quinteto<\/p>\n\n\n\n<h3 class=\"wp-block-heading\">Entradas e informaci\u00f3n<\/h3>\n\n\n\n<p class=\"wp-block-paragraph\">Las entradas pueden adquirirse en efectivo en la boleter\u00eda del club o a trav\u00e9s de PlanOut. Los jubilados tienen entrada sin cargo y hay promoci\u00f3n 2&#215;1 para estudiantes.<\/p>\n\n\n\n<p class=\"wp-block-paragraph\">Adem\u00e1s, se invita al p\u00fablico a concurrir con un alimento no perecedero para colaborar con comedores comunitarios.<\/p>\n\n\n\n<p class=\"wp-block-paragraph\"><strong>FACAFF8<\/strong><br>Club Atl\u00e9tico Fern\u00e1ndez Fierro (CAFF)<br>S\u00e1nchez de Bustamante 772, CABA<br>Inauguraci\u00f3n: jueves 3 de septiembre \/ www.caff.ar<\/p>\n\n\n\n<div style=\"height:10px\" aria-hidden=\"true\" class=\"wp-block-spacer\"><\/div>\n","protected":false},"excerpt":{"rendered":"<p>Desde este jueves el tango independiente tiene su lugar con los conciertos de la octava edici\u00f3n del festival FACAFF.<\/p>\n","protected":false},"author":1,"featured_media":6582,"comment_status":"open","ping_status":"open","sticky":false,"template":"","format":"standard","meta":{"footnotes":""},"categories":[7],"tags":[200,112,159],"class_list":["post-6581","post","type-post","status-publish","format-standard","has-post-thumbnail","hentry","category-noticias","tag-facaff","tag-fernandez-fierro","tag-festival-de-tango"],"yoast_head":"<!-- This site is optimized with the Yoast SEO plugin v28.3 - https:\/\/yoast.com\/product\/yoast-seo-wordpress\/ -->\n<title>FACAFF8: comienza la nueva edici\u00f3n de la &quot;cumbre del tango de hoy&quot; &#187; Fractura Expuesta | Tango!<\/title>\n<meta name=\"description\" content=\"Desde este jueves el tango independiente tiene su lugar con los conciertos de la octava edici\u00f3n del festival FACAFF.\" \/>\n<meta name=\"robots\" content=\"index, follow, max-snippet:-1, max-image-preview:large, max-video-preview:-1\" \/>\n<link rel=\"canonical\" href=\"https:\/\/www.fracturaexpuesta.com.ar\/gotan\/facaff8-comienza-la-nueva-edicion-de-la-cumbre-del-tango-de-hoy\/\" \/>\n<meta property=\"og:locale\" content=\"es_ES\" \/>\n<meta property=\"og:type\" content=\"article\" \/>\n<meta property=\"og:title\" content=\"FACAFF8: comienza la nueva edici\u00f3n de la &quot;cumbre del tango de hoy&quot;\" \/>\n<meta property=\"og:description\" content=\"Desde este jueves el tango independiente tiene su lugar con los conciertos de la octava edici\u00f3n del festival FACAFF.\" \/>\n<meta property=\"og:url\" content=\"https:\/\/www.fracturaexpuesta.com.ar\/gotan\/facaff8-comienza-la-nueva-edicion-de-la-cumbre-del-tango-de-hoy\/\" \/>\n<meta property=\"og:site_name\" content=\"Fractura Expuesta | Tango!\" \/>\n<meta property=\"article:author\" content=\"https:\/\/www.facebook.com\/fracturaexpuestaok\" \/>\n<meta property=\"article:published_time\" content=\"2026-09-02T19:40:31+00:00\" \/>\n<meta property=\"article:modified_time\" content=\"2026-09-03T00:28:56+00:00\" \/>\n<meta property=\"og:image\" content=\"https:\/\/www.fracturaexpuesta.com.ar\/gotan\/wp-content\/uploads\/2026\/09\/fernandez-fierro-e1788377802431.jpg\" \/>\n\t<meta property=\"og:image:width\" content=\"800\" \/>\n\t<meta property=\"og:image:height\" content=\"548\" \/>\n\t<meta property=\"og:image:type\" content=\"image\/jpeg\" \/>\n<meta name=\"author\" content=\"Fractura Expuesta\" \/>\n<meta name=\"twitter:card\" content=\"summary_large_image\" \/>\n<meta name=\"twitter:title\" content=\"FACAFF8: comienza la nueva edici\u00f3n de la &quot;cumbre del tango de hoy&quot;\" \/>\n<meta name=\"twitter:description\" content=\"Desde este jueves el tango independiente tiene su lugar con los conciertos de la octava edici\u00f3n del festival FACAFF.\" \/>\n<meta name=\"twitter:image\" content=\"https:\/\/www.fracturaexpuesta.com.ar\/gotan\/wp-content\/uploads\/2026\/09\/fernandez-fierro-e1788377802431.jpg\" \/>\n<meta name=\"twitter:creator\" content=\"@https:\/\/x.com\/fracturatango\" \/>\n<meta name=\"twitter:label1\" content=\"Escrito por\" \/>\n\t<meta name=\"twitter:data1\" content=\"Fractura Expuesta\" \/>\n\t<meta name=\"twitter:label2\" content=\"Tiempo de lectura\" \/>\n\t<meta name=\"twitter:data2\" content=\"3 minutos\" \/>\n<script type=\"application\/ld+json\" class=\"yoast-schema-graph\">{\"@context\":\"https:\\\/\\\/schema.org\",\"@graph\":[{\"@type\":\"Article\",\"@id\":\"https:\\\/\\\/www.fracturaexpuesta.com.ar\\\/gotan\\\/facaff8-comienza-la-nueva-edicion-de-la-cumbre-del-tango-de-hoy\\\/#article\",\"isPartOf\":{\"@id\":\"https:\\\/\\\/www.fracturaexpuesta.com.ar\\\/gotan\\\/facaff8-comienza-la-nueva-edicion-de-la-cumbre-del-tango-de-hoy\\\/\"},\"author\":{\"name\":\"Fractura Expuesta\",\"@id\":\"https:\\\/\\\/www.fracturaexpuesta.com.ar\\\/gotan\\\/#\\\/schema\\\/person\\\/d8266939f778485b13ad2174aa9e199e\"},\"headline\":\"FACAFF8: comienza la nueva edici\u00f3n de la &#8220;cumbre del tango de hoy&#8221;\",\"datePublished\":\"2026-09-02T19:40:31+00:00\",\"dateModified\":\"2026-09-03T00:28:56+00:00\",\"mainEntityOfPage\":{\"@id\":\"https:\\\/\\\/www.fracturaexpuesta.com.ar\\\/gotan\\\/facaff8-comienza-la-nueva-edicion-de-la-cumbre-del-tango-de-hoy\\\/\"},\"wordCount\":555,\"commentCount\":0,\"publisher\":{\"@id\":\"https:\\\/\\\/www.fracturaexpuesta.com.ar\\\/gotan\\\/#organization\"},\"image\":{\"@id\":\"https:\\\/\\\/www.fracturaexpuesta.com.ar\\\/gotan\\\/facaff8-comienza-la-nueva-edicion-de-la-cumbre-del-tango-de-hoy\\\/#primaryimage\"},\"thumbnailUrl\":\"https:\\\/\\\/www.fracturaexpuesta.com.ar\\\/gotan\\\/wp-content\\\/uploads\\\/2026\\\/09\\\/fernandez-fierro-e1788377802431.jpg\",\"keywords\":[\"FACAFF\",\"fernandez fierro\",\"festival de tango\"],\"articleSection\":[\"Noticias\"],\"inLanguage\":\"es-AR\",\"potentialAction\":[{\"@type\":\"CommentAction\",\"name\":\"Comment\",\"target\":[\"https:\\\/\\\/www.fracturaexpuesta.com.ar\\\/gotan\\\/facaff8-comienza-la-nueva-edicion-de-la-cumbre-del-tango-de-hoy\\\/#respond\"]}]},{\"@type\":\"WebPage\",\"@id\":\"https:\\\/\\\/www.fracturaexpuesta.com.ar\\\/gotan\\\/facaff8-comienza-la-nueva-edicion-de-la-cumbre-del-tango-de-hoy\\\/\",\"url\":\"https:\\\/\\\/www.fracturaexpuesta.com.ar\\\/gotan\\\/facaff8-comienza-la-nueva-edicion-de-la-cumbre-del-tango-de-hoy\\\/\",\"name\":\"FACAFF8: comienza la nueva edici\u00f3n de la \\\"cumbre del tango de hoy\\\" &#187; Fractura Expuesta | Tango!\",\"isPartOf\":{\"@id\":\"https:\\\/\\\/www.fracturaexpuesta.com.ar\\\/gotan\\\/#website\"},\"primaryImageOfPage\":{\"@id\":\"https:\\\/\\\/www.fracturaexpuesta.com.ar\\\/gotan\\\/facaff8-comienza-la-nueva-edicion-de-la-cumbre-del-tango-de-hoy\\\/#primaryimage\"},\"image\":{\"@id\":\"https:\\\/\\\/www.fracturaexpuesta.com.ar\\\/gotan\\\/facaff8-comienza-la-nueva-edicion-de-la-cumbre-del-tango-de-hoy\\\/#primaryimage\"},\"thumbnailUrl\":\"https:\\\/\\\/www.fracturaexpuesta.com.ar\\\/gotan\\\/wp-content\\\/uploads\\\/2026\\\/09\\\/fernandez-fierro-e1788377802431.jpg\",\"datePublished\":\"2026-09-02T19:40:31+00:00\",\"dateModified\":\"2026-09-03T00:28:56+00:00\",\"description\":\"Desde este jueves el tango independiente tiene su lugar con los conciertos de la octava edici\u00f3n del festival FACAFF.\",\"breadcrumb\":{\"@id\":\"https:\\\/\\\/www.fracturaexpuesta.com.ar\\\/gotan\\\/facaff8-comienza-la-nueva-edicion-de-la-cumbre-del-tango-de-hoy\\\/#breadcrumb\"},\"inLanguage\":\"es-AR\",\"potentialAction\":[{\"@type\":\"ReadAction\",\"target\":[\"https:\\\/\\\/www.fracturaexpuesta.com.ar\\\/gotan\\\/facaff8-comienza-la-nueva-edicion-de-la-cumbre-del-tango-de-hoy\\\/\"]}]},{\"@type\":\"ImageObject\",\"inLanguage\":\"es-AR\",\"@id\":\"https:\\\/\\\/www.fracturaexpuesta.com.ar\\\/gotan\\\/facaff8-comienza-la-nueva-edicion-de-la-cumbre-del-tango-de-hoy\\\/#primaryimage\",\"url\":\"https:\\\/\\\/www.fracturaexpuesta.com.ar\\\/gotan\\\/wp-content\\\/uploads\\\/2026\\\/09\\\/fernandez-fierro-e1788377802431.jpg\",\"contentUrl\":\"https:\\\/\\\/www.fracturaexpuesta.com.ar\\\/gotan\\\/wp-content\\\/uploads\\\/2026\\\/09\\\/fernandez-fierro-e1788377802431.jpg\",\"width\":800,\"height\":548,\"caption\":\"Fernandez Fierro\"},{\"@type\":\"BreadcrumbList\",\"@id\":\"https:\\\/\\\/www.fracturaexpuesta.com.ar\\\/gotan\\\/facaff8-comienza-la-nueva-edicion-de-la-cumbre-del-tango-de-hoy\\\/#breadcrumb\",\"itemListElement\":[{\"@type\":\"ListItem\",\"position\":1,\"name\":\"Inicio\",\"item\":\"https:\\\/\\\/www.fracturaexpuesta.com.ar\\\/gotan\\\/\"},{\"@type\":\"ListItem\",\"position\":2,\"name\":\"FACAFF8: comienza la nueva edici\u00f3n de la &#8220;cumbre del tango de hoy&#8221;\"}]},{\"@type\":\"WebSite\",\"@id\":\"https:\\\/\\\/www.fracturaexpuesta.com.ar\\\/gotan\\\/#website\",\"url\":\"https:\\\/\\\/www.fracturaexpuesta.com.ar\\\/gotan\\\/\",\"name\":\"Fractura Expuesta | Tango!\",\"description\":\"\",\"publisher\":{\"@id\":\"https:\\\/\\\/www.fracturaexpuesta.com.ar\\\/gotan\\\/#organization\"},\"potentialAction\":[{\"@type\":\"SearchAction\",\"target\":{\"@type\":\"EntryPoint\",\"urlTemplate\":\"https:\\\/\\\/www.fracturaexpuesta.com.ar\\\/gotan\\\/?s={search_term_string}\"},\"query-input\":{\"@type\":\"PropertyValueSpecification\",\"valueRequired\":true,\"valueName\":\"search_term_string\"}}],\"inLanguage\":\"es-AR\"},{\"@type\":\"Organization\",\"@id\":\"https:\\\/\\\/www.fracturaexpuesta.com.ar\\\/gotan\\\/#organization\",\"name\":\"Fractura Expuesta | Tango!\",\"url\":\"https:\\\/\\\/www.fracturaexpuesta.com.ar\\\/gotan\\\/\",\"logo\":{\"@type\":\"ImageObject\",\"inLanguage\":\"es-AR\",\"@id\":\"https:\\\/\\\/www.fracturaexpuesta.com.ar\\\/gotan\\\/#\\\/schema\\\/logo\\\/image\\\/\",\"url\":\"https:\\\/\\\/www.fracturaexpuesta.com.ar\\\/gotan\\\/wp-content\\\/uploads\\\/2025\\\/03\\\/avatar2centroOK.jpg\",\"contentUrl\":\"https:\\\/\\\/www.fracturaexpuesta.com.ar\\\/gotan\\\/wp-content\\\/uploads\\\/2025\\\/03\\\/avatar2centroOK.jpg\",\"width\":600,\"height\":600,\"caption\":\"Fractura Expuesta | Tango!\"},\"image\":{\"@id\":\"https:\\\/\\\/www.fracturaexpuesta.com.ar\\\/gotan\\\/#\\\/schema\\\/logo\\\/image\\\/\"}},{\"@type\":\"Person\",\"@id\":\"https:\\\/\\\/www.fracturaexpuesta.com.ar\\\/gotan\\\/#\\\/schema\\\/person\\\/d8266939f778485b13ad2174aa9e199e\",\"name\":\"Fractura Expuesta\",\"image\":{\"@type\":\"ImageObject\",\"inLanguage\":\"es-AR\",\"@id\":\"https:\\\/\\\/secure.gravatar.com\\\/avatar\\\/c4bad1eb9f93dd4a42df3aa8b8e8b882ff893fcea188ee15488a845db442d7ec?s=96&d=mm&r=g\",\"url\":\"https:\\\/\\\/secure.gravatar.com\\\/avatar\\\/c4bad1eb9f93dd4a42df3aa8b8e8b882ff893fcea188ee15488a845db442d7ec?s=96&d=mm&r=g\",\"contentUrl\":\"https:\\\/\\\/secure.gravatar.com\\\/avatar\\\/c4bad1eb9f93dd4a42df3aa8b8e8b882ff893fcea188ee15488a845db442d7ec?s=96&d=mm&r=g\",\"caption\":\"Fractura Expuesta\"},\"description\":\"Sitio de tango y noticias culturales. Desde 2003, el espacio referente del tango de estos tiempos.\",\"sameAs\":[\"https:\\\/\\\/www.fracturaexpuesta.com.ar\",\"https:\\\/\\\/www.facebook.com\\\/fracturaexpuestaok\",\"https:\\\/\\\/www.instagram.com\\\/fracturaexpuesta\",\"https:\\\/\\\/x.com\\\/https:\\\/\\\/x.com\\\/fracturatango\",\"https:\\\/\\\/www.youtube.com\\\/channel\\\/UCojA8Q0QDpnncOL8sfTHOHg\"],\"url\":\"https:\\\/\\\/www.fracturaexpuesta.com.ar\\\/gotan\\\/author\\\/fractura-expuesta\\\/\"}]}<\/script>\n<!-- \/ Yoast SEO plugin. -->","yoast_head_json":{"title":"FACAFF8: comienza la nueva edici\u00f3n de la \"cumbre del tango de hoy\" &#187; Fractura Expuesta | Tango!","description":"Desde este jueves el tango independiente tiene su lugar con los conciertos de la octava edici\u00f3n del festival FACAFF.","robots":{"index":"index","follow":"follow","max-snippet":"max-snippet:-1","max-image-preview":"max-image-preview:large","max-video-preview":"max-video-preview:-1"},"canonical":"https:\/\/www.fracturaexpuesta.com.ar\/gotan\/facaff8-comienza-la-nueva-edicion-de-la-cumbre-del-tango-de-hoy\/","og_locale":"es_ES","og_type":"article","og_title":"FACAFF8: comienza la nueva edici\u00f3n de la \"cumbre del tango de hoy\"","og_description":"Desde este jueves el tango independiente tiene su lugar con los conciertos de la octava edici\u00f3n del festival FACAFF.","og_url":"https:\/\/www.fracturaexpuesta.com.ar\/gotan\/facaff8-comienza-la-nueva-edicion-de-la-cumbre-del-tango-de-hoy\/","og_site_name":"Fractura Expuesta | Tango!","article_author":"https:\/\/www.facebook.com\/fracturaexpuestaok","article_published_time":"2026-09-02T19:40:31+00:00","article_modified_time":"2026-09-03T00:28:56+00:00","og_image":[{"width":800,"height":548,"url":"https:\/\/www.fracturaexpuesta.com.ar\/gotan\/wp-content\/uploads\/2026\/09\/fernandez-fierro-e1788377802431.jpg","type":"image\/jpeg"}],"author":"Fractura Expuesta","twitter_card":"summary_large_image","twitter_title":"FACAFF8: comienza la nueva edici\u00f3n de la \"cumbre del tango de hoy\"","twitter_description":"Desde este jueves el tango independiente tiene su lugar con los conciertos de la octava edici\u00f3n del festival FACAFF.","twitter_image":"https:\/\/www.fracturaexpuesta.com.ar\/gotan\/wp-content\/uploads\/2026\/09\/fernandez-fierro-e1788377802431.jpg","twitter_creator":"@https:\/\/x.com\/fracturatango","twitter_misc":{"Escrito por":"Fractura Expuesta","Tiempo de lectura":"3 minutos"},"schema":{"@context":"https:\/\/schema.org","@graph":[{"@type":"Article","@id":"https:\/\/www.fracturaexpuesta.com.ar\/gotan\/facaff8-comienza-la-nueva-edicion-de-la-cumbre-del-tango-de-hoy\/#article","isPartOf":{"@id":"https:\/\/www.fracturaexpuesta.com.ar\/gotan\/facaff8-comienza-la-nueva-edicion-de-la-cumbre-del-tango-de-hoy\/"},"author":{"name":"Fractura Expuesta","@id":"https:\/\/www.fracturaexpuesta.com.ar\/gotan\/#\/schema\/person\/d8266939f778485b13ad2174aa9e199e"},"headline":"FACAFF8: comienza la nueva edici\u00f3n de la &#8220;cumbre del tango de hoy&#8221;","datePublished":"2026-09-02T19:40:31+00:00","dateModified":"2026-09-03T00:28:56+00:00","mainEntityOfPage":{"@id":"https:\/\/www.fracturaexpuesta.com.ar\/gotan\/facaff8-comienza-la-nueva-edicion-de-la-cumbre-del-tango-de-hoy\/"},"wordCount":555,"commentCount":0,"publisher":{"@id":"https:\/\/www.fracturaexpuesta.com.ar\/gotan\/#organization"},"image":{"@id":"https:\/\/www.fracturaexpuesta.com.ar\/gotan\/facaff8-comienza-la-nueva-edicion-de-la-cumbre-del-tango-de-hoy\/#primaryimage"},"thumbnailUrl":"https:\/\/www.fracturaexpuesta.com.ar\/gotan\/wp-content\/uploads\/2026\/09\/fernandez-fierro-e1788377802431.jpg","keywords":["FACAFF","fernandez fierro","festival de tango"],"articleSection":["Noticias"],"inLanguage":"es-AR","potentialAction":[{"@type":"CommentAction","name":"Comment","target":["https:\/\/www.fracturaexpuesta.com.ar\/gotan\/facaff8-comienza-la-nueva-edicion-de-la-cumbre-del-tango-de-hoy\/#respond"]}]},{"@type":"WebPage","@id":"https:\/\/www.fracturaexpuesta.com.ar\/gotan\/facaff8-comienza-la-nueva-edicion-de-la-cumbre-del-tango-de-hoy\/","url":"https:\/\/www.fracturaexpuesta.com.ar\/gotan\/facaff8-comienza-la-nueva-edicion-de-la-cumbre-del-tango-de-hoy\/","name":"FACAFF8: comienza la nueva edici\u00f3n de la \"cumbre del tango de hoy\" &#187; Fractura Expuesta | Tango!","isPartOf":{"@id":"https:\/\/www.fracturaexpuesta.com.ar\/gotan\/#website"},"primaryImageOfPage":{"@id":"https:\/\/www.fracturaexpuesta.com.ar\/gotan\/facaff8-comienza-la-nueva-edicion-de-la-cumbre-del-tango-de-hoy\/#primaryimage"},"image":{"@id":"https:\/\/www.fracturaexpuesta.com.ar\/gotan\/facaff8-comienza-la-nueva-edicion-de-la-cumbre-del-tango-de-hoy\/#primaryimage"},"thumbnailUrl":"https:\/\/www.fracturaexpuesta.com.ar\/gotan\/wp-content\/uploads\/2026\/09\/fernandez-fierro-e1788377802431.jpg","datePublished":"2026-09-02T19:40:31+00:00","dateModified":"2026-09-03T00:28:56+00:00","description":"Desde este jueves el tango independiente tiene su lugar con los conciertos de la octava edici\u00f3n del festival FACAFF.","breadcrumb":{"@id":"https:\/\/www.fracturaexpuesta.com.ar\/gotan\/facaff8-comienza-la-nueva-edicion-de-la-cumbre-del-tango-de-hoy\/#breadcrumb"},"inLanguage":"es-AR","potentialAction":[{"@type":"ReadAction","target":["https:\/\/www.fracturaexpuesta.com.ar\/gotan\/facaff8-comienza-la-nueva-edicion-de-la-cumbre-del-tango-de-hoy\/"]}]},{"@type":"ImageObject","inLanguage":"es-AR","@id":"https:\/\/www.fracturaexpuesta.com.ar\/gotan\/facaff8-comienza-la-nueva-edicion-de-la-cumbre-del-tango-de-hoy\/#primaryimage","url":"https:\/\/www.fracturaexpuesta.com.ar\/gotan\/wp-content\/uploads\/2026\/09\/fernandez-fierro-e1788377802431.jpg","contentUrl":"https:\/\/www.fracturaexpuesta.com.ar\/gotan\/wp-content\/uploads\/2026\/09\/fernandez-fierro-e1788377802431.jpg","width":800,"height":548,"caption":"Fernandez Fierro"},{"@type":"BreadcrumbList","@id":"https:\/\/www.fracturaexpuesta.com.ar\/gotan\/facaff8-comienza-la-nueva-edicion-de-la-cumbre-del-tango-de-hoy\/#breadcrumb","itemListElement":[{"@type":"ListItem","position":1,"name":"Inicio","item":"https:\/\/www.fracturaexpuesta.com.ar\/gotan\/"},{"@type":"ListItem","position":2,"name":"FACAFF8: comienza la nueva edici\u00f3n de la &#8220;cumbre del tango de hoy&#8221;"}]},{"@type":"WebSite","@id":"https:\/\/www.fracturaexpuesta.com.ar\/gotan\/#website","url":"https:\/\/www.fracturaexpuesta.com.ar\/gotan\/","name":"Fractura Expuesta | Tango!","description":"","publisher":{"@id":"https:\/\/www.fracturaexpuesta.com.ar\/gotan\/#organization"},"potentialAction":[{"@type":"SearchAction","target":{"@type":"EntryPoint","urlTemplate":"https:\/\/www.fracturaexpuesta.com.ar\/gotan\/?s={search_term_string}"},"query-input":{"@type":"PropertyValueSpecification","valueRequired":true,"valueName":"search_term_string"}}],"inLanguage":"es-AR"},{"@type":"Organization","@id":"https:\/\/www.fracturaexpuesta.com.ar\/gotan\/#organization","name":"Fractura Expuesta | Tango!","url":"https:\/\/www.fracturaexpuesta.com.ar\/gotan\/","logo":{"@type":"ImageObject","inLanguage":"es-AR","@id":"https:\/\/www.fracturaexpuesta.com.ar\/gotan\/#\/schema\/logo\/image\/","url":"https:\/\/www.fracturaexpuesta.com.ar\/gotan\/wp-content\/uploads\/2025\/03\/avatar2centroOK.jpg","contentUrl":"https:\/\/www.fracturaexpuesta.com.ar\/gotan\/wp-content\/uploads\/2025\/03\/avatar2centroOK.jpg","width":600,"height":600,"caption":"Fractura Expuesta | Tango!"},"image":{"@id":"https:\/\/www.fracturaexpuesta.com.ar\/gotan\/#\/schema\/logo\/image\/"}},{"@type":"Person","@id":"https:\/\/www.fracturaexpuesta.com.ar\/gotan\/#\/schema\/person\/d8266939f778485b13ad2174aa9e199e","name":"Fractura Expuesta","image":{"@type":"ImageObject","inLanguage":"es-AR","@id":"https:\/\/secure.gravatar.com\/avatar\/c4bad1eb9f93dd4a42df3aa8b8e8b882ff893fcea188ee15488a845db442d7ec?s=96&d=mm&r=g","url":"https:\/\/secure.gravatar.com\/avatar\/c4bad1eb9f93dd4a42df3aa8b8e8b882ff893fcea188ee15488a845db442d7ec?s=96&d=mm&r=g","contentUrl":"https:\/\/secure.gravatar.com\/avatar\/c4bad1eb9f93dd4a42df3aa8b8e8b882ff893fcea188ee15488a845db442d7ec?s=96&d=mm&r=g","caption":"Fractura Expuesta"},"description":"Sitio de tango y noticias culturales. Desde 2003, el espacio referente del tango de estos tiempos.","sameAs":["https:\/\/www.fracturaexpuesta.com.ar","https:\/\/www.facebook.com\/fracturaexpuestaok","https:\/\/www.instagram.com\/fracturaexpuesta","https:\/\/x.com\/https:\/\/x.com\/fracturatango","https:\/\/www.youtube.com\/channel\/UCojA8Q0QDpnncOL8sfTHOHg"],"url":"https:\/\/www.fracturaexpuesta.com.ar\/gotan\/author\/fractura-expuesta\/"}]}},"_links":{"self":[{"href":"https:\/\/www.fracturaexpuesta.com.ar\/gotan\/wp-json\/wp\/v2\/posts\/6581","targetHints":{"allow":["GET"]}}],"collection":[{"href":"https:\/\/www.fracturaexpuesta.com.ar\/gotan\/wp-json\/wp\/v2\/posts"}],"about":[{"href":"https:\/\/www.fracturaexpuesta.com.ar\/gotan\/wp-json\/wp\/v2\/types\/post"}],"author":[{"embeddable":true,"href":"https:\/\/www.fracturaexpuesta.com.ar\/gotan\/wp-json\/wp\/v2\/users\/1"}],"replies":[{"embeddable":true,"href":"https:\/\/www.fracturaexpuesta.com.ar\/gotan\/wp-json\/wp\/v2\/comments?post=6581"}],"version-history":[{"count":16,"href":"https:\/\/www.fracturaexpuesta.com.ar\/gotan\/wp-json\/wp\/v2\/posts\/6581\/revisions"}],"predecessor-version":[{"id":6606,"href":"https:\/\/www.fracturaexpuesta.com.ar\/gotan\/wp-json\/wp\/v2\/posts\/6581\/revisions\/6606"}],"wp:featuredmedia":[{"embeddable":true,"href":"https:\/\/www.fracturaexpuesta.com.ar\/gotan\/wp-json\/wp\/v2\/media\/6582"}],"wp:attachment":[{"href":"https:\/\/www.fracturaexpuesta.com.ar\/gotan\/wp-json\/wp\/v2\/media?parent=6581"}],"wp:term":[{"taxonomy":"category","embeddable":true,"href":"https:\/\/www.fracturaexpuesta.com.ar\/gotan\/wp-json\/wp\/v2\/categories?post=6581"},{"taxonomy":"post_tag","embeddable":true,"href":"https:\/\/www.fracturaexpuesta.com.ar\/gotan\/wp-json\/wp\/v2\/tags?post=6581"}],"curies":[{"name":"wp","href":"https:\/\/api.w.org\/{rel}","templated":true}]}}