{"id":10025,"date":"2024-05-20T17:16:36","date_gmt":"2024-05-20T20:16:36","guid":{"rendered":"https:\/\/www.fracturaexpuesta.com.ar\/tango\/?p=10025"},"modified":"2024-05-20T18:17:24","modified_gmt":"2024-05-20T21:17:24","slug":"hago-la-noche-sobre-el-nuevo-disco-de-lidia-borda-y-daniel-goldfrid","status":"publish","type":"post","link":"https:\/\/www.fracturaexpuesta.com.ar\/tango\/hago-la-noche-sobre-el-nuevo-disco-de-lidia-borda-y-daniel-goldfrid\/","title":{"rendered":"\u00abHago la noche\u00bb: sobre el nuevo disco de Lidia Borda y Daniel Godfrid"},"content":{"rendered":"\n<p class=\"wp-block-paragraph\"><em>&#x2712; Por Jos\u00e9 Arenas<br>&#x1f1fa;&#x1f1fe; Desde Uruguay<\/em><\/p>\n\n\n\n<p class=\"has-drop-cap wp-block-paragraph\">La noche como concepto puede representar varios niveles simb\u00f3licos. Es un estado del d\u00eda en que <strong>los sentidos se conectan<\/strong>, consolidan su poder luego de que la luz se va y, bajo el manto de lo oscuro, todo poder de percepci\u00f3n se vuelve m\u00e1s intenso.<\/p>\n\n\n\n<p class=\"wp-block-paragraph\">Al mismo tiempo, el <strong>velo nocturno<\/strong> es una forma de protecci\u00f3n para que las pasiones sean liberadas. En la seda azul de lo nocturno, las personas agudizan y desatan el instinto que llama hacia la sensualidad, hacia el desenfreno o la libertad.<\/p>\n\n\n<div class=\"wp-block-image\">\n<figure class=\"aligncenter size-full\"><img loading=\"lazy\" decoding=\"async\" width=\"640\" height=\"640\" src=\"https:\/\/www.fracturaexpuesta.com.ar\/tango\/wp-content\/uploads\/la-noche-lidia-borda-daniel-godfrid.jpg\" alt=\"\" class=\"wp-image-10027\" srcset=\"https:\/\/www.fracturaexpuesta.com.ar\/tango\/wp-content\/uploads\/la-noche-lidia-borda-daniel-godfrid.jpg 640w, https:\/\/www.fracturaexpuesta.com.ar\/tango\/wp-content\/uploads\/la-noche-lidia-borda-daniel-godfrid-300x300.jpg 300w, https:\/\/www.fracturaexpuesta.com.ar\/tango\/wp-content\/uploads\/la-noche-lidia-borda-daniel-godfrid-150x150.jpg 150w, https:\/\/www.fracturaexpuesta.com.ar\/tango\/wp-content\/uploads\/la-noche-lidia-borda-daniel-godfrid-100x100.jpg 100w\" sizes=\"auto, (max-width: 640px) 100vw, 640px\" \/><figcaption class=\"wp-element-caption\"><em><mark style=\"background-color:rgba(0, 0, 0, 0)\" class=\"has-inline-color has-cyan-bluish-gray-color\"><sup>\u00abLa noche\u00bb, portada del nuevo disco de Lidia Borda y Daniel Godfrid<\/sup><\/mark><\/em><\/figcaption><\/figure>\n<\/div>\n\n\n<p class=\"wp-block-paragraph\">En el poema <em>Noche oscura del alma<\/em> de San Juan de la Cruz el escenario nocturno es el que presta su color secreto para que el alma haga su recorrido hacia la v\u00eda unitiva con la divinidad pero, al mismo tiempo, los versos no est\u00e1n exentos de una sensualidad que identifica el encuentro de amado y amada, representados en el ensamble m\u00edstico.<\/p>\n\n\n\n<p class=\"wp-block-paragraph\">Sea como sea, en esta serie de campos interpretativos,<strong> la noche abre un espacio para quitar algunas ataduras y permitirse compartir confidencias<\/strong>.<\/p>\n\n\n\n<figure class=\"wp-block-image size-large\"><img loading=\"lazy\" decoding=\"async\" width=\"1024\" height=\"1024\" src=\"https:\/\/www.fracturaexpuesta.com.ar\/tango\/wp-content\/uploads\/lidia-borda-1024x1024.jpg\" alt=\"\" class=\"wp-image-10037\" srcset=\"https:\/\/www.fracturaexpuesta.com.ar\/tango\/wp-content\/uploads\/lidia-borda-1024x1024.jpg 1024w, https:\/\/www.fracturaexpuesta.com.ar\/tango\/wp-content\/uploads\/lidia-borda-300x300.jpg 300w, https:\/\/www.fracturaexpuesta.com.ar\/tango\/wp-content\/uploads\/lidia-borda-150x150.jpg 150w, https:\/\/www.fracturaexpuesta.com.ar\/tango\/wp-content\/uploads\/lidia-borda-768x767.jpg 768w, https:\/\/www.fracturaexpuesta.com.ar\/tango\/wp-content\/uploads\/lidia-borda-100x100.jpg 100w, https:\/\/www.fracturaexpuesta.com.ar\/tango\/wp-content\/uploads\/lidia-borda.jpg 1082w\" sizes=\"auto, (max-width: 1024px) 100vw, 1024px\" \/><figcaption class=\"wp-element-caption\"><em><mark style=\"background-color:rgba(0, 0, 0, 0)\" class=\"has-inline-color has-cyan-bluish-gray-color\"><sup>Lidia Borda<\/sup><\/mark><\/em><\/figcaption><\/figure>\n\n\n\n<p class=\"wp-block-paragraph\">Es esa idea de libertad, de intimidad y sensualidad la que propone el nuevo disco de <strong>Lidia Borda y Daniel Godfrid<\/strong> que lleva por t\u00edtulo <strong><em>La Noche<\/em><\/strong>, un trabajo conceptual que toma a ese <strong>tiempo, sus dramas, su erotismo y sus criaturas<\/strong> como hilo conductor de sus temas y forma.<\/p>\n\n\n\n<p class=\"wp-block-paragraph\">Buscar un repertorio novedoso, que tenga grandes sorpresas, nunca ha sido una preocupaci\u00f3n para Lidia Borda. Su tr\u00e1nsito discurre m\u00e1s que nada entre los temas cl\u00e1sicos del tango y a\u00fan de otros g\u00e9neros. Sin embargo, esto, que en otros int\u00e9rpretes o grupos podr\u00eda ser un punto en contra, no lo es en la cantante.<\/p>\n\n\n\n<p class=\"wp-block-paragraph\">Y sucede por dos motivos. Primero, por <strong>los arreglos <\/strong>que proponen cada una de sus versiones y que tienen a <strong>Daniel Godfrid<\/strong> como autor. Los temas m\u00e1s conocidos cobran cierta fuerza renovada en el piano y en las agrupaciones de cuerdas con que suele acompa\u00f1ar a la int\u00e9rprete. Siempre se vislumbra un peque\u00f1o regalo en esos temas mega \u201ccant\u00e1biles\u201d. Tal es el caso de la estructura arregl\u00edstica de <strong>\u00abStefanie\u00bb<\/strong>, de Alfredo Zitarrosa, que deja la monoton\u00eda milonguera de las guitarras originales y se convierte en un <strong>torbellino dram\u00e1tico y oscuro<\/strong> para contar la historia triste de los besos pagados, conservando el \u201criff\u201d original y llev\u00e1ndolo todo m\u00e1s all\u00e1, al desespero.<\/p>\n\n\n\n<p class=\"wp-block-paragraph\">Algo similar, aunque en un modo mucho m\u00e1s amable y lleno de <strong>luminoso swing<\/strong>, pasa con el tema que abre el disco, una mezcla entre el bolero <strong>\u00abMis noches sin ti\u00bb<\/strong> y el tango \u2013ciertamente abolerado desde su concepci\u00f3n- <strong>\u00abEsta noche de luna\u00bb<\/strong>. Una cadencia melanc\u00f3lica pero llevadera, insinuante, donde la voz de Borda se suelta un poco de la expresi\u00f3n efusiva del tango y pone matices m\u00e1s \u201cchill\u201d.<\/p>\n\n\n\n<figure class=\"wp-block-embed is-type-video is-provider-youtube wp-block-embed-youtube wp-embed-aspect-4-3 wp-has-aspect-ratio\"><div class=\"wp-block-embed__wrapper\">\n<iframe loading=\"lazy\" title=\"Mis noches sin ti \/ Esta noche de luna\" width=\"640\" height=\"480\" src=\"https:\/\/www.youtube.com\/embed\/SysW-Qh-8Dk?feature=oembed\" frameborder=\"0\" allow=\"accelerometer; autoplay; clipboard-write; encrypted-media; gyroscope; picture-in-picture; web-share\" referrerpolicy=\"strict-origin-when-cross-origin\" allowfullscreen><\/iframe>\n<\/div><figcaption class=\"wp-element-caption\"><em><mark style=\"background-color:rgba(0, 0, 0, 0)\" class=\"has-inline-color has-cyan-bluish-gray-color\"><sup>\u00abMis noches sin ti \/ Esta noche de Luna\u00bb, uno de los registros de La Noche.<\/sup><\/mark><\/em><\/figcaption><\/figure>\n\n\n\n<p class=\"wp-block-paragraph\">El segundo punto por el que <strong>uno se olvida de que ya ha escuchado mucho ese repertorio elegido<\/strong> por Lidia Borda es \u2013y no es una novedad- <strong>la perfecci\u00f3n imbatible de su canto<\/strong>.<\/p>\n\n\n\n<p class=\"wp-block-paragraph\">Solamente lo perfecto puede ser escuchado una y otra vez sin un reproche y eso sucede en cada disco concebido por la artista. Los cl\u00e1sicos como <strong>\u00abQuiz\u00e1s, quiz\u00e1s, quiz\u00e1s\u00bb<\/strong> o <strong>\u00abMaquillaje\u00bb<\/strong> de los Hermanos Exp\u00f3sito, parecen encenderse por primera vez en las interpretaciones impecables que aqu\u00ed encontramos.<\/p>\n\n\n\n<figure class=\"wp-block-embed is-type-video is-provider-youtube wp-block-embed-youtube wp-embed-aspect-4-3 wp-has-aspect-ratio\"><div class=\"wp-block-embed__wrapper\">\n<iframe loading=\"lazy\" title=\"Maquillaje\" width=\"640\" height=\"480\" src=\"https:\/\/www.youtube.com\/embed\/jGAuO1-ve1g?feature=oembed\" frameborder=\"0\" allow=\"accelerometer; autoplay; clipboard-write; encrypted-media; gyroscope; picture-in-picture; web-share\" referrerpolicy=\"strict-origin-when-cross-origin\" allowfullscreen><\/iframe>\n<\/div><figcaption class=\"wp-element-caption\"><em><mark style=\"background-color:rgba(0, 0, 0, 0)\" class=\"has-inline-color has-cyan-bluish-gray-color\"><sup>\u00abMaquillaje\u00bb, por Lidia Borda.<\/sup><\/mark><\/em><\/figcaption><\/figure>\n\n\n\n<p class=\"wp-block-paragraph\">Ser\u00eda muy injusto decir, sin embargo, que absolutamente nada nuevo propone <em>La Noche<\/em> (Acqua Records, 2024). Como <strong>un antifaz que inaugura una nueva identidad<\/strong> en alguien a quien ya conocemos, esta vez, las formaciones que hemos visto en anteriores discos como <em>Pu\u00f1al de sombra<\/em> (2018) -donde violines, cello, contrabajo, guitarra y piano est\u00e1n al servicio del tango-, escasean porque l<strong>a voz de Lidia Borda se mueve hacia otros registros<\/strong>, m\u00e1s parecidos a los de su proyecto <em>Caramelos surtidos<\/em>, donde se permite cantar canciones italianas, temas de Joan Manuel Serrat (su versi\u00f3n de <strong>\u00abRomance de Curro el Palmo\u00bb<\/strong> es explosiva), con formaciones que pueden provenir del jazz o del bolero \u201ccl\u00e1sico\u201d. Son fundamentales, en la intimidad que reina en el disco, los aportes de <strong>Sebasti\u00e1n Esp\u00f3sito<\/strong> en guitarra y <strong>Luciano Vitale<\/strong> en contrabajo.<\/p>\n\n\n\n<p class=\"wp-block-paragraph\">El nuevo disco de Lidia Borda junto a Daniel Godfrid propone <strong>un aire renovador dentro del conocido estilo de la cantante<\/strong>. No hay una experimentaci\u00f3n que rompa con lo que ya conocemos ni hay alocadas y caprichosas formas de la vanguardia o, quiz\u00e1, puede ser una comprobaci\u00f3n de que lo vanguardista est\u00e1 en la esencia y no en la apariencia.<\/p>\n\n\n<div class=\"wp-block-image\">\n<figure class=\"aligncenter size-large\"><img loading=\"lazy\" decoding=\"async\" width=\"683\" height=\"1024\" src=\"https:\/\/www.fracturaexpuesta.com.ar\/tango\/wp-content\/uploads\/daniel-godfrid-y-lidia-borda-683x1024.jpg\" alt=\"\" class=\"wp-image-10039\" srcset=\"https:\/\/www.fracturaexpuesta.com.ar\/tango\/wp-content\/uploads\/daniel-godfrid-y-lidia-borda-683x1024.jpg 683w, https:\/\/www.fracturaexpuesta.com.ar\/tango\/wp-content\/uploads\/daniel-godfrid-y-lidia-borda-200x300.jpg 200w, https:\/\/www.fracturaexpuesta.com.ar\/tango\/wp-content\/uploads\/daniel-godfrid-y-lidia-borda-768x1152.jpg 768w, https:\/\/www.fracturaexpuesta.com.ar\/tango\/wp-content\/uploads\/daniel-godfrid-y-lidia-borda-1024x1536.jpg 1024w, https:\/\/www.fracturaexpuesta.com.ar\/tango\/wp-content\/uploads\/daniel-godfrid-y-lidia-borda.jpg 1365w\" sizes=\"auto, (max-width: 683px) 100vw, 683px\" \/><figcaption class=\"wp-element-caption\"><em><sup><mark style=\"background-color:rgba(0, 0, 0, 0)\" class=\"has-inline-color has-cyan-bluish-gray-color\">Daniel Godfrid y Lidia Borda<\/mark><\/sup><\/em><\/figcaption><\/figure>\n<\/div>\n\n\n<p class=\"wp-block-paragraph\">Borda sigue en su camino de tangos y canciones rioplatenses, a los que suma cl\u00e1sicos bohemios como <strong>\u00abNoche de ronda\u00bb<\/strong>, de Agust\u00edn Lara u <strong>\u00abOjos verdes\u00bb<\/strong>, del repertorio de Miguel de Molina con versos de Rafael De Le\u00f3n. Siempre en el estilo que es sello de la dupla pero dejando en claro que su virtuosismo puede ir m\u00e1s all\u00e1 de lo habitual.<\/p>\n\n\n\n<p class=\"wp-block-paragraph\"><em>La noche<\/em> es un universo conceptual y es un lugar seguro para lo extra\u00f1o conocido. Lo que pase all\u00ed puede fascinar y dar resquemor al mismo tiempo. Pero con estos anfitriones, sabemos que se puede entrar con confianza.<\/p>\n\n\n\n<p class=\"wp-block-paragraph\">&#x1f3a7; <mark style=\"background-color:#fcb900\" class=\"has-inline-color\"><strong>La Noche: el disco completo<\/strong><\/mark><\/p>\n\n\n\n<figure class=\"wp-block-embed is-type-video is-provider-youtube wp-block-embed-youtube wp-embed-aspect-16-9 wp-has-aspect-ratio\"><div class=\"wp-block-embed__wrapper\">\n<iframe loading=\"lazy\" title=\"Lidia Borda &amp; Daniel Godfrid - La Noche\" width=\"640\" height=\"360\" src=\"https:\/\/www.youtube.com\/embed\/zNzH9dI_QUY?feature=oembed\" frameborder=\"0\" allow=\"accelerometer; autoplay; clipboard-write; encrypted-media; gyroscope; picture-in-picture; web-share\" referrerpolicy=\"strict-origin-when-cross-origin\" allowfullscreen><\/iframe>\n<\/div><\/figure>\n","protected":false},"excerpt":{"rendered":"<p>Rese\u00f1a de \u00abLa Noche\u00bb, la nueva producci\u00f3n discogr\u00e1fica de la cantante Lidia Borda y el pianista Daniel Godfrid.<\/p>\n","protected":false},"author":1,"featured_media":10051,"comment_status":"open","ping_status":"open","sticky":false,"template":"","format":"standard","meta":{"footnotes":""},"categories":[4],"tags":[431,32,299,202],"class_list":["post-10025","post","type-post","status-publish","format-standard","has-post-thumbnail","hentry","category-discos","tag-daniel-godfrid","tag-featured","tag-jose-arenas","tag-lidia-borda"],"_links":{"self":[{"href":"https:\/\/www.fracturaexpuesta.com.ar\/tango\/wp-json\/wp\/v2\/posts\/10025","targetHints":{"allow":["GET"]}}],"collection":[{"href":"https:\/\/www.fracturaexpuesta.com.ar\/tango\/wp-json\/wp\/v2\/posts"}],"about":[{"href":"https:\/\/www.fracturaexpuesta.com.ar\/tango\/wp-json\/wp\/v2\/types\/post"}],"author":[{"embeddable":true,"href":"https:\/\/www.fracturaexpuesta.com.ar\/tango\/wp-json\/wp\/v2\/users\/1"}],"replies":[{"embeddable":true,"href":"https:\/\/www.fracturaexpuesta.com.ar\/tango\/wp-json\/wp\/v2\/comments?post=10025"}],"version-history":[{"count":22,"href":"https:\/\/www.fracturaexpuesta.com.ar\/tango\/wp-json\/wp\/v2\/posts\/10025\/revisions"}],"predecessor-version":[{"id":10057,"href":"https:\/\/www.fracturaexpuesta.com.ar\/tango\/wp-json\/wp\/v2\/posts\/10025\/revisions\/10057"}],"wp:featuredmedia":[{"embeddable":true,"href":"https:\/\/www.fracturaexpuesta.com.ar\/tango\/wp-json\/wp\/v2\/media\/10051"}],"wp:attachment":[{"href":"https:\/\/www.fracturaexpuesta.com.ar\/tango\/wp-json\/wp\/v2\/media?parent=10025"}],"wp:term":[{"taxonomy":"category","embeddable":true,"href":"https:\/\/www.fracturaexpuesta.com.ar\/tango\/wp-json\/wp\/v2\/categories?post=10025"},{"taxonomy":"post_tag","embeddable":true,"href":"https:\/\/www.fracturaexpuesta.com.ar\/tango\/wp-json\/wp\/v2\/tags?post=10025"}],"curies":[{"name":"wp","href":"https:\/\/api.w.org\/{rel}","templated":true}]}}