{"id":10137,"date":"2024-06-10T17:17:01","date_gmt":"2024-06-10T20:17:01","guid":{"rendered":"https:\/\/www.fracturaexpuesta.com.ar\/tango\/?p=10137"},"modified":"2024-06-11T23:16:07","modified_gmt":"2024-06-12T02:16:07","slug":"milongas-extremas-no-nos-interesa-ser-fotocopias-de-nosotros-mismos","status":"publish","type":"post","link":"https:\/\/www.fracturaexpuesta.com.ar\/tango\/milongas-extremas-no-nos-interesa-ser-fotocopias-de-nosotros-mismos\/","title":{"rendered":"Milongas Extremas: \u201cNo nos interesa ser fotocopias de nosotros mismos\u201d"},"content":{"rendered":"\n<p class=\"wp-block-paragraph\">Este jueves, el grupo uruguayo <strong>Milongas Extremas regresa a Buenos Aires <\/strong>para presentarse en concierto. Se trata de una ocasi\u00f3n especial porque traer\u00e1n a la Argentina el show que fue \u201cun punto de quiebre\u201d en la historia de la banda. Ser\u00e1 adem\u00e1s el primer teatro que har\u00e1n en este nuevo desembarco porte\u00f1o.<\/p>\n\n\n\n<p class=\"wp-block-paragraph\">Definir a Milongas Extremas requiere concebir un recorrido de la <strong>amalgama entre los ritmos rioplatenses y el rock.<\/strong> Concebida inicialmente como una agrupaci\u00f3n que remodelaba \u00abcrioll\u00edsticamente\u00bb temas de los espa\u00f1oles Extremoduro, el curso de los hechos abri\u00f3 con el tiempo un abanico de posibilidades particulares. El rock permanece, claro, aunque mucho mejor acoplado con un universo criollo, rioplatense, folcl\u00f3rico que incluye la construcci\u00f3n de una obra propia y el abordaje de grandes referentes de la canci\u00f3n popular. Encontrar el punto.<\/p>\n\n\n\n<p class=\"wp-block-paragraph\">De no enfrentar el r\u00edo (de la Plata) con el mar (Mediterr\u00e1neo) surgen estas Milongas Extremas. Tal vez lo propio del paisaje uruguayo. Rock con esp\u00edritu criollo, folclore rioplatense con estirpe rockera. Todo con el sonido de unas cuerdas de guitarra bien templadas.<\/p>\n\n\n\n<figure class=\"wp-block-embed is-type-video is-provider-youtube wp-block-embed-youtube wp-embed-aspect-16-9 wp-has-aspect-ratio\"><div class=\"wp-block-embed__wrapper\">\n<iframe loading=\"lazy\" title=\"Milongas Extremas en Vivo - Teatro Sol\u00eds - &quot;De no olvidar&quot;\" width=\"640\" height=\"360\" src=\"https:\/\/www.youtube.com\/embed\/2Y0-gSYLzFU?feature=oembed\" frameborder=\"0\" allow=\"accelerometer; autoplay; clipboard-write; encrypted-media; gyroscope; picture-in-picture; web-share\" referrerpolicy=\"strict-origin-when-cross-origin\" allowfullscreen><\/iframe>\n<\/div><\/figure>\n\n\n\n<p class=\"wp-block-paragraph\"><\/p>\n\n\n\n<p class=\"wp-block-paragraph\">El concierto que dar\u00e1n este <strong>jueves 13, a las 21, en el ND Teatro<\/strong> (Paraguay 918) tendr\u00e1 el sabor de un show ic\u00f3nico que la banda prepar\u00f3 hace una d\u00e9cada atr\u00e1s. <strong>\u00abLo el\u00e9ctrico del sentimiento\u00bb<\/strong>, as\u00ed se llam\u00f3, fue un \u201cmoj\u00f3n en la historia de la banda\u201d.<\/p>\n\n\n\n<p class=\"wp-block-paragraph\">\u201cImplic\u00f3 un salto importante en cuanto a la forma de concebir un espect\u00e1culo\u201d, reconoce <strong>Mat\u00edas Rodr\u00edguez, voz y guitarra de las Milongas<\/strong>, el quinteto que completan las otras guitarras y voces de Pablo Pi\u00f1eyro, Santiago Mart\u00ednez, Francisco Stareczek y el bajo de Camilo \u00abPiquela\u00bb Gramoso.<\/p>\n\n\n\n<p class=\"wp-block-paragraph\"><strong>&#8211; \u00bfY en qu\u00e9 consisti\u00f3 ese salto?<\/strong><\/p>\n\n\n\n<p class=\"wp-block-paragraph\">&#8211; En tener un guion bien armado al momento de tocar y por el hecho de poder tejer una trama s\u00f3lida y m\u00e1s profesional a lo largo del show, que pudiese hilvanar los temas propios, las versiones con peso m\u00e1s rockero de Extremoduro y las versiones de los referentes del folclore rioplatense como Zitarrosa. Todo eso cuidando aspectos que nos permit\u00eda el formato teatro, desde lo t\u00e9cnico y desde la puesta en escena. Somos conscientes que este show fue un punto de quiebre en estos 16 a\u00f1os como banda y el hecho de volver a hacerlo nos tiene muy contentos porque nos permite dimensionar el crecimiento que hemos tenido como grupo y la relaci\u00f3n con el p\u00fablico de Uruguay, Argentina y Espa\u00f1a.<\/p>\n\n\n\n<figure class=\"wp-block-embed is-type-video is-provider-youtube wp-block-embed-youtube wp-embed-aspect-16-9 wp-has-aspect-ratio\"><div class=\"wp-block-embed__wrapper\">\n<iframe loading=\"lazy\" title=\"Milongas Extremas &amp; La Vela Puerca | DICE [En Vivo]\" width=\"640\" height=\"360\" src=\"https:\/\/www.youtube.com\/embed\/PPFlrItA8cE?feature=oembed\" frameborder=\"0\" allow=\"accelerometer; autoplay; clipboard-write; encrypted-media; gyroscope; picture-in-picture; web-share\" referrerpolicy=\"strict-origin-when-cross-origin\" allowfullscreen><\/iframe>\n<\/div><\/figure>\n\n\n\n<p class=\"wp-block-paragraph\"><\/p>\n\n\n\n<p class=\"wp-block-paragraph\"><strong>&#8211; Esa revisi\u00f3n, despu\u00e9s de una d\u00e9cada \u00bfno supone una repetici\u00f3n de un tiempo pasado?<\/strong><\/p>\n\n\n\n<p class=\"wp-block-paragraph\">&#8211; El hecho de querer revisar el espect\u00e1culo nos trajo el desaf\u00edo de rastrear el n\u00facleo emocional del show en s\u00ed para llevarlo al 2024, sin tener la necesidad de repetirlo tal cual. No nos interesa ser fotocopias de nosotros mismos y creemos que lo que est\u00e1 detr\u00e1s de <em>Lo el\u00e9ctrico del sentimiento<\/em> tiene que ver con esa pulsi\u00f3n por llevar adelante las necesidades musicales que nos mueven como artistas, de seguir expandiendo ese universo que tiene que ver con una forma muy propia de hacer rock en un formato sumamente rioplatense, con la sonoridad de la guitarra criolla muy presente y los sonidos de nuestro folclore como bandera.<\/p>\n\n\n\n<figure class=\"wp-block-image size-large\"><img loading=\"lazy\" decoding=\"async\" width=\"1024\" height=\"825\" src=\"https:\/\/www.fracturaexpuesta.com.ar\/tango\/wp-content\/uploads\/milongas-extremas-buenos-aires-1-1024x825.jpg\" alt=\"\" class=\"wp-image-10149\" srcset=\"https:\/\/www.fracturaexpuesta.com.ar\/tango\/wp-content\/uploads\/milongas-extremas-buenos-aires-1-1024x825.jpg 1024w, https:\/\/www.fracturaexpuesta.com.ar\/tango\/wp-content\/uploads\/milongas-extremas-buenos-aires-1-300x242.jpg 300w, https:\/\/www.fracturaexpuesta.com.ar\/tango\/wp-content\/uploads\/milongas-extremas-buenos-aires-1-768x619.jpg 768w, https:\/\/www.fracturaexpuesta.com.ar\/tango\/wp-content\/uploads\/milongas-extremas-buenos-aires-1.jpg 1440w\" sizes=\"auto, (max-width: 1024px) 100vw, 1024px\" \/><figcaption class=\"wp-element-caption\"><sup><mark style=\"background-color:rgba(0, 0, 0, 0)\" class=\"has-inline-color has-cyan-bluish-gray-color\"><em>Milongas Extremas: \u00abLa suma de las partes\u00bb.<\/em><\/mark><\/sup><\/figcaption><\/figure>\n\n\n\n<p class=\"wp-block-paragraph\"><strong>&#8211; En la banda todos tocan, cantan y componen. \u00bfC\u00f3mo es el proceso creativo?<\/strong><\/p>\n\n\n\n<p class=\"wp-block-paragraph\">&#8211; Tener esa disposici\u00f3n esc\u00e9nica de estar los cinco en l\u00ednea hacia el frente y rotarnos como cantantes principales tiene sus ra\u00edces en la forma horizontal y colaborativa que llevamos a la interna del grupo para crear, componer o gestionar el d\u00eda a d\u00eda. Es un m\u00fasculo que hemos ido trabajando con una pata muy fuerte en el trabajo cooperativo y autogestivo. Con ese panorama en mente te puedo decir que los procesos compositivos se mueven dentro de cierto abanico. Puede ser estar todos juntos trabajando en el nacimiento de la canci\u00f3n, como un taller o laboratorio, o que alguno venga con algo medio digerido de su casa para ponerlo arriba de la mesa y que el resto pueda meter mano en la letra o en la m\u00fasica.<\/p>\n\n\n\n<p class=\"wp-block-paragraph\"><strong>&#8211; Un encuentro\u2026<\/strong><\/p>\n\n\n\n<p class=\"wp-block-paragraph\">&#8211; Es un proceso artesanal, a veces m\u00e1s lento que otras y que requiere paciencia y constancia para poder llegar a un lugar en donde la canci\u00f3n tenga la impronta que refleje la suma de las partes que componen Milongas Extremas. Es siempre algo que esperamos se trasluzca arriba del escenario y que pueda ser vivido por la gente a trav\u00e9s de la m\u00fasica y de la hermandad que hemos construido en todos estos a\u00f1os de trillar la carretera juntos.<\/p>\n","protected":false},"excerpt":{"rendered":"<p>El reconocido grupo montevideano volver\u00e1 a tocar en Buenos Aires. Repondr\u00e1n con nuevo esp\u00edritu \u00abLo el\u00e9ctrico del sentimiento\u00bb, un espect\u00e1culo bisagra que los impuls\u00f3 en el ascenso como banda.<\/p>\n","protected":false},"author":1,"featured_media":10139,"comment_status":"open","ping_status":"open","sticky":false,"template":"","format":"standard","meta":{"footnotes":""},"categories":[3],"tags":[32,606,540,332],"class_list":["post-10137","post","type-post","status-publish","format-standard","has-post-thumbnail","hentry","category-noticias","tag-featured","tag-milongas-extremas","tag-tango-uruguayo","tag-uruguay"],"_links":{"self":[{"href":"https:\/\/www.fracturaexpuesta.com.ar\/tango\/wp-json\/wp\/v2\/posts\/10137","targetHints":{"allow":["GET"]}}],"collection":[{"href":"https:\/\/www.fracturaexpuesta.com.ar\/tango\/wp-json\/wp\/v2\/posts"}],"about":[{"href":"https:\/\/www.fracturaexpuesta.com.ar\/tango\/wp-json\/wp\/v2\/types\/post"}],"author":[{"embeddable":true,"href":"https:\/\/www.fracturaexpuesta.com.ar\/tango\/wp-json\/wp\/v2\/users\/1"}],"replies":[{"embeddable":true,"href":"https:\/\/www.fracturaexpuesta.com.ar\/tango\/wp-json\/wp\/v2\/comments?post=10137"}],"version-history":[{"count":16,"href":"https:\/\/www.fracturaexpuesta.com.ar\/tango\/wp-json\/wp\/v2\/posts\/10137\/revisions"}],"predecessor-version":[{"id":10164,"href":"https:\/\/www.fracturaexpuesta.com.ar\/tango\/wp-json\/wp\/v2\/posts\/10137\/revisions\/10164"}],"wp:featuredmedia":[{"embeddable":true,"href":"https:\/\/www.fracturaexpuesta.com.ar\/tango\/wp-json\/wp\/v2\/media\/10139"}],"wp:attachment":[{"href":"https:\/\/www.fracturaexpuesta.com.ar\/tango\/wp-json\/wp\/v2\/media?parent=10137"}],"wp:term":[{"taxonomy":"category","embeddable":true,"href":"https:\/\/www.fracturaexpuesta.com.ar\/tango\/wp-json\/wp\/v2\/categories?post=10137"},{"taxonomy":"post_tag","embeddable":true,"href":"https:\/\/www.fracturaexpuesta.com.ar\/tango\/wp-json\/wp\/v2\/tags?post=10137"}],"curies":[{"name":"wp","href":"https:\/\/api.w.org\/{rel}","templated":true}]}}