{"id":10166,"date":"2024-06-12T22:46:34","date_gmt":"2024-06-13T01:46:34","guid":{"rendered":"https:\/\/www.fracturaexpuesta.com.ar\/tango\/?p=10166"},"modified":"2024-06-12T23:43:47","modified_gmt":"2024-06-13T02:43:47","slug":"murio-julio-pane-el-bandoneon-se-queda-sin-uno-de-sus-mejores-exponentes","status":"publish","type":"post","link":"https:\/\/www.fracturaexpuesta.com.ar\/tango\/murio-julio-pane-el-bandoneon-se-queda-sin-uno-de-sus-mejores-exponentes\/","title":{"rendered":"Muri\u00f3 Julio Pane, el bandone\u00f3n se queda sin uno de sus mejores exponentes"},"content":{"rendered":"\n<p class=\"wp-block-paragraph\">Falleci\u00f3 Julio Pane, uno de los grandes referentes del \u00abfueye\u00bb.<\/p>\n\n\n\n<p class=\"wp-block-paragraph\">El m\u00fasico, de 76 a\u00f1os, permanec\u00eda internado desde fines de mayo en un sanatorio de la ciudad debido a un cuadro de neumon\u00eda que luego se agrav\u00f3 al contraer un virus intrahospitalario.<\/p>\n\n\n\n<p class=\"wp-block-paragraph\">Adem\u00e1s de bandoneonista, Pane fue compositor y arreglador. Su destacado desempe\u00f1o le permiti\u00f3 ser parte de grandes orquestas como la de Horacio Salg\u00e1n, Enrique Francini, Atilio Stampone, Miguel Cal\u00f3, Jos\u00e9 Basso, Leopoldo Federico y el Sexteto de Astor Piazzolla, entre otras.<\/p>\n\n\n\n<p class=\"wp-block-paragraph\">Hab\u00eda nacido en el barrio del Abasto el 30 de noviembre de 1947, en una familia de tradici\u00f3n tanguera, y permaneci\u00f3 en actividad hasta hace pocas semanas atr\u00e1s.<\/p>\n\n\n\n<p class=\"wp-block-paragraph\">Artistas de todo el arco tanguero ya lo despiden en las redes con tristeza y reconocimiento.<\/p>\n\n\n\n<p class=\"wp-block-paragraph\">El guitarrista Hugo Rivas, con quien mantuvo una estrecha y prolongada relaci\u00f3n a trav\u00e9s del d\u00fao Pane-Rivas, lament\u00f3 la partida y dijo: \u00abEs un d\u00eda muy triste para el Tango, se fue mi gran amigo y maestro del bandone\u00f3n, a quien tuve la suerte de conocer, de vivir experiencias musicales y humanas con \u00e9l\u00bb.<\/p>\n\n\n\n<p class=\"wp-block-paragraph\">Y agreg\u00f3: \u00abNos entend\u00edamos musicalmente con solo mirarnos, gracias Julio donde quiera que est\u00e9s, se me fue hoy una parte de mi alma\u00bb.<\/p>\n\n\n\n<p class=\"wp-block-paragraph\">A Rivas se sumaron las numerosas evocaciones y elogios de otros artistas de tango que compartieron con Pane momentos musicales y personales.<\/p>\n\n\n\n<p class=\"wp-block-paragraph\">\u00abEs una maravilla que uno con un instrumento pueda provocar que el otro se sensibilice\u00bb, reflexionaba Pane sobre el arte del tango.<\/p>\n\n\n\n<p class=\"wp-block-paragraph\">Su bandone\u00f3n y su expresi\u00f3n, concretaron esa maravilla.<\/p>\n\n\n\n<figure class=\"wp-block-embed is-type-video is-provider-youtube wp-block-embed-youtube wp-embed-aspect-16-9 wp-has-aspect-ratio\"><div class=\"wp-block-embed__wrapper\">\n<iframe loading=\"lazy\" title=\"Julio Pane: solo de bandone\u00f3n \/ Carlos Zito Videos \u00a9\" width=\"640\" height=\"360\" src=\"https:\/\/www.youtube.com\/embed\/Y8LXrkFwmu8?feature=oembed\" frameborder=\"0\" allow=\"accelerometer; autoplay; clipboard-write; encrypted-media; gyroscope; picture-in-picture; web-share\" referrerpolicy=\"strict-origin-when-cross-origin\" allowfullscreen><\/iframe>\n<\/div><\/figure>\n","protected":false},"excerpt":{"rendered":"<p>El bandoneonista, compositor y arreglador ten\u00eda 76 a\u00f1os.<\/p>\n","protected":false},"author":1,"featured_media":10167,"comment_status":"open","ping_status":"open","sticky":false,"template":"","format":"standard","meta":{"footnotes":""},"categories":[3],"tags":[32,607,111],"class_list":["post-10166","post","type-post","status-publish","format-standard","has-post-thumbnail","hentry","category-noticias","tag-featured","tag-julio-pane","tag-tango"],"_links":{"self":[{"href":"https:\/\/www.fracturaexpuesta.com.ar\/tango\/wp-json\/wp\/v2\/posts\/10166","targetHints":{"allow":["GET"]}}],"collection":[{"href":"https:\/\/www.fracturaexpuesta.com.ar\/tango\/wp-json\/wp\/v2\/posts"}],"about":[{"href":"https:\/\/www.fracturaexpuesta.com.ar\/tango\/wp-json\/wp\/v2\/types\/post"}],"author":[{"embeddable":true,"href":"https:\/\/www.fracturaexpuesta.com.ar\/tango\/wp-json\/wp\/v2\/users\/1"}],"replies":[{"embeddable":true,"href":"https:\/\/www.fracturaexpuesta.com.ar\/tango\/wp-json\/wp\/v2\/comments?post=10166"}],"version-history":[{"count":9,"href":"https:\/\/www.fracturaexpuesta.com.ar\/tango\/wp-json\/wp\/v2\/posts\/10166\/revisions"}],"predecessor-version":[{"id":10181,"href":"https:\/\/www.fracturaexpuesta.com.ar\/tango\/wp-json\/wp\/v2\/posts\/10166\/revisions\/10181"}],"wp:featuredmedia":[{"embeddable":true,"href":"https:\/\/www.fracturaexpuesta.com.ar\/tango\/wp-json\/wp\/v2\/media\/10167"}],"wp:attachment":[{"href":"https:\/\/www.fracturaexpuesta.com.ar\/tango\/wp-json\/wp\/v2\/media?parent=10166"}],"wp:term":[{"taxonomy":"category","embeddable":true,"href":"https:\/\/www.fracturaexpuesta.com.ar\/tango\/wp-json\/wp\/v2\/categories?post=10166"},{"taxonomy":"post_tag","embeddable":true,"href":"https:\/\/www.fracturaexpuesta.com.ar\/tango\/wp-json\/wp\/v2\/tags?post=10166"}],"curies":[{"name":"wp","href":"https:\/\/api.w.org\/{rel}","templated":true}]}}