{"id":10208,"date":"2024-06-24T17:49:17","date_gmt":"2024-06-24T20:49:17","guid":{"rendered":"https:\/\/www.fracturaexpuesta.com.ar\/tango\/?p=10208"},"modified":"2024-06-24T21:43:48","modified_gmt":"2024-06-25T00:43:48","slug":"24-de-junio-gardel-lo-maravilloso-y-lo-tragico","status":"publish","type":"post","link":"https:\/\/www.fracturaexpuesta.com.ar\/tango\/24-de-junio-gardel-lo-maravilloso-y-lo-tragico\/","title":{"rendered":"24 de junio: Gardel, lo maravilloso y lo tr\u00e1gico"},"content":{"rendered":"\n<p class=\"wp-block-paragraph\">Todos los 24 de junio se celebra en la Argentina el <strong>D\u00eda del Cantor Nacional<\/strong>.<\/p>\n\n\n\n<p class=\"wp-block-paragraph\">La conmemoraci\u00f3n recuerda y homenajea a <strong>Carlos Gardel<\/strong>, una de las figuras culturales m\u00e1s importantes del pa\u00eds que falleci\u00f3 en el mencionado d\u00eda del a\u00f1o 1935.<\/p>\n\n\n\n<p class=\"wp-block-paragraph\">La fecha especial qued\u00f3 fijada mediante la <strong>ley 23.976<\/strong>, impulsada por el Congreso de la Naci\u00f3n el 18 de septiembre de 1991. La normativa tiene por finalidad destacar la vida y obra del \u201cZorzal\u201d, \u00edcono del acervo nacional y mundial de las artes.<\/p>\n\n\n\n<figure class=\"wp-block-image size-full\"><img loading=\"lazy\" decoding=\"async\" width=\"677\" height=\"546\" src=\"https:\/\/www.fracturaexpuesta.com.ar\/tango\/wp-content\/uploads\/gardel-canta.jpg\" alt=\"\" class=\"wp-image-10214\" srcset=\"https:\/\/www.fracturaexpuesta.com.ar\/tango\/wp-content\/uploads\/gardel-canta.jpg 677w, https:\/\/www.fracturaexpuesta.com.ar\/tango\/wp-content\/uploads\/gardel-canta-300x242.jpg 300w\" sizes=\"auto, (max-width: 677px) 100vw, 677px\" \/><\/figure>\n\n\n\n<p class=\"wp-block-paragraph\"><\/p>\n\n\n\n<h2 class=\"wp-block-heading\"><mark style=\"background-color:rgba(0, 0, 0, 0);color:#ff0000\" class=\"has-inline-color\">Gardel, lo maravilloso y lo tr\u00e1gico<\/mark><\/h2>\n\n\n\n<p class=\"wp-block-paragraph\">Gardel muri\u00f3 precisamente el 24 de junio de 1935.<\/p>\n\n\n\n<p class=\"wp-block-paragraph\">Su fallecimiento se produjo tr\u00e1gicamente en un <strong>accidente a\u00e9reo<\/strong> en la pista de despegue del Aeropuerto Olaya Herrera de Medell\u00edn, en Colombia.<\/p>\n\n\n\n<p class=\"wp-block-paragraph\">Cerca de las 15, el avi\u00f3n Ford Trimotor -matr\u00edcula F-31- del Servicio A\u00e9reo Colombiano choc\u00f3, mientras estaba despegando, con otro avi\u00f3n detenido del mismo tipo denominado Manizales. Ambos se incendiaron.<\/p>\n\n\n\n<figure class=\"wp-block-embed is-type-video is-provider-youtube wp-block-embed-youtube wp-embed-aspect-16-9 wp-has-aspect-ratio\"><div class=\"wp-block-embed__wrapper\">\n<iframe loading=\"lazy\" title=\"24 junio 1935 - Carlos Gardel despedida en Bogot\u00e1 del vuelo a Medellin - Cali\" width=\"640\" height=\"360\" src=\"https:\/\/www.youtube.com\/embed\/vKU1Mkr3qk8?feature=oembed\" frameborder=\"0\" allow=\"accelerometer; autoplay; clipboard-write; encrypted-media; gyroscope; picture-in-picture; web-share\" referrerpolicy=\"strict-origin-when-cross-origin\" allowfullscreen><\/iframe>\n<\/div><figcaption class=\"wp-element-caption\"><em><sup><mark style=\"background-color:rgba(0, 0, 0, 0)\" class=\"has-inline-color has-cyan-bluish-gray-color\">Gardel en Colombia, poco antes de su muerte.<\/mark><\/sup><\/em><\/figcaption><\/figure>\n\n\n\n<p class=\"wp-block-paragraph\">Como consecuencia del accidente fallecieron 17 personas. Del Manizales, 2 tripulantes y 5 pasajeros \u2013toda la tripulaci\u00f3n- y del F-31, los dos tripulantes y 8 pasajeros, entre los cuales se encontraba Carlos Gardel.<\/p>\n\n\n\n<p class=\"wp-block-paragraph\">Adem\u00e1s de Gardel, en el F-31 fallecieron el compositor <strong>Alfredo Le Pera y los guitarristas Guillermo Barbieri, \u00c1ngel Domingo Riverol y Jos\u00e9 Mar\u00eda Aguilar Porr\u00e1s<\/strong>.<\/p>\n\n\n\n<figure class=\"wp-block-image size-full\"><img loading=\"lazy\" decoding=\"async\" width=\"750\" height=\"375\" src=\"https:\/\/www.fracturaexpuesta.com.ar\/tango\/wp-content\/uploads\/viaje-de-bogota-a-cali-14-de-junio-750x375-1.jpg\" alt=\"\" class=\"wp-image-10210\" srcset=\"https:\/\/www.fracturaexpuesta.com.ar\/tango\/wp-content\/uploads\/viaje-de-bogota-a-cali-14-de-junio-750x375-1.jpg 750w, https:\/\/www.fracturaexpuesta.com.ar\/tango\/wp-content\/uploads\/viaje-de-bogota-a-cali-14-de-junio-750x375-1-300x150.jpg 300w\" sizes=\"auto, (max-width: 750px) 100vw, 750px\" \/><figcaption class=\"wp-element-caption\"><em><sup><mark style=\"background-color:rgba(0, 0, 0, 0)\" class=\"has-inline-color has-cyan-bluish-gray-color\">Viaje a\u00e9reo en Colombia en 1935, antes del accidente.<\/mark><\/sup><\/em><\/figcaption><\/figure>\n\n\n\n<p class=\"wp-block-paragraph\"><\/p>\n\n\n\n<p class=\"wp-block-paragraph\">Junto a ellos, tambi\u00e9n viajaban otras personas que murieron producto del accidente. All\u00ed estaban el piloto <strong>Ernesto Samper Mendoza<\/strong>, t\u00edo abuelo del presidente Ernesto Samper; <strong>Willys Beninngton Foster Stuart<\/strong>, radio operador y aprendiz de mec\u00e1nico; el empresario chileno <strong>Celedonio Palacios<\/strong>; el promotor de espect\u00e1culos <strong>Henry Swartz<\/strong>; <strong>Jos\u00e9 Corpas Moreno y Alfonso Azzaf<\/strong>.<\/p>\n\n\n\n<figure class=\"wp-block-image size-large\"><img loading=\"lazy\" decoding=\"async\" width=\"1024\" height=\"505\" src=\"https:\/\/www.fracturaexpuesta.com.ar\/tango\/wp-content\/uploads\/gardel-avion-1024x505.jpg\" alt=\"\" class=\"wp-image-10217\" srcset=\"https:\/\/www.fracturaexpuesta.com.ar\/tango\/wp-content\/uploads\/gardel-avion-1024x505.jpg 1024w, https:\/\/www.fracturaexpuesta.com.ar\/tango\/wp-content\/uploads\/gardel-avion-300x148.jpg 300w, https:\/\/www.fracturaexpuesta.com.ar\/tango\/wp-content\/uploads\/gardel-avion-768x379.jpg 768w, https:\/\/www.fracturaexpuesta.com.ar\/tango\/wp-content\/uploads\/gardel-avion.jpg 1256w\" sizes=\"auto, (max-width: 1024px) 100vw, 1024px\" \/><figcaption class=\"wp-element-caption\"><em><sup><mark style=\"background-color:rgba(0, 0, 0, 0)\" class=\"has-inline-color has-cyan-bluish-gray-color\">El avi\u00f3n matricula F-31 en el que viajaba Gardel<\/mark><\/sup><\/em><\/figcaption><\/figure>\n\n\n\n<p class=\"wp-block-paragraph\">As\u00ed como el nacimiento de Gardel se ha visto envuelto en diversas discusiones y debates, el accidente despert\u00f3 tambi\u00e9n distintas hip\u00f3tesis. Se estiman errores humanos, factores climatol\u00f3gicos, deficiencias en la pista y fallas mec\u00e1nicas.<\/p>\n\n\n\n<p class=\"wp-block-paragraph\">Lo cierto es que el 24 de junio qued\u00f3 grabado en la memoria cultural como un d\u00eda tr\u00e1gico. Gardel fallec\u00eda a los 44 a\u00f1os. S\u00ed, el Zorzal, el Mudo, el Morocho, dejar\u00eda de cantar. \u00bfDejar\u00eda de cantar?<\/p>\n\n\n\n<p class=\"wp-block-paragraph\">Los 24 de junio suenan todas las voces y es posible que en cada una de ellas suene la voz de Gardel. Porque Gardel est\u00e1 en todos los que cantan.<\/p>\n\n\n\n<p class=\"wp-block-paragraph\">Un final tr\u00e1gico, una vida maravillosa, una voz eterna.<\/p>\n\n\n\n<p class=\"wp-block-paragraph\"><\/p>\n","protected":false},"excerpt":{"rendered":"<p>Se celebra el D\u00eda del Cantor Nacional. Una fecha que re\u00fane lo sublime y lo fat\u00eddico.<\/p>\n","protected":false},"author":1,"featured_media":10209,"comment_status":"open","ping_status":"open","sticky":false,"template":"","format":"standard","meta":{"footnotes":""},"categories":[3],"tags":[163,32,452],"class_list":["post-10208","post","type-post","status-publish","format-standard","has-post-thumbnail","hentry","category-noticias","tag-carlos-gardel","tag-featured","tag-gardel"],"_links":{"self":[{"href":"https:\/\/www.fracturaexpuesta.com.ar\/tango\/wp-json\/wp\/v2\/posts\/10208","targetHints":{"allow":["GET"]}}],"collection":[{"href":"https:\/\/www.fracturaexpuesta.com.ar\/tango\/wp-json\/wp\/v2\/posts"}],"about":[{"href":"https:\/\/www.fracturaexpuesta.com.ar\/tango\/wp-json\/wp\/v2\/types\/post"}],"author":[{"embeddable":true,"href":"https:\/\/www.fracturaexpuesta.com.ar\/tango\/wp-json\/wp\/v2\/users\/1"}],"replies":[{"embeddable":true,"href":"https:\/\/www.fracturaexpuesta.com.ar\/tango\/wp-json\/wp\/v2\/comments?post=10208"}],"version-history":[{"count":10,"href":"https:\/\/www.fracturaexpuesta.com.ar\/tango\/wp-json\/wp\/v2\/posts\/10208\/revisions"}],"predecessor-version":[{"id":10225,"href":"https:\/\/www.fracturaexpuesta.com.ar\/tango\/wp-json\/wp\/v2\/posts\/10208\/revisions\/10225"}],"wp:featuredmedia":[{"embeddable":true,"href":"https:\/\/www.fracturaexpuesta.com.ar\/tango\/wp-json\/wp\/v2\/media\/10209"}],"wp:attachment":[{"href":"https:\/\/www.fracturaexpuesta.com.ar\/tango\/wp-json\/wp\/v2\/media?parent=10208"}],"wp:term":[{"taxonomy":"category","embeddable":true,"href":"https:\/\/www.fracturaexpuesta.com.ar\/tango\/wp-json\/wp\/v2\/categories?post=10208"},{"taxonomy":"post_tag","embeddable":true,"href":"https:\/\/www.fracturaexpuesta.com.ar\/tango\/wp-json\/wp\/v2\/tags?post=10208"}],"curies":[{"name":"wp","href":"https:\/\/api.w.org\/{rel}","templated":true}]}}