{"id":10362,"date":"2024-07-29T10:25:38","date_gmt":"2024-07-29T13:25:38","guid":{"rendered":"https:\/\/www.fracturaexpuesta.com.ar\/tango\/?p=10362"},"modified":"2024-07-29T12:24:12","modified_gmt":"2024-07-29T15:24:12","slug":"arranca-por-doble-a-el-programa-tangos-y-merengues-crueles","status":"publish","type":"post","link":"https:\/\/www.fracturaexpuesta.com.ar\/tango\/arranca-por-doble-a-el-programa-tangos-y-merengues-crueles\/","title":{"rendered":"Arranca por Doble A el programa \u201cTangos y merengues crueles\u201d"},"content":{"rendered":"\n<p class=\"wp-block-paragraph\">Este <strong>jueves 1 de agosto <\/strong>comienza a sonar en <a href=\"https:\/\/www.fracturaexpuesta.com.ar\/doblearadio\/\" target=\"_blank\" rel=\"noopener\" title=\"\">Doble A<\/a> <strong>\u201cTangos &amp; merengues crueles<\/strong>\u201d, un nuevo programa que se suma al aire de la radio online de tango de Fractura Expuesta.<\/p>\n\n\n\n<p class=\"wp-block-paragraph\">El espacio, creado por el realizador audiovisual y sonoro <strong>Cristian Mart\u00edne<\/strong>z, se emitir\u00e1 <strong>jueves por medio a las 22 y tendr\u00e1 adem\u00e1s una repetici\u00f3n los viernes a las 15<\/strong>.<\/p>\n\n\n\n<p class=\"wp-block-paragraph\"><em>Tangos &amp; merengues crueles<\/em> es un programa que re\u00fane m\u00fasica, voces y escenas auditivas orientadas por un eje tem\u00e1tico, un artista o una consigna escogida en cada emisi\u00f3n. Todo bajo el ala de los sonidos del tango.<\/p>\n\n\n\n<blockquote class=\"wp-block-quote is-layout-flow wp-block-quote-is-layout-flow\">\n<p class=\"wp-block-paragraph\">Tangos &amp; merengues crueles, una exploraci\u00f3n a ritmo de tango por el lenguaje radiof\u00f3nico<\/p>\n<\/blockquote>\n\n\n\n<p class=\"wp-block-paragraph\">Una propuesta que trabaja sobre la materia sonora y despliega una sustanciosa y vital cuota de lenguaje radiof\u00f3nico.<\/p>\n\n\n\n<p class=\"wp-block-paragraph\">Una manera de explorar las posibilidades de la radio frente a un contexto medi\u00e1tico cada vez m\u00e1s limitado por la escasez de recursos art\u00edsticos y discursivos.<\/p>\n\n\n\n<p class=\"wp-block-paragraph\">\u201cTiene una b\u00fasqueda est\u00e9tica que parte de una idea conceptual. Trato de hacer una banda sonora del tango\u201d, explica Mart\u00ednez desde Trelew, la ciudad patag\u00f3nica donde naci\u00f3 el programa.<\/p>\n\n\n\n<p class=\"wp-block-paragraph\">En sinton\u00eda con el aire de Doble A, <em>Tangos &amp; merengues crueles<\/em> presentar\u00e1 en su propuesta musical un recorrido por los grupos y artistas que componen el escenario actual del tango argentino.<\/p>\n\n\n\n<p class=\"wp-block-paragraph\">Este jueves <strong>1 de agosto, a las 22<\/strong>, comienza por Doble A <em>Tangos &amp; merengues crueles<\/em>, un programa para mirar con los o\u00eddos abiertos, <strong>una pel\u00edcula sonora<\/strong> para disfrutar del sorprendente sabor que brota del encuentro entre lo dulce y lo agrio. <\/p>\n\n\n\n<p class=\"wp-block-paragraph\">Suena en la radio.<\/p>\n\n\n\n<p class=\"wp-block-paragraph\"><em>***<\/em><\/p>\n\n\n\n<p class=\"wp-block-paragraph\">&#x1f4fb; <strong>Tangos &amp; merengues crueles<\/strong><br>Emite: Jueves (por medio) a las 22 hs. (ARG)<br>Repite: viernes (bajo la misma frecuencia) a las 15 hs. (ARG)<br><a href=\"https:\/\/www.fracturaexpuesta.com.ar\/doblearadio\/\" target=\"_blank\" rel=\"noopener\" title=\"\">www.fracturaexpuesta.com.ar\/doblearadio<\/a><\/p>\n\n\n\n<figure class=\"wp-block-image size-full\"><a href=\"https:\/\/www.fracturaexpuesta.com.ar\/doblearadio\/\" target=\"_blank\" rel=\"noreferrer noopener\"><img loading=\"lazy\" decoding=\"async\" width=\"950\" height=\"700\" src=\"https:\/\/www.fracturaexpuesta.com.ar\/tango\/wp-content\/uploads\/tangos-y-merengues-crueles-doble-a.png\" alt=\"un programa de tango\" class=\"wp-image-10364\" srcset=\"https:\/\/www.fracturaexpuesta.com.ar\/tango\/wp-content\/uploads\/tangos-y-merengues-crueles-doble-a.png 950w, https:\/\/www.fracturaexpuesta.com.ar\/tango\/wp-content\/uploads\/tangos-y-merengues-crueles-doble-a-300x221.png 300w, https:\/\/www.fracturaexpuesta.com.ar\/tango\/wp-content\/uploads\/tangos-y-merengues-crueles-doble-a-768x566.png 768w\" sizes=\"auto, (max-width: 950px) 100vw, 950px\" \/><\/a><\/figure>\n","protected":false},"excerpt":{"rendered":"<p>Comienza este jueves por la se\u00f1al online de tango de Fractura Expuesta<\/p>\n","protected":false},"author":1,"featured_media":10364,"comment_status":"open","ping_status":"open","sticky":false,"template":"","format":"standard","meta":{"footnotes":""},"categories":[298],"tags":[292,32],"class_list":["post-10362","post","type-post","status-publish","format-standard","has-post-thumbnail","hentry","category-doble-a","tag-doble-a","tag-featured"],"_links":{"self":[{"href":"https:\/\/www.fracturaexpuesta.com.ar\/tango\/wp-json\/wp\/v2\/posts\/10362","targetHints":{"allow":["GET"]}}],"collection":[{"href":"https:\/\/www.fracturaexpuesta.com.ar\/tango\/wp-json\/wp\/v2\/posts"}],"about":[{"href":"https:\/\/www.fracturaexpuesta.com.ar\/tango\/wp-json\/wp\/v2\/types\/post"}],"author":[{"embeddable":true,"href":"https:\/\/www.fracturaexpuesta.com.ar\/tango\/wp-json\/wp\/v2\/users\/1"}],"replies":[{"embeddable":true,"href":"https:\/\/www.fracturaexpuesta.com.ar\/tango\/wp-json\/wp\/v2\/comments?post=10362"}],"version-history":[{"count":10,"href":"https:\/\/www.fracturaexpuesta.com.ar\/tango\/wp-json\/wp\/v2\/posts\/10362\/revisions"}],"predecessor-version":[{"id":10375,"href":"https:\/\/www.fracturaexpuesta.com.ar\/tango\/wp-json\/wp\/v2\/posts\/10362\/revisions\/10375"}],"wp:featuredmedia":[{"embeddable":true,"href":"https:\/\/www.fracturaexpuesta.com.ar\/tango\/wp-json\/wp\/v2\/media\/10364"}],"wp:attachment":[{"href":"https:\/\/www.fracturaexpuesta.com.ar\/tango\/wp-json\/wp\/v2\/media?parent=10362"}],"wp:term":[{"taxonomy":"category","embeddable":true,"href":"https:\/\/www.fracturaexpuesta.com.ar\/tango\/wp-json\/wp\/v2\/categories?post=10362"},{"taxonomy":"post_tag","embeddable":true,"href":"https:\/\/www.fracturaexpuesta.com.ar\/tango\/wp-json\/wp\/v2\/tags?post=10362"}],"curies":[{"name":"wp","href":"https:\/\/api.w.org\/{rel}","templated":true}]}}