{"id":10406,"date":"2024-08-08T16:22:31","date_gmt":"2024-08-08T19:22:31","guid":{"rendered":"https:\/\/www.fracturaexpuesta.com.ar\/tango\/?p=10406"},"modified":"2024-08-12T22:31:58","modified_gmt":"2024-08-13T01:31:58","slug":"festival-y-mundial-tango-ba-2024-toda-la-programacion","status":"publish","type":"post","link":"https:\/\/www.fracturaexpuesta.com.ar\/tango\/festival-y-mundial-tango-ba-2024-toda-la-programacion\/","title":{"rendered":"Llega la nueva edici\u00f3n de Tango BA Festival y Mundial 2024"},"content":{"rendered":"\n<p class=\"wp-block-paragraph\">La Ciudad de Buenos Aires volver\u00e1 a tener una nueva edici\u00f3n de su evento tangu\u00edstico de mayor envergadura.<\/p>\n\n\n\n<p class=\"wp-block-paragraph\">Desde <strong>el mi\u00e9rcoles 14 y hasta el martes 27 de agosto<\/strong> se pondr\u00e1 en marcha <strong>Tango BA Festival y Mundial<\/strong> con su habitual propuesta de <strong>conciertos, milongas, clases, conferencias, feria de productos, proyecciones, producciones especiales y la tradicional competencia de baile <\/strong>que re\u00fane a milongueros de todo el mundo.<\/p>\n\n\n\n<figure class=\"wp-block-image size-large\"><img loading=\"lazy\" decoding=\"async\" width=\"723\" height=\"1024\" src=\"https:\/\/www.fracturaexpuesta.com.ar\/tango\/wp-content\/uploads\/MARCONI-2-723x1024.jpg\" alt=\"\" class=\"wp-image-10408\" srcset=\"https:\/\/www.fracturaexpuesta.com.ar\/tango\/wp-content\/uploads\/MARCONI-2-723x1024.jpg 723w, https:\/\/www.fracturaexpuesta.com.ar\/tango\/wp-content\/uploads\/MARCONI-2-212x300.jpg 212w, https:\/\/www.fracturaexpuesta.com.ar\/tango\/wp-content\/uploads\/MARCONI-2-768x1088.jpg 768w, https:\/\/www.fracturaexpuesta.com.ar\/tango\/wp-content\/uploads\/MARCONI-2.jpg 1000w\" sizes=\"auto, (max-width: 723px) 100vw, 723px\" \/><figcaption class=\"wp-element-caption\"><em><sup><mark style=\"background-color:rgba(0, 0, 0, 0)\" class=\"has-inline-color has-cyan-bluish-gray-color\">El bandoneonista Nestor Marconi y la Orquesta del Tango de Buenos Aires<\/mark><\/sup><\/em> <em><sup><mark style=\"background-color:rgba(0, 0, 0, 0)\" class=\"has-inline-color has-cyan-bluish-gray-color\">cerrar\u00e1n el festival en el Teatro Col\u00f3n.<\/mark><\/sup><\/em><\/figcaption><\/figure>\n\n\n\n<p class=\"wp-block-paragraph\">Los detalles y la programaci\u00f3n del cap\u00edtulo 2024 del evento tanguero se conocieron este jueves a trav\u00e9s de una conferencia en la que participaron, entre otros, la ministra de Cultura de CABA, Gabriela Ricardes; Alejandra Cuevas, subsecretaria de Gesti\u00f3n Cultural y Gustavo Mozzi, director del festival.<\/p>\n\n\n\n<figure class=\"wp-block-image size-large\"><img loading=\"lazy\" decoding=\"async\" width=\"1024\" height=\"576\" src=\"https:\/\/www.fracturaexpuesta.com.ar\/tango\/wp-content\/uploads\/WhatsApp-Image-2024-08-08-at-12.54.14-1-1024x576.jpeg\" alt=\"\" class=\"wp-image-10407\" srcset=\"https:\/\/www.fracturaexpuesta.com.ar\/tango\/wp-content\/uploads\/WhatsApp-Image-2024-08-08-at-12.54.14-1-1024x576.jpeg 1024w, https:\/\/www.fracturaexpuesta.com.ar\/tango\/wp-content\/uploads\/WhatsApp-Image-2024-08-08-at-12.54.14-1-300x169.jpeg 300w, https:\/\/www.fracturaexpuesta.com.ar\/tango\/wp-content\/uploads\/WhatsApp-Image-2024-08-08-at-12.54.14-1-768x432.jpeg 768w, https:\/\/www.fracturaexpuesta.com.ar\/tango\/wp-content\/uploads\/WhatsApp-Image-2024-08-08-at-12.54.14-1.jpeg 1280w\" sizes=\"auto, (max-width: 1024px) 100vw, 1024px\" \/><figcaption class=\"wp-element-caption\"><sup><em><mark style=\"background-color:rgba(0, 0, 0, 0)\" class=\"has-inline-color has-cyan-bluish-gray-color\">Ricardes (ministra de Cultura) y Mozzi (director del Festival) durante la presentaci\u00f3n de la edici\u00f3n 2024 de TangoBA.<\/mark><\/em><\/sup><\/figcaption><\/figure>\n\n\n\n<blockquote class=\"wp-block-quote is-layout-flow wp-block-quote-is-layout-flow\">\n<p class=\"wp-block-paragraph\">&#x1f4cc; Consultar y descargar la <a href=\"https:\/\/www.fracturaexpuesta.com.ar\/tango\/wp-content\/uploads\/Agenda-Festival-y-Mundial-de-tango-2024.pdf\" target=\"_blank\" rel=\"noopener\" title=\"\">agenda completa de Tango BA Festival y Mundial 2024<\/a><\/p>\n<\/blockquote>\n\n\n\n<p class=\"wp-block-paragraph\" style=\"font-size:26px\"><strong>El Festival (la m\u00fasica)<\/strong><\/p>\n\n\n\n<p class=\"wp-block-paragraph\">El Festival abrir\u00e1 esta vez en la Usina del Arte con un concierto que reunir\u00e1 a<strong> Jos\u00e9 Col\u00e1ngelo, N\u00e9stor Marconi y V\u00edctor Lavall\u00e9n y los int\u00e9rpretes de la Orquesta Escuela de Tango<\/strong>.<\/p>\n\n\n\n<p class=\"wp-block-paragraph\">A su vez, Juan Carlos Baglietto y Noelia Moncada se presentar\u00e1n en el mismo escenario con la Orquesta El Arranque. Bailar\u00e1n los campeones de tango escenario, Juli\u00e1n S\u00e1nchez y Bruna Estellita.<\/p>\n\n\n\n<figure class=\"wp-block-image size-large\"><img loading=\"lazy\" decoding=\"async\" width=\"1024\" height=\"664\" src=\"https:\/\/www.fracturaexpuesta.com.ar\/tango\/wp-content\/uploads\/susana-rinaldi-tango-BA-1024x664.png\" alt=\"\" class=\"wp-image-10415\" srcset=\"https:\/\/www.fracturaexpuesta.com.ar\/tango\/wp-content\/uploads\/susana-rinaldi-tango-BA-1024x664.png 1024w, https:\/\/www.fracturaexpuesta.com.ar\/tango\/wp-content\/uploads\/susana-rinaldi-tango-BA-300x194.png 300w, https:\/\/www.fracturaexpuesta.com.ar\/tango\/wp-content\/uploads\/susana-rinaldi-tango-BA-768x498.png 768w, https:\/\/www.fracturaexpuesta.com.ar\/tango\/wp-content\/uploads\/susana-rinaldi-tango-BA.png 1080w\" sizes=\"auto, (max-width: 1024px) 100vw, 1024px\" \/><figcaption class=\"wp-element-caption\"><em><mark style=\"background-color:rgba(0, 0, 0, 0)\" class=\"has-inline-color has-cyan-bluish-gray-color\"><sup>Susana Rinaldi cantar\u00e1 el viernes 16 con la Orquesta del Tango de Buenos Aires.<\/sup><\/mark><\/em><\/figcaption><\/figure>\n\n\n\n<p class=\"wp-block-paragraph\">Seg\u00fan indicaron los organizadores, ser\u00e1n <strong>m\u00e1s de 40 sedes, 500 actividades y 2000 artistas<\/strong> entre los que se encuentran figuras y grupos como <strong>Susana Rinaldi, el Sexteto Mayor, Adriana Varela, Bernardo Monk, Cuerdas del Plata, Amelita Baltar, Agust\u00edn Guerrero Quinteto, Eduardo Arquimbau<\/strong>, <strong>Diego Schissi, Nahuel Pennisi, La M\u00e1quina Invisible, Astillero, Leonardo Cuello, Rodolfo Mederos y Amores Tangos<\/strong>, entre muchos otros.<\/p>\n\n\n\n<p class=\"wp-block-paragraph\">Entre los espect\u00e1culos musicales tendr\u00e1n lugar producciones especiales como la <strong>Cumbre de Orquestas Escuela<\/strong> (Sal\u00f3n Dorado de la Casa de la Cultura), un <strong>\u201cbandoneonazo\u201d <\/strong>y un homenaje al recientemente fallecido Julio Pane (Centro Cultural 25 de Mayo), el segmento<strong> \u201cPanorama\u201d y \u201cTinta Fresca\u201d<\/strong>, orientados a las expresiones contempor\u00e1neas- y un espacio de <strong>\u201cOrquestas bailables y espect\u00e1culos de danza\u201d (El Cultural San Mart\u00edn<\/strong>).<\/p>\n\n\n\n<figure class=\"wp-block-image size-full\"><img loading=\"lazy\" decoding=\"async\" width=\"960\" height=\"640\" src=\"https:\/\/www.fracturaexpuesta.com.ar\/tango\/wp-content\/uploads\/astillero-tango.jpg\" alt=\"\" class=\"wp-image-2073\" srcset=\"https:\/\/www.fracturaexpuesta.com.ar\/tango\/wp-content\/uploads\/astillero-tango.jpg 960w, https:\/\/www.fracturaexpuesta.com.ar\/tango\/wp-content\/uploads\/astillero-tango-300x200.jpg 300w, https:\/\/www.fracturaexpuesta.com.ar\/tango\/wp-content\/uploads\/astillero-tango-768x512.jpg 768w\" sizes=\"auto, (max-width: 960px) 100vw, 960px\" \/><figcaption class=\"wp-element-caption\"><sup><em><mark style=\"background-color:rgba(0, 0, 0, 0)\" class=\"has-inline-color has-cyan-bluish-gray-color\">Astillero tocar\u00e1 el domingo 18 en CC Recoleta.<\/mark><\/em><\/sup><\/figcaption><\/figure>\n\n\n\n<p class=\"wp-block-paragraph\">El festival culminar\u00e1 el domingo <strong>25 de agosto en el Teatro Col\u00f3n<\/strong>, con la Gala de la Orquesta del Tango de Buenos Aires, dedicada exclusivamente a la obra de su director, el bandoneonista N\u00e9stor Marconi.<\/p>\n\n\n\n<p class=\"wp-block-paragraph\" style=\"font-size:26px\"><strong>El Mundial (el baile)<\/strong><\/p>\n\n\n\n<p class=\"wp-block-paragraph\">Con <strong>750 parejas de 53 pa\u00edses<\/strong>, el Mundial de baile tendr\u00e1 este a\u00f1o una novedad en cuanto a su espacio de realizaci\u00f3n. Ya no estar\u00e1 la cl\u00e1sica postal del obelisco como paisaje de la etapa final.<\/p>\n\n\n\n<p class=\"wp-block-paragraph\">Es que la <strong>final <\/strong>se realizar\u00e1 en el Movistar Arena del barrio de Villa Crespo. Ser\u00e1 el <strong>27 de agosto<\/strong> y se conocer\u00e1n all\u00ed a los campeones mundiales de <strong>las categor\u00edas \u201cPista\u201d y \u201cEscenario\u201d<\/strong>. Ese d\u00eda se presentar\u00e1 Nahuel Pennisi y la Compa\u00f1\u00eda de Danza de Leonardo Cuello.<\/p>\n\n\n\n<figure class=\"wp-block-image size-large\"><img loading=\"lazy\" decoding=\"async\" width=\"1024\" height=\"683\" src=\"https:\/\/www.fracturaexpuesta.com.ar\/tango\/wp-content\/uploads\/20240519184348_IMG_5221-1024x683.jpg\" alt=\"\" class=\"wp-image-10422\" srcset=\"https:\/\/www.fracturaexpuesta.com.ar\/tango\/wp-content\/uploads\/20240519184348_IMG_5221-1024x683.jpg 1024w, https:\/\/www.fracturaexpuesta.com.ar\/tango\/wp-content\/uploads\/20240519184348_IMG_5221-300x200.jpg 300w, https:\/\/www.fracturaexpuesta.com.ar\/tango\/wp-content\/uploads\/20240519184348_IMG_5221-768x512.jpg 768w, https:\/\/www.fracturaexpuesta.com.ar\/tango\/wp-content\/uploads\/20240519184348_IMG_5221-1536x1024.jpg 1536w, https:\/\/www.fracturaexpuesta.com.ar\/tango\/wp-content\/uploads\/20240519184348_IMG_5221-2048x1365.jpg 2048w\" sizes=\"auto, (max-width: 1024px) 100vw, 1024px\" \/><\/figure>\n\n\n\n<p class=\"wp-block-paragraph\"><\/p>\n\n\n\n<p class=\"wp-block-paragraph\">Asimismo, las <strong>rondas clasificatorias <\/strong>del Mundial de Tango, en la categor\u00eda Tango de Pista, se desplegar\u00e1n en la Usina del Arte los d\u00edas lunes 19 y martes 20, y la categor\u00eda Tango Escenario los d\u00edas mi\u00e9rcoles 21 y jueves 22, siempre a partir de las 9 de la ma\u00f1ana.<\/p>\n\n\n\n<p class=\"wp-block-paragraph\">Las semifinales ser\u00e1n el s\u00e1bado 24 de agosto para Tango de Pista y el domingo 25 para Tango Escenario.<\/p>\n\n\n\n<p class=\"wp-block-paragraph\">Las <strong>entradas<\/strong> son de car\u00e1cter gratuito y podr\u00e1n reservarse a trav\u00e9s del nuevo portal <a href=\"https:\/\/tangoba.org\/\" target=\"_blank\" rel=\"noopener\" title=\"\">https:\/\/tangoba.org\/<\/a><\/p>\n\n\n\n<figure class=\"wp-block-image size-large\"><img loading=\"lazy\" decoding=\"async\" width=\"1024\" height=\"681\" src=\"https:\/\/www.fracturaexpuesta.com.ar\/tango\/wp-content\/uploads\/TANGO-BA-festival-y-mundial-2024-2-1024x681.jpg\" alt=\"\" class=\"wp-image-10412\" srcset=\"https:\/\/www.fracturaexpuesta.com.ar\/tango\/wp-content\/uploads\/TANGO-BA-festival-y-mundial-2024-2-1024x681.jpg 1024w, https:\/\/www.fracturaexpuesta.com.ar\/tango\/wp-content\/uploads\/TANGO-BA-festival-y-mundial-2024-2-300x200.jpg 300w, https:\/\/www.fracturaexpuesta.com.ar\/tango\/wp-content\/uploads\/TANGO-BA-festival-y-mundial-2024-2-768x511.jpg 768w, https:\/\/www.fracturaexpuesta.com.ar\/tango\/wp-content\/uploads\/TANGO-BA-festival-y-mundial-2024-2-1536x1022.jpg 1536w, https:\/\/www.fracturaexpuesta.com.ar\/tango\/wp-content\/uploads\/TANGO-BA-festival-y-mundial-2024-2-2048x1363.jpg 2048w\" sizes=\"auto, (max-width: 1024px) 100vw, 1024px\" \/><\/figure>\n\n\n\n<p class=\"wp-block-paragraph\"><\/p>\n\n\n\n<p class=\"wp-block-paragraph\" style=\"font-size:26px\"><strong>El recorrido tem\u00e1tico por el Festival y Mundial<\/strong><\/p>\n\n\n\n<p class=\"wp-block-paragraph\"><strong>La Usina del Arte: \u201cPunto de encuentro\u201d<\/strong><\/p>\n\n\n\n<p class=\"wp-block-paragraph\">El auditorio de la Usina del Arte albergar\u00e1 producciones especiales del Festival, grandes conciertos y encuentros in\u00e9ditos. Sandra Mihanovich canta a Chico Novarro, La Orquesta Homenaje de Julio Pane, Susana Rinaldi y la Orquesta de Tango de la Ciudad, Rodolfo Mederos con su Orquesta de Cuerdas, entre otras propuestas. La Sala de C\u00e1mara ofrecer\u00e1 un panorama amplio de la escena contempor\u00e1nea, su riqueza y diversidad en m\u00faltiples formatos con artistas como Nicol\u00e1s Ledesma, Hern\u00e1n Jacinto, Quinteto del \u00c1ngel, Bernardo Monk, etc. La Nave Mayor ser\u00e1 sede de la Feria de productos con espacio para la gastronom\u00eda, desfiles de indumentaria, exhibiciones y milongas. Se desarrollar\u00e1n tambi\u00e9n en esta sede las rondas clasificatorias y semifinales del Mundial de Baile. Habr\u00e1 una gran gala de recepci\u00f3n a todos los ganadores de las diferentes sedes que se realizan alrededor del mundo.<\/p>\n\n\n\n<p class=\"wp-block-paragraph\"><strong>El Cultural San Mart\u00edn: \u201cPolo milonguero y cinematogr\u00e1fico\u201d<\/strong><\/p>\n\n\n\n<p class=\"wp-block-paragraph\">El Cultural San Mart\u00edn se transformar\u00e1 en un verdadero punto de atracci\u00f3n para los amantes del baile. Habr\u00e1 una milonga permanente, con exhibiciones y cumbre de DJ, pr\u00e1cticas y m\u00e1s de 40 clases tem\u00e1ticas para principiantes y avanzados, seminarios de creaci\u00f3n coreogr\u00e1fica de la mano de Carlos Rivarola, Julio Zurita, Aurora Lubiz, Juan Pablo Horvath, Sabrina y Rub\u00e9n Veliz, entre otros. Un ciclo de orquestas t\u00edpicas bailables de diferentes estilos en la Sala A ser\u00e1 el broche de oro de cada jornada. La Juan D Arienzo, la Orquesta T\u00edpica Misteriosa Buenos Aires, la Orquesta del Plata, la Sans Souci, San Osvaldo Orquesta T\u00edpica y Color Tango son algunas de las t\u00edpicas que se presentar\u00e1n en este segmento. Al mismo tiempo, un ciclo de cine propone estrenos de ficci\u00f3n, documentales y retratos de figuras notables con presencia de sus directores. Se proyectar\u00e1n Suite Ju\u00e1rez y Tuve el coraz\u00f3n en car\u00e1cter de estreno. Un tango m\u00e1s, Divagaci\u00f3n y tango sobre Julio Pane y San Pugliese, entre otras pel\u00edculas.<\/p>\n\n\n\n<figure class=\"wp-block-image size-full\"><img loading=\"lazy\" decoding=\"async\" width=\"800\" height=\"533\" src=\"https:\/\/www.fracturaexpuesta.com.ar\/tango\/wp-content\/uploads\/orquesta-tipica-misteriosa-buenos-aires.jpg\" alt=\"\" class=\"wp-image-10423\" srcset=\"https:\/\/www.fracturaexpuesta.com.ar\/tango\/wp-content\/uploads\/orquesta-tipica-misteriosa-buenos-aires.jpg 800w, https:\/\/www.fracturaexpuesta.com.ar\/tango\/wp-content\/uploads\/orquesta-tipica-misteriosa-buenos-aires-300x200.jpg 300w, https:\/\/www.fracturaexpuesta.com.ar\/tango\/wp-content\/uploads\/orquesta-tipica-misteriosa-buenos-aires-768x512.jpg 768w\" sizes=\"auto, (max-width: 800px) 100vw, 800px\" \/><figcaption class=\"wp-element-caption\"><em><sup><mark style=\"background-color:rgba(0, 0, 0, 0)\" class=\"has-inline-color has-cyan-bluish-gray-color\">Orquesta T\u00edpica Misteriosa Buenos Aires.<\/mark><\/sup><\/em><\/figcaption><\/figure>\n\n\n\n<p class=\"wp-block-paragraph\"><strong>Casa de la Cultura: \u201cCumbre de Orquestas Escuela\u201d<\/strong><\/p>\n\n\n\n<p class=\"wp-block-paragraph\">El Sal\u00f3n Dorado de la Casa de la Cultura ser\u00e1 sede de una Cumbre de Orquestas Escuela con algunos de los m\u00e1s virtuosos int\u00e9rpretes de las nuevas generaciones. La vitalidad del legado musical del tango en un ciclo de conciertos, clases y charlas de divulgaci\u00f3n. Participar\u00e1n las orquestas del Conservatorio Manuel de Falla, del Conservatorio Astor Piazzolla, de la Escuela de M\u00fasica Popular de Avellaneda, de la Universidad de las Artes, El Semillero de Juan Pablo Gallardo y la Escuela Orlando Go\u00f1i de Juli\u00e1n Peralta, entre otras.<\/p>\n\n\n\n<p class=\"wp-block-paragraph\"><strong>\u201cCl\u00e1sicos y populares en los barrios\u201d: Centro Cultural 25 de Mayo, Cine Teatro El Plata, Anfiteatro del Parque Centenario y Cine Teatro Gran Rivadavia<\/strong>)<\/p>\n\n\n\n<p class=\"wp-block-paragraph\">Cuatro ic\u00f3nicos espacios barriales, en Villa Urquiza, Mataderos, Caballito y Floresta, ofrecer\u00e1n una nutrida agenda de conciertos con algunos de los nombres m\u00e1s notables de la escena: Jos\u00e9 \u201cPepe\u201d Col\u00e1ngelo, Franco Luciani, Hugo Rivas, Adriana Varela, Amores Tango, V\u00edctor Lavall\u00e9n Orquesta, Amelita Baltar, la Banda Sinf\u00f3nica de la Ciudad, Guillermo Fern\u00e1ndez, Esteban Morgado, El Arranque, entre otros artistas.<\/p>\n\n\n\n<p class=\"wp-block-paragraph\"><strong>Centro Cultural Recoleta: \u201cTinta fresca, nuevos repertorios\u201d<\/strong><\/p>\n\n\n\n<p class=\"wp-block-paragraph\">El Centro Cultural Recoleta ser\u00e1 sede de un ciclo destinado a los nuevos repertorios. En el marco \u00edntimo y privilegiado de su capilla, se podr\u00e1 escuchar a los cl\u00e1sicos del futuro y disfrutar de la permanente expansi\u00f3n del g\u00e9nero. Participar\u00e1n del ciclo Agust\u00edn Guerrero, Diego Schissi, Juan Pablo Navarro, la Orquesta T\u00edpica Di Pasquale, Cuerdas del Plata, La M\u00e1quina Invisible y otros.<\/p>\n\n\n<div class=\"wp-block-image\">\n<figure class=\"aligncenter size-full\"><img loading=\"lazy\" decoding=\"async\" width=\"700\" height=\"500\" src=\"https:\/\/www.fracturaexpuesta.com.ar\/tango\/wp-content\/uploads\/juan-pablo-navarro-septeto.jpg\" alt=\"\" class=\"wp-image-9939\" srcset=\"https:\/\/www.fracturaexpuesta.com.ar\/tango\/wp-content\/uploads\/juan-pablo-navarro-septeto.jpg 700w, https:\/\/www.fracturaexpuesta.com.ar\/tango\/wp-content\/uploads\/juan-pablo-navarro-septeto-300x214.jpg 300w\" sizes=\"auto, (max-width: 700px) 100vw, 700px\" \/><figcaption class=\"wp-element-caption\"><mark style=\"background-color:rgba(0, 0, 0, 0)\" class=\"has-inline-color has-cyan-bluish-gray-color\"><em><sup>Juan Pablo Navarro Septeto (s\u00e1bado 24).<\/sup><\/em><\/mark><\/figcaption><\/figure>\n<\/div>\n\n\n<p class=\"wp-block-paragraph\"><strong>Teatro San Mart\u00edn, De La Ribera y Presidente Alvear: \u201cPanorama musical y teatral\u201d&nbsp;&nbsp;<\/strong><\/p>\n\n\n\n<p class=\"wp-block-paragraph\">El Hall del Teatro San Mart\u00edn ser\u00e1 sede de un ciclo en el que participar\u00e1n Lautaro Greco, Paula Castignola, Ariel Pirotti, Laura Falcoff, entre otros artistas. En la sala Mart\u00edn Coronado habr\u00e1 una gala con el Sexteto Mayor como anfitri\u00f3n y Ra\u00fal Lavi\u00e9 junto a Elena Roger como invitados. En el marco del Festival y Mundial de Baile habr\u00e1 funciones con entrada gratuita de\u00a0destacados t\u00edtulos de la temporada del Complejo Teatral de Buenos Aires: Benito de La Boca en el Teatro de La Ribera.<\/p>\n\n\n\n<p class=\"wp-block-paragraph\"><strong>\u201cBares y voces notables\u201d<\/strong><\/p>\n\n\n\n<p class=\"wp-block-paragraph\">Un ciclo de cantantes consagrados y nuevas voces en diez bares notables de la ciudad, con la participaci\u00f3n de Natalia Baz\u00e1n, Esteban Riera, Eleonora Barletta y otros artistas, en los tradicionales Claridge, New Brighton, La Poes\u00eda, La Puerto Rico, Homero Manzi, y m\u00e1s lugares.<\/p>\n\n\n\n<p class=\"wp-block-paragraph\"><strong>Museos de la Ciudad: \u201cMuestras, charlas y conciertos tem\u00e1ticos\u201d<\/strong><\/p>\n\n\n\n<p class=\"wp-block-paragraph\">Habr\u00e1 conciertos en el Museo Casa Carlos Gardel, donde la muestra\u00a0 \u00abTroilo, el otro Gardel del Abasto\u00bb, exhibe el acervo patrimonial de la familia de \u201cPichuco\u00bb, con partituras originales, archivo fotogr\u00e1fico familiar y su bandone\u00f3n. El Taller Galv\u00e1n y Renato Venturini ser\u00e1n parte de la programaci\u00f3n. En el Museo de la Ciudad, la muestra \u201cDel carro al cuadro\u201d da cuenta de la historia del fileteado porte\u00f1o. En ambos espacios habr\u00e1 activaciones con charlas y conciertos especiales en el marco del festival. El Museo del Cine proyectar\u00e1 un ciclo de cine mudo con tem\u00e1tica tanguera y m\u00fasica en vivo.\u00a0<\/p>\n\n\n<div class=\"wp-block-image\">\n<figure class=\"aligncenter size-full\"><img loading=\"lazy\" decoding=\"async\" width=\"1023\" height=\"630\" src=\"https:\/\/www.fracturaexpuesta.com.ar\/tango\/wp-content\/uploads\/teatro-colon-tango.jpg\" alt=\"\" class=\"wp-image-10440\" srcset=\"https:\/\/www.fracturaexpuesta.com.ar\/tango\/wp-content\/uploads\/teatro-colon-tango.jpg 1023w, https:\/\/www.fracturaexpuesta.com.ar\/tango\/wp-content\/uploads\/teatro-colon-tango-300x185.jpg 300w, https:\/\/www.fracturaexpuesta.com.ar\/tango\/wp-content\/uploads\/teatro-colon-tango-768x473.jpg 768w\" sizes=\"auto, (max-width: 1023px) 100vw, 1023px\" \/><figcaption class=\"wp-element-caption\"><em><sup><mark style=\"background-color:rgba(0, 0, 0, 0)\" class=\"has-inline-color has-cyan-bluish-gray-color\">El festival culminar\u00e1 en el Teatro Col\u00f3n.<\/mark><\/sup><\/em><\/figcaption><\/figure>\n<\/div>\n\n\n<p class=\"wp-block-paragraph\"><strong>Teatro Col\u00f3n: \u201cN\u00e9stor Marconi y la Orquesta del Tango de la Ciudad\u201d<\/strong><\/p>\n\n\n\n<p class=\"wp-block-paragraph\">Un gran concierto de La Orquesta del Tango de la Ciudad en el Teatro Col\u00f3n, dedicado \u00edntegramente a la obra de su director, el maestro N\u00e9stor Marconi. La orquesta interpretar\u00e1 sus composiciones y sus arreglos con el propio Marconi en bandone\u00f3n y direcci\u00f3n.<\/p>\n\n\n\n<p class=\"wp-block-paragraph\"><strong>Movistar Arena: \u201cGran Final del Campeonato Mundial de Baile\u201d<\/strong><\/p>\n\n\n\n<p class=\"wp-block-paragraph\">La tradicional Final del Campeonato Mundial de Baile tendr\u00e1 este a\u00f1o una sede excepcional. Las m\u00e1s de setenta parejas finalistas, llegadas de diferentes latitudes, ser\u00e1n protagonistas de una emocionante jornada en sus dos categor\u00edas: Pista y Escenario. En esta ocasi\u00f3n tambi\u00e9n se presentar\u00e1n Nahuel Pennisi y la Compa\u00f1\u00eda de Danza de Leonardo Cuello.<\/p>\n\n\n\n<p class=\"wp-block-paragraph\"><strong>Milongas, Miradores, Academias, El Bondi Tanguero y un corredor en Avenida de Mayo.&nbsp;<\/strong><\/p>\n\n\n\n<p class=\"wp-block-paragraph\">El Bondi Tanguero de la Academia Tango Club, recorrer\u00e1 los barrios con propuestas de m\u00fasica y danza al aire libre.&nbsp; A 130 a\u00f1os de la fundaci\u00f3n de la Avenida de Mayo, el Mirador Plaza de Mayo abrir\u00e1 sus puertas con un espect\u00e1culo inmersivo de tango electr\u00f3nico y una vista privilegiada de la ciudad. Como parte de este corredor la Academia Nacional de Tango se suma al festival con un ciclo de charlas coordinadas con el Centro de Estudios Tangueros.<\/p>\n\n\n\n<blockquote class=\"wp-block-quote is-layout-flow wp-block-quote-is-layout-flow\">\n<p class=\"wp-block-paragraph\">&#x1f4cc; Consultar y descargar la <a href=\"https:\/\/www.fracturaexpuesta.com.ar\/tango\/wp-content\/uploads\/Agenda-Festival-y-Mundial-de-tango-2024.pdf\" target=\"_blank\" rel=\"noopener\" title=\"\">agenda completa de Tango BA Festival y Mundial 2024<\/a><\/p>\n<\/blockquote>\n","protected":false},"excerpt":{"rendered":"<p>Desde el 14 y hasta el 27 de agosto, Buenos Aires desplegar\u00e1 su Festival y Mundial de Tango 2024 y se convertir\u00e1 en el epicentro internacional del 2&#215;4.<\/p>\n","protected":false},"author":1,"featured_media":10444,"comment_status":"open","ping_status":"open","sticky":false,"template":"","format":"standard","meta":{"footnotes":""},"categories":[3],"tags":[32,218,100,111,197],"class_list":["post-10406","post","type-post","status-publish","format-standard","has-post-thumbnail","hentry","category-noticias","tag-featured","tag-festival-de-tango","tag-mundial-de-tango","tag-tango","tag-tangoba"],"_links":{"self":[{"href":"https:\/\/www.fracturaexpuesta.com.ar\/tango\/wp-json\/wp\/v2\/posts\/10406","targetHints":{"allow":["GET"]}}],"collection":[{"href":"https:\/\/www.fracturaexpuesta.com.ar\/tango\/wp-json\/wp\/v2\/posts"}],"about":[{"href":"https:\/\/www.fracturaexpuesta.com.ar\/tango\/wp-json\/wp\/v2\/types\/post"}],"author":[{"embeddable":true,"href":"https:\/\/www.fracturaexpuesta.com.ar\/tango\/wp-json\/wp\/v2\/users\/1"}],"replies":[{"embeddable":true,"href":"https:\/\/www.fracturaexpuesta.com.ar\/tango\/wp-json\/wp\/v2\/comments?post=10406"}],"version-history":[{"count":23,"href":"https:\/\/www.fracturaexpuesta.com.ar\/tango\/wp-json\/wp\/v2\/posts\/10406\/revisions"}],"predecessor-version":[{"id":10484,"href":"https:\/\/www.fracturaexpuesta.com.ar\/tango\/wp-json\/wp\/v2\/posts\/10406\/revisions\/10484"}],"wp:featuredmedia":[{"embeddable":true,"href":"https:\/\/www.fracturaexpuesta.com.ar\/tango\/wp-json\/wp\/v2\/media\/10444"}],"wp:attachment":[{"href":"https:\/\/www.fracturaexpuesta.com.ar\/tango\/wp-json\/wp\/v2\/media?parent=10406"}],"wp:term":[{"taxonomy":"category","embeddable":true,"href":"https:\/\/www.fracturaexpuesta.com.ar\/tango\/wp-json\/wp\/v2\/categories?post=10406"},{"taxonomy":"post_tag","embeddable":true,"href":"https:\/\/www.fracturaexpuesta.com.ar\/tango\/wp-json\/wp\/v2\/tags?post=10406"}],"curies":[{"name":"wp","href":"https:\/\/api.w.org\/{rel}","templated":true}]}}