{"id":10457,"date":"2024-08-23T11:14:10","date_gmt":"2024-08-23T14:14:10","guid":{"rendered":"https:\/\/www.fracturaexpuesta.com.ar\/tango\/?p=10457"},"modified":"2024-08-26T18:04:02","modified_gmt":"2024-08-26T21:04:02","slug":"dia-por-dia-la-programacion-completa-del-tango-ba-festival-y-mundial-2024","status":"publish","type":"post","link":"https:\/\/www.fracturaexpuesta.com.ar\/tango\/dia-por-dia-la-programacion-completa-del-tango-ba-festival-y-mundial-2024\/","title":{"rendered":"D\u00eda por d\u00eda: la programaci\u00f3n completa de Tango BA Festival y Mundial 2024"},"content":{"rendered":"\n<p class=\"wp-block-paragraph\">Desde el 14 y hasta el 27 de agosto se desarrolla la edici\u00f3n 2024 de Tango BA Festival y Mundial, el mayor encuentro de tango a nivel nacional e internacional que congrega m\u00fasica y baile desde la factor\u00eda central del 2&#215;4, Buenos Aires.<\/p>\n\n\n\n<p class=\"wp-block-paragraph\">Fractura Expuesta y <a href=\"https:\/\/www.fracturaexpuesta.com.ar\/doblearadio\/\" target=\"_blank\" rel=\"noopener\" title=\"\">Doble A (Radio Tango)<\/a> reunieron la programaci\u00f3n del evento organizada d\u00eda por d\u00eda con el fin de ofrecer un mejor acercamiento y consulta a toda la propuesta que este a\u00f1o ofrecen el Festival y el Mundial.<\/p>\n\n\n\n<figure class=\"wp-block-image size-large\"><img loading=\"lazy\" decoding=\"async\" width=\"1024\" height=\"684\" src=\"https:\/\/www.fracturaexpuesta.com.ar\/tango\/wp-content\/uploads\/marconi-festival-d-etango-1024x684.jpg\" alt=\"\" class=\"wp-image-10460\" srcset=\"https:\/\/www.fracturaexpuesta.com.ar\/tango\/wp-content\/uploads\/marconi-festival-d-etango-1024x684.jpg 1024w, https:\/\/www.fracturaexpuesta.com.ar\/tango\/wp-content\/uploads\/marconi-festival-d-etango-300x200.jpg 300w, https:\/\/www.fracturaexpuesta.com.ar\/tango\/wp-content\/uploads\/marconi-festival-d-etango-768x513.jpg 768w, https:\/\/www.fracturaexpuesta.com.ar\/tango\/wp-content\/uploads\/marconi-festival-d-etango-1536x1026.jpg 1536w, https:\/\/www.fracturaexpuesta.com.ar\/tango\/wp-content\/uploads\/marconi-festival-d-etango-2048x1368.jpg 2048w\" sizes=\"auto, (max-width: 1024px) 100vw, 1024px\" \/><figcaption class=\"wp-element-caption\"><sup><em><mark style=\"background-color:rgba(0, 0, 0, 0)\" class=\"has-inline-color has-cyan-bluish-gray-color\">El bandoneonista N\u00e9stor Marconi<\/mark><\/em><\/sup><\/figcaption><\/figure>\n\n\n\n<p class=\"wp-block-paragraph\"><\/p>\n\n\n\n<h2 class=\"wp-block-heading\">La agenda completa de Tango BA Festival y Mundial 2024<\/h2>\n\n\n<h3><span style=\"color: #800080;\">Mi\u00e9rcoles 14 de agosto<\/span><\/h3>\n<p>CONCIERTO DE APERTURA<br \/><strong>Jos\u00e9 Colangelo, N\u00e9stor Marconi, V\u00edctor Lavall\u00e9n<\/strong><br \/><strong>El Arranque, Orquesta escuela de tango<\/strong><br \/><strong>Noelia Moncada y Juan Carlos Baglietto<\/strong><br \/><strong>Bailan: Juli\u00e1n S\u00e1nchez y Bruna Estellita<\/strong><br \/>Usina del Arte (auditorio) &#8211; Agust\u00edn R. Caffarena 1 \u2013 20 hs.<\/p>\n<h3><span style=\"color: #800080;\">Jueves 15 de agosto<\/span><\/h3>\n<p><strong>Orquesta T\u00edpica de la UNA &#8211; Dir. Ariel Pirotti<\/strong><br \/>Casa de la Cultura (Sal\u00f3n Dorado) \u2013 Av. de Mayo 575 \u2013 19 hs.<br \/>***<br \/><strong>Vivi Verri y Leandro Ponte con Amalia Escobar<\/strong><br \/>Bar Cabildo &#8211; Per\u00fa 86 \u2013 19 hs.<br \/>***<br \/><strong>Sandra Mihanovich canta a Chico Novarro<\/strong><br \/>Usina del Arte (auditorio)\u00a0 &#8211; Agust\u00edn R. Caffarena 1 \u2013 20 hs.<br \/>***<br \/><strong>Orquesta Cuerdas del Plata<\/strong><br \/>CC Recoleta (Capilla) \u2013 Jun\u00edn 1930 \u2013 20 hs.<br \/>***<br \/><strong>La m\u00fasica de Mart\u00edn Darre por la Banda Sinf\u00f3nica de la Ciudad<\/strong><br \/>Centro Cultural 25 de Mayo \u2013 Av. Triunvirato 4444 \u2013 20 hs.<br \/>***<br \/><strong>\u201cTango romance\u201d, de Sandra Bootz y Gabriel Ortega<\/strong><br \/>Centro Cultural San Mart\u00edn \u2013 Sarmiento 1551 \u2013 20 hs.<\/p>\n<h3><span style=\"color: #800080;\">Viernes 16 de agosto<\/span><\/h3>\n<p><strong>Anita Co y Mat\u00edas L\u00f3pez Gallese<\/strong><br \/>Teatro San Mart\u00edn (Hall) &#8211; Av. Corrientes 1530 \u2013 18 hs.<br \/>***<br \/><strong>Color Tango<\/strong><br \/><strong>Bailan: Estanislao Herrera y Johana Aranda<\/strong><br \/>Centro Cultural San Mart\u00edn \u2013 Sarmiento 1551 \u2013 18.30 hs.<br \/>***<br \/><strong>\u00abBandoneonazo\u00bb homenaje a Julio Pane<\/strong><br \/>Centro Cultural 25 de Mayo \u2013 Av. Triunvirato 4444 \u2013 19 hs.<br \/>***<br \/><strong>Orquesta T\u00edpica del Conservatorio Piazzolla<\/strong><br \/>Casa de la Cultura (Sal\u00f3n Dorado) \u2013 Av. de Mayo 575 \u2013 19 hs.<br \/>***<br \/><strong>Susana Rinaldi con la Orquesta del Tango de Buenos Aires<\/strong><br \/>Usina del Arte (auditorio)\u00a0 &#8211; Agust\u00edn R. Caffarena 1 \u2013 20 hs.<br \/>***<br \/><strong>Agust\u00edn Guerrero Quinteto<\/strong><br \/>CC Recoleta (Capilla) \u2013 Jun\u00edn 1930 \u2013 20 hs.<br \/>***<br \/><strong>Pepe Col\u00e1ngelo, Franco Luciani, Hugo Rivas y Daniel Falasca<\/strong><br \/><strong>Homenaje a Hugo D\u00edaz<\/strong><br \/>Centro Cultural 25 de Mayo \u2013 Av. Triunvirato 4444 \u2013 20 hs.<br \/>***<br \/><strong>Luis Salinas<\/strong><br \/>Cine Teatro El Plata &#8211; Av. Juan Bautista Alberdi 5765 \u2013 20 hs.<br \/>***<br \/><strong>Alejandro Guyot y Mica Sancho con Federico Montenegro<\/strong><br \/>El Viejo Buz\u00f3n &#8211; Neuqu\u00e9n 1100 \u2013 20 hs.<\/p>\n<h3><span style=\"color: #800080;\">S\u00e1bado 17 de agosto<\/span><\/h3>\n<p><em>S\u00e1bados 17 y 24 y Domingos 18 y 25<\/em><br \/><strong>El Bondi Tanguero<\/strong><br \/>Cuatro paradas en cuatro barrios porte\u00f1os <br \/>con la m\u00fasica de la Academia Tango Club \u2013 16 hs.<br \/>***<br \/><strong>\u201cReuni\u00f3n cumbre\u201d 50 a\u00f1os &#8211; Astor Piazzolla<\/strong><br \/><strong>Gerry Mulligan por Jorge Retamoza Sexteto<\/strong><br \/>Usina del Arte (sala de c\u00e1mara) &#8211; Agust\u00edn R. Caffarena 1 \u2013 16 hs.<br \/>***<br \/><strong>La rueda milonguera<\/strong><br \/>Academia Nacional del Tango &#8211; Av. de Mayo 833 \u2013 18 hs.<br \/>***<br \/><strong>Quinteto del \u00c1ngel<\/strong><br \/>Usina del Arte (sala de c\u00e1mara) &#8211; Agust\u00edn R. Caffarena 1 \u2013 18.30 hs.<br \/>***<br \/><strong>Orquesta T\u00edpica Misteriosa Buenos Aires<\/strong><br \/><strong>Bailan: Carla Rossi y Jos\u00e9 Luis Salvo<\/strong><br \/>Centro Cultural San Mart\u00edn \u2013 Sarmiento 1551 \u2013 18.30 hs.<br \/>***<br \/><strong>Viviana Scarlassa con Pepo Ogivieki<\/strong><br \/>Centro Cultural 25 de Mayo \u2013 Av. Triunvirato 4444 \u2013 19 hs.<br \/>***<br \/><strong>Esteban Riera y Melina Liberati con Emiliano Greco<\/strong><br \/>La Puerto Rico &#8211; Adolfo Alsina 416 \u2013 19 hs.<br \/>***<br \/><strong>Rodolfo Mederos y Orquesta de Cuerdas<\/strong><br \/>Usina del Arte (auditorio) &#8211; Agust\u00edn R. Caffarena 1 \u2013 20 hs.<br \/>***<br \/><strong>Noelia Moncada canta a Rub\u00edn<\/strong><br \/>Centro Cultural 25 de Mayo \u2013 Av. Triunvirato 4444 \u2013 20 hs.<br \/>***<br \/><strong>Orquesta T\u00edpica Di Pasquale<\/strong><br \/>CC Recoleta (Capilla) \u2013 Jun\u00edn 1930 \u2013 20 hs.<br \/>***<br \/><strong>Esteban Morgado Cuarteto<\/strong><br \/>Teatro Gran Rivadavia \u2013 Av. Rivadavia 8636 \u2013 20 hs.<\/p>\n<h3><span style=\"color: #800080;\"><strong>Domingo 18 de agosto<\/strong><\/span><\/h3>\n<p><strong>Eleonora Barletta y Ana Stamponi con Lola Rosa V\u00e1zquez<\/strong><br \/>Saint Moritz &#8211; Esmeralda 890 \u2013 13 hs.<br \/>***<br \/><strong>Luis Cer\u00e1volo Cuarteto<\/strong><br \/>Usina del Arte (sala de c\u00e1mara) &#8211; Agust\u00edn R. Caffarena 1 \u2013 16 hs.<br \/>***<br \/><strong>Patricia Barone y Javier Gonz\u00e1lez Grupo<\/strong><br \/>Anfiteatro Parque Centenario &#8211; Av. Leopoldo Marechal 832 \u2013 16 hs.<br \/>***<br \/><strong>Veronika Silva y Sebasti\u00e1n Giunta<\/strong><br \/>Teatro San Mart\u00edn (Hall) &#8211; Av. Corrientes 1530 \u2013 16.30 hs.<br \/>***<br \/><strong>Nicol\u00e1s y Alejandro Guerschberg<\/strong><br \/>Usina del Arte (sala de c\u00e1mara) &#8211; Agust\u00edn R. Caffarena 1 \u2013 18.30 hs.<br \/>***<br \/><strong>Orquesta del Conservatorio Manuel de Falla &#8211; Dir. Adri\u00e1n Enr\u00edquez<\/strong><br \/>Casa de la Cultura (Sal\u00f3n Dorado) \u2013 Av. de Mayo 575 \u2013 19 hs.<br \/>***<br \/><strong>La Milonga del 25<\/strong><br \/>Centro Cultural 25 de Mayo \u2013 Av. Triunvirato 4444 \u2013 19 hs.<br \/>***<br \/><strong>Orquesta T\u00edpica Julio Pane (Homenaje)<\/strong><br \/>Usina del Arte (auditorio) &#8211; Agust\u00edn R. Caffarena 1 \u2013 20 hs.<br \/>***<br \/><strong>Astillero<\/strong><br \/>CC Recoleta (Capilla) \u2013 Jun\u00edn 1930 \u2013 20 hs.<br \/>***<br \/><strong>Quinteto Lumiere<\/strong><br \/>Centro Cultural 25 de Mayo \u2013 Av. Triunvirato 4444 \u2013 20 hs.<br \/>***<br \/><strong>Amelita Baltar<\/strong><br \/>Cine Teatro El Plata &#8211; Av. Juan Bautista Alberdi 5765 \u2013 20 hs.<br \/>***<br \/><strong>Quinteto Revolucionario<\/strong><br \/>Teatro Gran Rivadavia \u2013 Av. Rivadavia 8636 \u2013 20 hs.<br \/>***<br \/><strong>Pablo Valle Sexteto<\/strong><br \/><strong>Bailan: Florencia Z\u00e1rate y Guido Palacios<\/strong><br \/>Centro Cultural San Mart\u00edn \u2013 Sarmiento 1551 \u2013 20 hs.<\/p>\n\n\n<figure class=\"wp-block-image size-large\"><img loading=\"lazy\" decoding=\"async\" width=\"1024\" height=\"681\" src=\"https:\/\/www.fracturaexpuesta.com.ar\/tango\/wp-content\/uploads\/TANGO-BA-festival-y-mundial-2024-2-1024x681.jpg\" alt=\"\" class=\"wp-image-10412\" srcset=\"https:\/\/www.fracturaexpuesta.com.ar\/tango\/wp-content\/uploads\/TANGO-BA-festival-y-mundial-2024-2-1024x681.jpg 1024w, https:\/\/www.fracturaexpuesta.com.ar\/tango\/wp-content\/uploads\/TANGO-BA-festival-y-mundial-2024-2-300x200.jpg 300w, https:\/\/www.fracturaexpuesta.com.ar\/tango\/wp-content\/uploads\/TANGO-BA-festival-y-mundial-2024-2-768x511.jpg 768w, https:\/\/www.fracturaexpuesta.com.ar\/tango\/wp-content\/uploads\/TANGO-BA-festival-y-mundial-2024-2-1536x1022.jpg 1536w, https:\/\/www.fracturaexpuesta.com.ar\/tango\/wp-content\/uploads\/TANGO-BA-festival-y-mundial-2024-2-2048x1363.jpg 2048w\" sizes=\"auto, (max-width: 1024px) 100vw, 1024px\" \/><figcaption class=\"wp-element-caption\"><em><sup><mark style=\"background-color:rgba(0, 0, 0, 0)\" class=\"has-inline-color has-cyan-bluish-gray-color\">El Mundial y sus categor\u00edas: Tango de Pista y Tango Escenario<\/mark><\/sup><\/em><\/figcaption><\/figure>\n\n\n<h3><span style=\"color: #800080;\">Lunes 19 de agosto<\/span><\/h3>\n<p><strong>Clasificatorias Tango de Pista<\/strong><br \/>Usina del Arte (sala de c\u00e1mara) &#8211; Agust\u00edn R. Caffarena 1 \u2013 9 hs.<br \/>***<br \/><strong>Bernardo Monk y Orquesta<\/strong><br \/>Usina del Arte (sala de c\u00e1mara) &#8211; Agust\u00edn R. Caffarena 1 \u2013 19 hs.<br \/>***<br \/><strong>El semillero\u201d de Juan Pablo Gallardo<\/strong><br \/>Casa de la Cultura (Sal\u00f3n Dorado) \u2013 Av. de Mayo 575 \u2013 19 hs.<br \/>*** <br \/><strong>Daisy Lombardo y Bernardo Berg\u00e9 con Pablo Valle<\/strong><br \/>La Ideal &#8211; Suipacha 384 \u2013 19 hs.<br \/>***<br \/><strong>Adriana Varela<\/strong><br \/>Centro Cultural 25 de Mayo \u2013 Av. Triunvirato 4444 \u2013 20 hs.<br \/>***<br \/><strong>Nico Ledesma &#8211; Caf\u00e9 Cort\u00e1zar<\/strong><br \/>CC Recoleta (Capilla) \u2013 Jun\u00edn 1930 \u2013 20 hs.<\/p>\n<h3><span style=\"color: #800080;\">Martes 20 de agosto<\/span><\/h3>\n<p><strong>Clasificatorias Tango de Pista<\/strong><br \/>Usina del Arte (sala de c\u00e1mara) &#8211; Agust\u00edn R. Caffarena 1 \u2013 9 hs.<br \/>***<br \/><strong>Orquesta T\u00edpica de la UNSAM<\/strong><br \/>Casa de la Cultura (Sal\u00f3n Dorado) \u2013 Av. de Mayo 575 \u2013 19 hs.<br \/>***<br \/><strong>En Des\u00f3rbita<\/strong><br \/>Usina del Arte (sala de c\u00e1mara) &#8211; Agust\u00edn R. Caffarena 1 \u2013 19 hs.<br \/>***<br \/><strong>Mario C\u00e1rdenas<\/strong><br \/>La Poes\u00eda &#8211; Chile 502 \u2013 19 hs.<br \/>***<br \/><strong>Sexteto Mayor con Ra\u00fal Lavi\u00e9 y Elena Roger<\/strong><br \/>Teatro San Mart\u00edn (Sala Martin Coronado) &#8211; Av. Corrientes 1530 \u2013 16.30 hs.<br \/>***<br \/><strong>Guillermo Fern\u00e1ndez con Cristian Z\u00e1rate y C\u00e9sar Angeleri Cuarteto<\/strong><br \/>Centro Cultural 25 de Mayo \u2013 Av. Triunvirato 4444 \u2013 20 hs.<br \/>***<br \/><strong>La M\u00e1quina Invisible<\/strong><br \/>CC Recoleta (Capilla) \u2013 Jun\u00edn 1930 \u2013 20 hs.<br \/>***<br \/><strong>La Juan D\u2019Arienzo<\/strong><br \/><strong>Bailan: Cristian M\u00e1rquez y Virginia G\u00f3mez<\/strong><br \/>Centro Cultural San Mart\u00edn \u2013 Sarmiento 1551 \u2013 20 hs.<br \/>***<br \/><strong>Cucuza Castiello \u201cEl tango vuelve al barrio, 17 a\u00f1os\u201d<\/strong><br \/>Sal\u00f3n La Argentina &#8211; Rodr\u00edguez Pe\u00f1a 361 \u2013 20 hs.<\/p>\n<h3><span style=\"color: #800080;\">Mi\u00e9rcoles 21 de agosto<\/span><\/h3>\n<p><strong>Clasificatorias Tango Escenario<\/strong><br \/>Usina del Arte (sala de c\u00e1mara) &#8211; Agust\u00edn R. Caffarena 1 \u2013 9 hs.<br \/>***<br \/><strong>Hern\u00e1n Jacinto Tr\u00edo<\/strong><br \/>Usina del Arte (sala de c\u00e1mara) &#8211; Agust\u00edn R. Caffarena 1 \u2013 19 hs.<br \/>***<br \/><strong>Orquesta T\u00edpica de la EMPA<\/strong><br \/>Casa de la Cultura (Sal\u00f3n Dorado) \u2013 Av. de Mayo 575 \u2013 19 hs.<br \/>***<br \/><strong>Malena Rossi y Miguel Roda con Pablo Valle<\/strong><br \/>The New Brighton &#8211; Sarmiento 645 \u2013 19 hs.<br \/>***<br \/><strong>La Orquesta T\u00edpica Candombe<\/strong><br \/>Centro Cultural 25 de Mayo \u2013 Av. Triunvirato 4444 \u2013 20 hs.<br \/>***<br \/>Cumbre de Pianistas:<br \/><strong>Marina Ruiz Matta, Lucas Querini, Pablo Fraguela<\/strong><br \/><strong>Adri\u00e1n Enr\u00edquez, Joel Tortul<\/strong><br \/>CC Recoleta (Capilla) \u2013 Jun\u00edn 1930 \u2013 20 hs.<br \/>***<br \/><strong>El Arranque<\/strong><br \/>Cine Teatro El Plata &#8211; Av. Juan Bautista Alberdi 5765 \u2013 20 hs.<br \/>***<br \/><strong>Elegante Sport<\/strong><br \/><strong>Bailan: Juli\u00e1n S\u00e1nchez y Bruna Estellita<\/strong><br \/>Centro Cultural San Mart\u00edn \u2013 Sarmiento 1551 \u2013 20 hs.<\/p>\n\n\n<figure class=\"wp-block-image size-full\"><img loading=\"lazy\" decoding=\"async\" width=\"1000\" height=\"667\" src=\"https:\/\/www.fracturaexpuesta.com.ar\/tango\/wp-content\/uploads\/1172_afs_Usina_TangoBA_SponsorPantallas_09082019_MG_1179.png\" alt=\"\" class=\"wp-image-8906\" srcset=\"https:\/\/www.fracturaexpuesta.com.ar\/tango\/wp-content\/uploads\/1172_afs_Usina_TangoBA_SponsorPantallas_09082019_MG_1179.png 1000w, https:\/\/www.fracturaexpuesta.com.ar\/tango\/wp-content\/uploads\/1172_afs_Usina_TangoBA_SponsorPantallas_09082019_MG_1179-300x200.png 300w, https:\/\/www.fracturaexpuesta.com.ar\/tango\/wp-content\/uploads\/1172_afs_Usina_TangoBA_SponsorPantallas_09082019_MG_1179-768x512.png 768w\" sizes=\"auto, (max-width: 1000px) 100vw, 1000px\" \/><figcaption class=\"wp-element-caption\"><em><sup><mark style=\"background-color:rgba(0, 0, 0, 0)\" class=\"has-inline-color has-cyan-bluish-gray-color\">Usina del Arte, una de las sedes del Festival de Tango.<\/mark><\/sup><\/em><\/figcaption><\/figure>\n\n\n<h3><span style=\"color: #800080;\">Jueves 22 de agosto<\/span><\/h3>\n<p><strong>Clasificatorias Tango Escenario<\/strong><br \/>Usina del Arte (sala de c\u00e1mara) &#8211; Agust\u00edn R. Caffarena 1 \u2013 9 hs.<br \/>***<br \/><strong>Tango ca\u00f1\u00f3n con Mario Rizzo<\/strong><br \/>Academia Nacional del Tango &#8211; Av. de Mayo 833 \u2013 18 hs.<br \/>***<br \/><strong>Jimena G\u00f3mez y Pablo Ju\u00e1rez Levar Cuarteto<\/strong><br \/>Usina del Arte (sala de c\u00e1mara) &#8211; Agust\u00edn R. Caffarena 1 \u2013 19 hs.<br \/>***<br \/><strong>Escuela Orlando Go\u00f1i<\/strong><br \/>Casa de la Cultura (Sal\u00f3n Dorado) \u2013 Av. de Mayo 575 \u2013 19 hs.<br \/>***<br \/><strong>Quasimodo Tr\u00edo<\/strong><br \/>CC Recoleta (Capilla) \u2013 Jun\u00edn 1930 \u2013 20 hs.<br \/>***<br \/><strong>Conjunto Nueve &amp; Alicia Vignola<\/strong><br \/>Centro Cultural 25 de Mayo \u2013 Av. Triunvirato 4444 \u2013 20 hs.<br \/>***<br \/><strong>Legado Salg\u00e1n &#8211; Quinteto Real<\/strong><br \/>Cine Teatro El Plata &#8211; Av. Juan Bautista Alberdi 5765 \u2013 20 hs.<br \/>***<br \/><strong>Orquesta T\u00edpica Sans Souci<\/strong><br \/><strong>Bailan: Alejandro Ferreyra y Fernanda Grosso<\/strong><br \/>Centro Cultural San Mart\u00edn \u2013 Sarmiento 1551 \u2013 20 hs.<br \/>***<br \/>\u201cComo tres extra\u00f1as\u201d<br \/><strong>Cindy Harcha, Astrid Motura y Andrea Bollof<\/strong><br \/>Las Violetas &#8211; Av. Rivadavia 3899 \u2013 21 hs.<\/p>\n<h3><span style=\"color: #800080;\">Viernes 23 de agosto<\/span><\/h3>\n<p><strong>Paula Castignola y Ariel Pirotti<\/strong><br \/>Teatro San Mart\u00edn (Hall) &#8211; Av. Corrientes 1530 \u2013 18 hs.<br \/>***<br \/><strong>Karina Beorlegui y el Chino Laborde con Fede Mizrahi<\/strong><br \/>Esquina Homero Manzi &#8211; Av. San Juan 3601 \u2013 18 hs.<br \/>***<br \/><strong>Jorge V\u00e1zquez<\/strong><br \/>Academia Nacional del Tango &#8211; Av. de Mayo 833 \u2013 18 hs.<br \/>***<br \/>\u201cGala de las preliminares\u201d<br \/><strong>Tango Bardo<\/strong><br \/><strong>Cantante invitada: Sandra Luna<\/strong><br \/>Usina del Arte (sala de c\u00e1mara) &#8211; Agust\u00edn R. Caffarena 1 \u2013 19 hs.<br \/>***<br \/><strong>Nicol\u00e1s Ledesma Quinteto<\/strong><br \/>Usina del Arte (sala de c\u00e1mara) &#8211; Agust\u00edn R. Caffarena 1 \u2013 19 hs.<br \/>***<br \/><strong>Marcelo Balsells con Oscar de El\u00eda<\/strong><br \/>Centro Cultural 25 de Mayo \u2013 Av. Triunvirato 4444 \u2013 19 hs.<br \/>***<br \/><strong>Milonga en El Plata<\/strong><br \/>Cine Teatro El Plata &#8211; Av. Juan Bautista Alberdi 5765 \u2013 19 hs.<br \/>***<br \/><strong>Orquesta Puente Sur<\/strong><br \/>Casa de la Cultura (Sal\u00f3n Dorado) \u2013 Av. de Mayo 575 \u2013 19 hs.<br \/>***<br \/><strong>V\u00edctor Lavall\u00e9n Orquesta<\/strong><br \/>Centro Cultural 25 de Mayo \u2013 Av. Triunvirato 4444 \u2013 20 hs.<br \/>***<br \/><strong>Yazmina Raies Tr\u00edo<\/strong><br \/>CC Recoleta (Capilla) \u2013 Jun\u00edn 1930 \u2013 20 hs.<br \/>***<br \/><strong>Compa\u00f1\u00eda de Marcos Ayala presenta: \u201cTango, donde la historia comienza\u201d<\/strong><br \/>Teatro Gran Rivadavia \u2013 Av. Rivadavia 8636 \u2013 20 hs.<br \/>***<br \/><strong>Compa\u00f1\u00eda Pampas Bravas presenta: \u201cBuenos Aires, el Musical\u201d<\/strong><br \/>Centro Cultural San Mart\u00edn \u2013 Sarmiento 1551 \u2013 20 hs.<\/p>\n<h3><span style=\"color: #800080;\">S\u00e1bado 24 de agosto<\/span><\/h3>\n<p><strong>Semifinales Tango de Pista<\/strong><br \/>Usina del Arte (sala de c\u00e1mara) &#8211; Agust\u00edn R. Caffarena 1 \u2013 15 hs.<br \/>***<br \/><strong>Tango Q Dany Cukierman (Ciclo Peabody)<\/strong><br \/>Anfiteatro Parque Centenario &#8211; Av. Leopoldo Marechal 832 \u2013 16 hs.<br \/>***<br \/><strong>Virgilio Exp\u00f3sito 100 a\u00f1os &#8211; Estreno: \u201cSuite zarate\u00f1a\u201d<\/strong><br \/>Usina del Arte (sala de c\u00e1mara) &#8211; Agust\u00edn R. Caffarena 1 \u2013 16 hs.<br \/>***<br \/><strong>\u201cBandoneoman\u00eda\u201d, de Lautaro Greco<\/strong><br \/>Teatro San Mart\u00edn (Hall) &#8211; Av. Corrientes 1530 \u2013 18 hs.<br \/>***<br \/><strong>Sexteto De Caro 100 a\u00f1os por Germ\u00e1n Mart\u00ednez<\/strong><br \/>Usina del Arte (sala de c\u00e1mara) &#8211; Agust\u00edn R. Caffarena 1 \u2013 18.30 hs.<br \/>***<br \/><strong>Laura Albarrac\u00edn con Pablo Fraguela<\/strong><br \/>Centro Cultural 25 de Mayo \u2013 Av. Triunvirato 4444 \u2013 19 hs.<br \/>***<br \/><strong>Orquesta Escuela Academia Tango Club<\/strong><br \/>Casa de la Cultura (Sal\u00f3n Dorado) \u2013 Av. de Mayo 575 \u2013 19 hs.<br \/>***<br \/><strong>Milonga en El Plata<\/strong><br \/>Cine Teatro El Plata &#8211; Av. Juan Bautista Alberdi 5765 \u2013 19 hs.<br \/>***<br \/><strong>Natalia Baz\u00e1n y Luciano Rosini<\/strong><br \/>Claridge &#8211; Tucum\u00e1n 535 \u2013 19 hs.<br \/>***<br \/><strong>Juan Pablo Navarro Septeto<\/strong><br \/>CC Recoleta (Capilla) \u2013 Jun\u00edn 1930 \u2013 20 hs.<br \/>***<br \/><strong>Orquesta T\u00edpica Pichuco<\/strong><br \/>Centro Cultural 25 de Mayo \u2013 Av. Triunvirato 4444 \u2013 20 hs.<br \/>***<br \/><strong>Ra\u00fal Lavi\u00e9<\/strong><br \/>Teatro Gran Rivadavia \u2013 Av. Rivadavia 8636 \u2013 20 hs.<br \/>***<br \/><strong>La Orquesta del Plata \u201cTangos, Milongas y Valses\u201d<\/strong><br \/><strong>Eduardo Avena, Poly P\u00e9rez, Tata Vilches y Lucas G\u00f3mez<\/strong><br \/><strong>Artistas invitadas: Ver\u00f3nica Bellini (piano), Ale Diagne,<\/strong><br \/><strong>Eugenia Encina, Florencia Lazarte (voces)<\/strong><br \/>Centro Cultural San Mart\u00edn \u2013 Sarmiento 1551 \u2013 20 hs.<\/p>\n\n\n<figure class=\"wp-block-image size-large\"><img loading=\"lazy\" decoding=\"async\" width=\"1024\" height=\"683\" src=\"https:\/\/www.fracturaexpuesta.com.ar\/tango\/wp-content\/uploads\/1054_AFS_TangoBA_20220911-2FS08321-1024x683.jpg\" alt=\"\" class=\"wp-image-8909\" srcset=\"https:\/\/www.fracturaexpuesta.com.ar\/tango\/wp-content\/uploads\/1054_AFS_TangoBA_20220911-2FS08321-1024x683.jpg 1024w, https:\/\/www.fracturaexpuesta.com.ar\/tango\/wp-content\/uploads\/1054_AFS_TangoBA_20220911-2FS08321-300x200.jpg 300w, https:\/\/www.fracturaexpuesta.com.ar\/tango\/wp-content\/uploads\/1054_AFS_TangoBA_20220911-2FS08321-768x512.jpg 768w, https:\/\/www.fracturaexpuesta.com.ar\/tango\/wp-content\/uploads\/1054_AFS_TangoBA_20220911-2FS08321-1536x1024.jpg 1536w, https:\/\/www.fracturaexpuesta.com.ar\/tango\/wp-content\/uploads\/1054_AFS_TangoBA_20220911-2FS08321-2048x1366.jpg 2048w\" sizes=\"auto, (max-width: 1024px) 100vw, 1024px\" \/><figcaption class=\"wp-element-caption\"><em><sup><mark style=\"background-color:rgba(0, 0, 0, 0)\" class=\"has-inline-color has-cyan-bluish-gray-color\">La final del Mundial ser\u00e1 el martes 27.<\/mark><\/sup><\/em><\/figcaption><\/figure>\n\n\n<h3><span style=\"color: #800080;\">Domingo 25 de agosto<\/span><\/h3>\n<p><strong>Semifinales Tango Escenario<\/strong><br \/>Usina del Arte (sala de c\u00e1mara) &#8211; Agust\u00edn R. Caffarena 1 \u2013 15 hs.<br \/>***<br \/><strong>Tanghetto<\/strong><br \/>Anfiteatro Parque Centenario &#8211; Av. Leopoldo Marechal 832 \u2013 16 hs.<br \/>***<br \/><strong>70 a\u00f1os del tango en Jap\u00f3n<\/strong><br \/>Usina del Arte (sala de c\u00e1mara) &#8211; Agust\u00edn R. Caffarena 1 \u2013 16 hs.<br \/>***<br \/><strong>\u201cAs\u00ed se baila el tango\u201d, de Laura Falcoff<\/strong><br \/>Teatro San Mart\u00edn (Hall) &#8211; Av. Corrientes 1530 \u2013 16.30 hs.<br \/>***<br \/>CONCIERTO DE CIERRE<br \/><strong>N\u00e9stor Marconi con la Orquesta del Tango de Buenos Aires<\/strong><br \/>Teatro Col\u00f3n &#8211; Tucum\u00e1n 1171 \u2013 17 hs.<br \/>***<br \/><strong>Quinteto Negro La Boca<\/strong><br \/>Usina del Arte (sala de c\u00e1mara) &#8211; Agust\u00edn R. Caffarena 1 \u2013 18.30 hs.<br \/>***<br \/><strong>La Milonga del 25<\/strong><br \/>Centro Cultural 25 de Mayo \u2013 Av. Triunvirato 4444 \u2013 19 hs.<br \/>***<br \/><strong>Diego Schissi Quinteto<\/strong><br \/>CC Recoleta (Capilla) \u2013 Jun\u00edn 1930 \u2013 20 hs.<br \/>***<br \/><strong>Walter R\u00edos Quinteto<\/strong><br \/>Centro Cultural 25 de Mayo \u2013 Av. Triunvirato 4444 \u2013 20 hs.<br \/>***<br \/><strong>Julia Zenko<\/strong><br \/>Teatro Gran Rivadavia \u2013 Av. Rivadavia 8636 \u2013 20 hs.<br \/>***<br \/><strong>San Osvaldo Orquesta T\u00edpica<\/strong><br \/><strong>Bailan: Andr\u00e9s Cejas y Genoveva Fern\u00e1ndez<\/strong><br \/>Centro Cultural San Mart\u00edn \u2013 Sarmiento 1551 \u2013 20 hs.<\/p>\n<h3><span style=\"color: #800080;\">Martes 27 de agosto<\/span><\/h3>\n<p>MUNDIAL DE TANGO<br \/><strong>Final de Tango de Pista y Tango Escenario<\/strong><br \/><strong>Artistas invitados: Nahuel Pennisi y<\/strong><br \/><strong>Compa\u00f1\u00eda de Leonardo Cuello<\/strong><br \/>Movistar Arena &#8211; Humboldt 450 \u2013 18 hs.<\/p>\n\n\n<p class=\"wp-block-paragraph\" style=\"font-size:20px\"><mark style=\"background-color:rgba(0, 0, 0, 0)\" class=\"has-inline-color has-vivid-purple-color\"><strong>Otras actividades<\/strong><\/mark> (baile, clases, charlas, cine, libros)<\/p>\n\n\n\n<figure class=\"wp-block-image size-large\"><img loading=\"lazy\" decoding=\"async\" width=\"794\" height=\"1024\" src=\"https:\/\/www.fracturaexpuesta.com.ar\/tango\/wp-content\/uploads\/Tango-Programacion-7_page-0009-794x1024.png\" alt=\"\" class=\"wp-image-10489\" srcset=\"https:\/\/www.fracturaexpuesta.com.ar\/tango\/wp-content\/uploads\/Tango-Programacion-7_page-0009-794x1024.png 794w, https:\/\/www.fracturaexpuesta.com.ar\/tango\/wp-content\/uploads\/Tango-Programacion-7_page-0009-233x300.png 233w, https:\/\/www.fracturaexpuesta.com.ar\/tango\/wp-content\/uploads\/Tango-Programacion-7_page-0009-768x991.png 768w, https:\/\/www.fracturaexpuesta.com.ar\/tango\/wp-content\/uploads\/Tango-Programacion-7_page-0009-1191x1536.png 1191w, https:\/\/www.fracturaexpuesta.com.ar\/tango\/wp-content\/uploads\/Tango-Programacion-7_page-0009-1587x2048.png 1587w, https:\/\/www.fracturaexpuesta.com.ar\/tango\/wp-content\/uploads\/Tango-Programacion-7_page-0009.png 1654w\" sizes=\"auto, (max-width: 794px) 100vw, 794px\" \/><\/figure>\n\n\n\n<figure class=\"wp-block-image size-large\"><img loading=\"lazy\" decoding=\"async\" width=\"697\" height=\"1024\" src=\"https:\/\/www.fracturaexpuesta.com.ar\/tango\/wp-content\/uploads\/Tango-Programacion-7_page-0010-697x1024.png\" alt=\"\" class=\"wp-image-10490\" srcset=\"https:\/\/www.fracturaexpuesta.com.ar\/tango\/wp-content\/uploads\/Tango-Programacion-7_page-0010-697x1024.png 697w, https:\/\/www.fracturaexpuesta.com.ar\/tango\/wp-content\/uploads\/Tango-Programacion-7_page-0010-204x300.png 204w, https:\/\/www.fracturaexpuesta.com.ar\/tango\/wp-content\/uploads\/Tango-Programacion-7_page-0010-768x1128.png 768w, https:\/\/www.fracturaexpuesta.com.ar\/tango\/wp-content\/uploads\/Tango-Programacion-7_page-0010-1045x1536.png 1045w, https:\/\/www.fracturaexpuesta.com.ar\/tango\/wp-content\/uploads\/Tango-Programacion-7_page-0010-1394x2048.png 1394w, https:\/\/www.fracturaexpuesta.com.ar\/tango\/wp-content\/uploads\/Tango-Programacion-7_page-0010.png 1654w\" sizes=\"auto, (max-width: 697px) 100vw, 697px\" \/><\/figure>\n\n\n\n<figure class=\"wp-block-image size-large\"><img loading=\"lazy\" decoding=\"async\" width=\"1024\" height=\"1024\" src=\"https:\/\/www.fracturaexpuesta.com.ar\/tango\/wp-content\/uploads\/Tango-Programacion-7_page-0011-1024x1024.png\" alt=\"\" class=\"wp-image-10491\" srcset=\"https:\/\/www.fracturaexpuesta.com.ar\/tango\/wp-content\/uploads\/Tango-Programacion-7_page-0011-1024x1024.png 1024w, https:\/\/www.fracturaexpuesta.com.ar\/tango\/wp-content\/uploads\/Tango-Programacion-7_page-0011-300x300.png 300w, https:\/\/www.fracturaexpuesta.com.ar\/tango\/wp-content\/uploads\/Tango-Programacion-7_page-0011-150x150.png 150w, https:\/\/www.fracturaexpuesta.com.ar\/tango\/wp-content\/uploads\/Tango-Programacion-7_page-0011-768x768.png 768w, https:\/\/www.fracturaexpuesta.com.ar\/tango\/wp-content\/uploads\/Tango-Programacion-7_page-0011-1536x1536.png 1536w, https:\/\/www.fracturaexpuesta.com.ar\/tango\/wp-content\/uploads\/Tango-Programacion-7_page-0011-100x100.png 100w, https:\/\/www.fracturaexpuesta.com.ar\/tango\/wp-content\/uploads\/Tango-Programacion-7_page-0011.png 1654w\" sizes=\"auto, (max-width: 1024px) 100vw, 1024px\" \/><\/figure>\n\n\n\n<figure class=\"wp-block-image size-large\"><img loading=\"lazy\" decoding=\"async\" width=\"692\" height=\"1024\" src=\"https:\/\/www.fracturaexpuesta.com.ar\/tango\/wp-content\/uploads\/Tango-Programacion-7_page-0013-692x1024.png\" alt=\"\" class=\"wp-image-10492\" srcset=\"https:\/\/www.fracturaexpuesta.com.ar\/tango\/wp-content\/uploads\/Tango-Programacion-7_page-0013-692x1024.png 692w, https:\/\/www.fracturaexpuesta.com.ar\/tango\/wp-content\/uploads\/Tango-Programacion-7_page-0013-203x300.png 203w, https:\/\/www.fracturaexpuesta.com.ar\/tango\/wp-content\/uploads\/Tango-Programacion-7_page-0013-768x1136.png 768w, https:\/\/www.fracturaexpuesta.com.ar\/tango\/wp-content\/uploads\/Tango-Programacion-7_page-0013-1039x1536.png 1039w, https:\/\/www.fracturaexpuesta.com.ar\/tango\/wp-content\/uploads\/Tango-Programacion-7_page-0013-1385x2048.png 1385w, https:\/\/www.fracturaexpuesta.com.ar\/tango\/wp-content\/uploads\/Tango-Programacion-7_page-0013.png 1654w\" sizes=\"auto, (max-width: 692px) 100vw, 692px\" \/><\/figure>\n\n\n<div class=\"wp-block-image\">\n<figure class=\"aligncenter size-large\"><a href=\"https:\/\/www.fracturaexpuesta.com.ar\/doblearadio\/\" target=\"_blank\" rel=\"noreferrer noopener\"><img loading=\"lazy\" decoding=\"async\" width=\"1024\" height=\"536\" src=\"https:\/\/www.fracturaexpuesta.com.ar\/tango\/wp-content\/uploads\/doble-A-F-post1-1024x536.png\" alt=\"\" class=\"wp-image-8962\" srcset=\"https:\/\/www.fracturaexpuesta.com.ar\/tango\/wp-content\/uploads\/doble-A-F-post1-1024x536.png 1024w, https:\/\/www.fracturaexpuesta.com.ar\/tango\/wp-content\/uploads\/doble-A-F-post1-300x157.png 300w, https:\/\/www.fracturaexpuesta.com.ar\/tango\/wp-content\/uploads\/doble-A-F-post1-768x402.png 768w, https:\/\/www.fracturaexpuesta.com.ar\/tango\/wp-content\/uploads\/doble-A-F-post1.png 1200w\" sizes=\"auto, (max-width: 1024px) 100vw, 1024px\" \/><\/a><\/figure>\n<\/div>","protected":false},"excerpt":{"rendered":"<p>Diariamente, a trav\u00e9s de nuestras redes y de la agenda web, podr\u00e1s seguir todas las propuestas del Festival y Mundial de Tango.<\/p>\n","protected":false},"author":1,"featured_media":10483,"comment_status":"open","ping_status":"open","sticky":false,"template":"","format":"standard","meta":{"footnotes":""},"categories":[3],"tags":[32,218,100,111,197],"class_list":["post-10457","post","type-post","status-publish","format-standard","has-post-thumbnail","hentry","category-noticias","tag-featured","tag-festival-de-tango","tag-mundial-de-tango","tag-tango","tag-tangoba"],"_links":{"self":[{"href":"https:\/\/www.fracturaexpuesta.com.ar\/tango\/wp-json\/wp\/v2\/posts\/10457","targetHints":{"allow":["GET"]}}],"collection":[{"href":"https:\/\/www.fracturaexpuesta.com.ar\/tango\/wp-json\/wp\/v2\/posts"}],"about":[{"href":"https:\/\/www.fracturaexpuesta.com.ar\/tango\/wp-json\/wp\/v2\/types\/post"}],"author":[{"embeddable":true,"href":"https:\/\/www.fracturaexpuesta.com.ar\/tango\/wp-json\/wp\/v2\/users\/1"}],"replies":[{"embeddable":true,"href":"https:\/\/www.fracturaexpuesta.com.ar\/tango\/wp-json\/wp\/v2\/comments?post=10457"}],"version-history":[{"count":28,"href":"https:\/\/www.fracturaexpuesta.com.ar\/tango\/wp-json\/wp\/v2\/posts\/10457\/revisions"}],"predecessor-version":[{"id":10506,"href":"https:\/\/www.fracturaexpuesta.com.ar\/tango\/wp-json\/wp\/v2\/posts\/10457\/revisions\/10506"}],"wp:featuredmedia":[{"embeddable":true,"href":"https:\/\/www.fracturaexpuesta.com.ar\/tango\/wp-json\/wp\/v2\/media\/10483"}],"wp:attachment":[{"href":"https:\/\/www.fracturaexpuesta.com.ar\/tango\/wp-json\/wp\/v2\/media?parent=10457"}],"wp:term":[{"taxonomy":"category","embeddable":true,"href":"https:\/\/www.fracturaexpuesta.com.ar\/tango\/wp-json\/wp\/v2\/categories?post=10457"},{"taxonomy":"post_tag","embeddable":true,"href":"https:\/\/www.fracturaexpuesta.com.ar\/tango\/wp-json\/wp\/v2\/tags?post=10457"}],"curies":[{"name":"wp","href":"https:\/\/api.w.org\/{rel}","templated":true}]}}