{"id":10571,"date":"2024-09-02T15:48:09","date_gmt":"2024-09-02T18:48:09","guid":{"rendered":"https:\/\/www.fracturaexpuesta.com.ar\/tango\/?p=10571"},"modified":"2024-09-02T15:55:19","modified_gmt":"2024-09-02T18:55:19","slug":"la-otra-orilla-el-micro-radial-de-doble-a-que-conduce-jose-arenas-se-convertira-en-libro-y-disco","status":"publish","type":"post","link":"https:\/\/www.fracturaexpuesta.com.ar\/tango\/la-otra-orilla-el-micro-radial-de-doble-a-que-conduce-jose-arenas-se-convertira-en-libro-y-disco\/","title":{"rendered":"\u201cLa otra orilla\u201d, el micro radial de Doble A que conduce Jos\u00e9 Arenas, se convertir\u00e1 en libro y disco"},"content":{"rendered":"\n<p class=\"wp-block-paragraph\">\u00bfC\u00f3mo trazar un recorrido por la canci\u00f3n popular y el tango de Uruguay? \u00bfDe qu\u00e9 hablan, cu\u00e1l es su sentir, que huella imprimieron en el cancionero del pa\u00eds y qui\u00e9nes son sus creadores?<\/p>\n\n\n\n<p class=\"wp-block-paragraph\">\u201cLa otra orilla\u201d, <a href=\"https:\/\/www.youtube.com\/@FracturaExpuesta\/videos\" target=\"_blank\" rel=\"noopener\" title=\"\">el espacio radial que conduce el escritor uruguayo Jos\u00e9 Arenas por Doble A<\/a>, se propuso durante m\u00e1s de una veintena de cap\u00edtulos indagar en esas cuestiones.<\/p>\n\n\n\n<p class=\"wp-block-paragraph\">El resultado fue un corpus del <strong>repertorio popular de Uruguay<\/strong> que dio cuenta de la riqueza y la diversidad de sus creadores, tanto contempor\u00e1neos como cl\u00e1sicos.<\/p>\n\n\n\n<p class=\"wp-block-paragraph\">All\u00ed aparecieron autores, grupos y artistas como <strong>Otros Indios, Laura Canoura, Sin palabras, Jaime Ross, Estela y Alberto Magnone, Ignacio \u201cNacho\u201d Su\u00e1rez, Giovanna, Horacio Ferrer o Carlos G\u00f3mez<\/strong>, entre muchos otros.<\/p>\n\n\n\n<iframe loading=\"lazy\" width=\"560\" height=\"315\" src=\"https:\/\/www.youtube.com\/embed\/cJniD5z7xOs?si=pySH2Eb16gwOy7aH\" title=\"YouTube video player\" frameborder=\"0\" allow=\"accelerometer; autoplay; clipboard-write; encrypted-media; gyroscope; picture-in-picture; web-share\" referrerpolicy=\"strict-origin-when-cross-origin\" allowfullscreen><\/iframe>\n\n\n\n<p class=\"wp-block-paragraph\"><\/p>\n\n\n\n<p class=\"wp-block-paragraph\">Ahora, ese trabajo tendr\u00e1, junto con el radial, nuevo formato. <strong>Se editar\u00e1 en libro<\/strong> luego de que el proyecto resultara seleccionado \u2013entre m\u00e1s de 280 propuestas- en la edici\u00f3n 2024 del Fondo Concursable para la Cultura de Uruguay.<\/p>\n\n\n\n<p class=\"wp-block-paragraph\">Ser\u00e1 una <strong>antolog\u00eda<\/strong> que indaga en la l\u00edrica y la m\u00fasica de composiciones que van desde principios del siglo XX hasta la actualidad de la escena autoral de Uruguay. Con eso, Arenas construye un edificio interpretativo que examina en profundidad cada uno de los tangos y las canciones escogidas.<\/p>\n\n\n\n<h3 class=\"wp-block-heading\">M\u00e1s que un libro<\/h3>\n\n\n\n<p class=\"wp-block-paragraph\">\u201cHac\u00eda mucho ven\u00eda barajando la idea del libro. Hay antolog\u00edas de tangos uruguayos bien hechas. Recuerdo especialmente que la que hicieron \u00c1lvaro Ojeda y Miguel \u00c1ngel \u00abEl Cristo\u00bb Olivera. Pero yo quer\u00eda hacer la m\u00eda, con un enfoque anal\u00edtico que, al mismo tiempo, no estuviera enmarcada en el bodoque te\u00f3rico que dejara por fuera a mucha gente. Y, adem\u00e1s, que la principal mirada estuviera sobre las creaciones nuevas o desconocidas. Para eso me puse a trabajar en los micros radiales\u201d, explica Arenas sobre el origen del libro que llevar\u00e1 como t\u00edtulo <em><strong>La otra orilla, antolog\u00eda comentada de la l\u00edrica del tango uruguayo (1920 \u2013 2020)<\/strong><\/em>.<\/p>\n\n\n\n<p class=\"wp-block-paragraph\">Seg\u00fan adelant\u00f3 a <em>Fractura Expuesta <\/em>el escritor y letrista uruguayo, el libro -previsto para 2025- reunir\u00e1 a un equipo de artistas y propuestas para el papel y m\u00e1s all\u00e1 del formato libro. All\u00ed estar\u00e1n <strong>Gustavo Wojciechowski<\/strong>, m\u00e1s conocido como \u00abMaca\u00bb, director de la editorial Yaugur\u00fa y una leyenda en el dise\u00f1o de arte uruguayo. El material contar\u00e1 adem\u00e1s con un pr\u00f3logo de <strong>Mateo Dieste<\/strong>, fil\u00f3sofo y profesor residente en Alemania.<\/p>\n\n\n\n<p class=\"wp-block-paragraph\">Asimismo, habr\u00e1 <strong>un disco inspirado en La otra orilla<\/strong> con versiones de tangos que no se encuentran habitualmente. <\/p>\n\n\n\n<p class=\"wp-block-paragraph\">Ser\u00e1 un material en colaboraci\u00f3n con reconocidos int\u00e9rpretes como <strong>Estefan\u00eda Melonio, Giovanna, Sin Palabras, Laura Canoura, Gabriela Morgare y Carlos G\u00f3mez<\/strong>, junto material in\u00e9dito de archivo. Ese disco tendr\u00e1 una producci\u00f3n de <strong>\u00c1ngel Atienza<\/strong>, al frente del sello Perro Andaluz.<\/p>\n\n\n\n<iframe loading=\"lazy\" width=\"560\" height=\"315\" src=\"https:\/\/www.youtube.com\/embed\/Cs5nSsMd0po?si=32rrDT4pW6Vc4Wrq\" title=\"YouTube video player\" frameborder=\"0\" allow=\"accelerometer; autoplay; clipboard-write; encrypted-media; gyroscope; picture-in-picture; web-share\" referrerpolicy=\"strict-origin-when-cross-origin\" allowfullscreen><\/iframe>\n","protected":false},"excerpt":{"rendered":"<p>\u00abLa otra orilla, antolog\u00eda comentada de la l\u00edrica del tango uruguayo (1920 \u2013 2020)\u00bb ser\u00e1 el t\u00edtulo del libro.<\/p>\n","protected":false},"author":1,"featured_media":10573,"comment_status":"open","ping_status":"open","sticky":false,"template":"","format":"standard","meta":{"footnotes":""},"categories":[3],"tags":[32,299,300],"class_list":["post-10571","post","type-post","status-publish","format-standard","has-post-thumbnail","hentry","category-noticias","tag-featured","tag-jose-arenas","tag-la-otra-orilla"],"_links":{"self":[{"href":"https:\/\/www.fracturaexpuesta.com.ar\/tango\/wp-json\/wp\/v2\/posts\/10571","targetHints":{"allow":["GET"]}}],"collection":[{"href":"https:\/\/www.fracturaexpuesta.com.ar\/tango\/wp-json\/wp\/v2\/posts"}],"about":[{"href":"https:\/\/www.fracturaexpuesta.com.ar\/tango\/wp-json\/wp\/v2\/types\/post"}],"author":[{"embeddable":true,"href":"https:\/\/www.fracturaexpuesta.com.ar\/tango\/wp-json\/wp\/v2\/users\/1"}],"replies":[{"embeddable":true,"href":"https:\/\/www.fracturaexpuesta.com.ar\/tango\/wp-json\/wp\/v2\/comments?post=10571"}],"version-history":[{"count":9,"href":"https:\/\/www.fracturaexpuesta.com.ar\/tango\/wp-json\/wp\/v2\/posts\/10571\/revisions"}],"predecessor-version":[{"id":10581,"href":"https:\/\/www.fracturaexpuesta.com.ar\/tango\/wp-json\/wp\/v2\/posts\/10571\/revisions\/10581"}],"wp:featuredmedia":[{"embeddable":true,"href":"https:\/\/www.fracturaexpuesta.com.ar\/tango\/wp-json\/wp\/v2\/media\/10573"}],"wp:attachment":[{"href":"https:\/\/www.fracturaexpuesta.com.ar\/tango\/wp-json\/wp\/v2\/media?parent=10571"}],"wp:term":[{"taxonomy":"category","embeddable":true,"href":"https:\/\/www.fracturaexpuesta.com.ar\/tango\/wp-json\/wp\/v2\/categories?post=10571"},{"taxonomy":"post_tag","embeddable":true,"href":"https:\/\/www.fracturaexpuesta.com.ar\/tango\/wp-json\/wp\/v2\/tags?post=10571"}],"curies":[{"name":"wp","href":"https:\/\/api.w.org\/{rel}","templated":true}]}}