{"id":10631,"date":"2024-09-17T15:34:19","date_gmt":"2024-09-17T18:34:19","guid":{"rendered":"https:\/\/www.fracturaexpuesta.com.ar\/tango\/?p=10631"},"modified":"2024-09-17T16:03:17","modified_gmt":"2024-09-17T19:03:17","slug":"quienes-son-los-artistas-y-discos-de-tango-nominados-a-los-latin-grammy-2024","status":"publish","type":"post","link":"https:\/\/www.fracturaexpuesta.com.ar\/tango\/quienes-son-los-artistas-y-discos-de-tango-nominados-a-los-latin-grammy-2024\/","title":{"rendered":"\u00bfQui\u00e9nes son los artistas y discos de tango nominados a los Latin Grammy 2024?"},"content":{"rendered":"\n<p class=\"wp-block-paragraph\">La <strong>25\u00ba <\/strong>entrega de los Latin Grammy ya tiene a sus nominados en la categor\u00eda destinada al tango.<\/p>\n\n\n\n<p class=\"wp-block-paragraph\">La edici\u00f3n 2024 de los premios dio a conocer los \u00e1lbumes y artistas seleccionados para llevarse la estatuilla que entrega anualmente la Academia Latina de la Grabaci\u00f3n.<\/p>\n\n\n\n<p class=\"wp-block-paragraph\">Son <strong>5 \u00e1lbumes de artistas argentinos <\/strong>que este a\u00f1o participar\u00e1n de la entrega que se llevar\u00e1 a cabo el jueves <strong>14 de noviembre<\/strong> en Miami.<\/p>\n\n\n\n<h2 class=\"wp-block-heading\">Mejor \u00e1lbum de tango<\/h2>\n\n\n\n<p class=\"wp-block-paragraph\">&#x1f4bf; <em>El cantor de tangos<\/em>, Guillermo Fern\u00e1ndez [<a href=\"https:\/\/open.spotify.com\/intl-es\/album\/5uhZ0oNZMFhv1gGxBr4l4a?si=u4ZZ2N8dRj6Lflo7VUwuMA\" target=\"_blank\" rel=\"noopener\" title=\"\">escuchar<\/a>]<\/p>\n\n\n\n<figure class=\"wp-block-image size-full\"><img loading=\"lazy\" decoding=\"async\" width=\"640\" height=\"640\" src=\"https:\/\/www.fracturaexpuesta.com.ar\/tango\/wp-content\/uploads\/guillermo-fernandez.jpg\" alt=\"\" class=\"wp-image-10632\" srcset=\"https:\/\/www.fracturaexpuesta.com.ar\/tango\/wp-content\/uploads\/guillermo-fernandez.jpg 640w, https:\/\/www.fracturaexpuesta.com.ar\/tango\/wp-content\/uploads\/guillermo-fernandez-300x300.jpg 300w, https:\/\/www.fracturaexpuesta.com.ar\/tango\/wp-content\/uploads\/guillermo-fernandez-150x150.jpg 150w, https:\/\/www.fracturaexpuesta.com.ar\/tango\/wp-content\/uploads\/guillermo-fernandez-100x100.jpg 100w\" sizes=\"auto, (max-width: 640px) 100vw, 640px\" \/><\/figure>\n\n\n\n<p class=\"wp-block-paragraph\"><\/p>\n\n\n\n<p class=\"wp-block-paragraph\">&#x1f4bf; <em>Tangos cruzados<\/em>, Franco Luciani y Fabrizio Mocata [<a href=\"https:\/\/open.spotify.com\/intl-es\/album\/3WjRuKRBx7dWyDW7KIwocE?si=G_ZkSjEkTYWkMRMYDzk0eg\" target=\"_blank\" rel=\"noopener\" title=\"\">escuchar<\/a>]<\/p>\n\n\n\n<figure class=\"wp-block-image size-full\"><img loading=\"lazy\" decoding=\"async\" width=\"640\" height=\"640\" src=\"https:\/\/www.fracturaexpuesta.com.ar\/tango\/wp-content\/uploads\/luciani-mocata.jpg\" alt=\"\" class=\"wp-image-10635\" srcset=\"https:\/\/www.fracturaexpuesta.com.ar\/tango\/wp-content\/uploads\/luciani-mocata.jpg 640w, https:\/\/www.fracturaexpuesta.com.ar\/tango\/wp-content\/uploads\/luciani-mocata-300x300.jpg 300w, https:\/\/www.fracturaexpuesta.com.ar\/tango\/wp-content\/uploads\/luciani-mocata-150x150.jpg 150w, https:\/\/www.fracturaexpuesta.com.ar\/tango\/wp-content\/uploads\/luciani-mocata-100x100.jpg 100w\" sizes=\"auto, (max-width: 640px) 100vw, 640px\" \/><\/figure>\n\n\n\n<p class=\"wp-block-paragraph\"><\/p>\n\n\n\n<p class=\"wp-block-paragraph\">&#x1f4bf; <em>\u00bfY el fin del amor?<\/em>, Mariana Maz\u00fa [<a href=\"https:\/\/open.spotify.com\/intl-es\/album\/2iKdFyF7dTqjKqnzWLaLv3?si=Tg--sJt8Tk6vuB3ZdCNeMQ\" target=\"_blank\" rel=\"noopener\" title=\"\">escuchar<\/a>]<\/p>\n\n\n\n<figure class=\"wp-block-image size-full\"><img loading=\"lazy\" decoding=\"async\" width=\"640\" height=\"640\" src=\"https:\/\/www.fracturaexpuesta.com.ar\/tango\/wp-content\/uploads\/mariana-mazu.jpg\" alt=\"\" class=\"wp-image-10634\" srcset=\"https:\/\/www.fracturaexpuesta.com.ar\/tango\/wp-content\/uploads\/mariana-mazu.jpg 640w, https:\/\/www.fracturaexpuesta.com.ar\/tango\/wp-content\/uploads\/mariana-mazu-300x300.jpg 300w, https:\/\/www.fracturaexpuesta.com.ar\/tango\/wp-content\/uploads\/mariana-mazu-150x150.jpg 150w, https:\/\/www.fracturaexpuesta.com.ar\/tango\/wp-content\/uploads\/mariana-mazu-100x100.jpg 100w\" sizes=\"auto, (max-width: 640px) 100vw, 640px\" \/><\/figure>\n\n\n\n<p class=\"wp-block-paragraph\"><\/p>\n\n\n\n<p class=\"wp-block-paragraph\">&#x1f4bf; <em>Apiazolado<\/em>, Diego Schissi Quinteto [<a href=\"https:\/\/open.spotify.com\/intl-es\/album\/2wabWzvHxIp7DoiYoW5waK?si=McxcdCwrSryqOtnkIU13PA\" target=\"_blank\" rel=\"noopener\" title=\"\">escuchar<\/a>]<\/p>\n\n\n\n<figure class=\"wp-block-image size-large is-resized\"><img loading=\"lazy\" decoding=\"async\" width=\"1024\" height=\"1024\" src=\"https:\/\/www.fracturaexpuesta.com.ar\/tango\/wp-content\/uploads\/diego-schissi-1-1024x1024.jpg\" alt=\"\" class=\"wp-image-10636\" style=\"object-fit:cover;width:640px;height:640px\" srcset=\"https:\/\/www.fracturaexpuesta.com.ar\/tango\/wp-content\/uploads\/diego-schissi-1-1024x1024.jpg 1024w, https:\/\/www.fracturaexpuesta.com.ar\/tango\/wp-content\/uploads\/diego-schissi-1-300x300.jpg 300w, https:\/\/www.fracturaexpuesta.com.ar\/tango\/wp-content\/uploads\/diego-schissi-1-150x150.jpg 150w, https:\/\/www.fracturaexpuesta.com.ar\/tango\/wp-content\/uploads\/diego-schissi-1-768x768.jpg 768w, https:\/\/www.fracturaexpuesta.com.ar\/tango\/wp-content\/uploads\/diego-schissi-1-100x100.jpg 100w, https:\/\/www.fracturaexpuesta.com.ar\/tango\/wp-content\/uploads\/diego-schissi-1.jpg 1200w\" sizes=\"auto, (max-width: 1024px) 100vw, 1024px\" \/><\/figure>\n\n\n\n<p class=\"wp-block-paragraph\"><\/p>\n\n\n\n<p class=\"wp-block-paragraph\">&#x1f4bf; <em>Ya est\u00e1 en el aire<\/em>, Ullmann Cuarteto [<a href=\"https:\/\/open.spotify.com\/intl-es\/album\/7gUN8jXhX5cSlhvzuUnKpi?si=VymVkj3NQDiiwv61fQFaoA\" target=\"_blank\" rel=\"noopener\" title=\"\">escuchar<\/a>]<\/p>\n\n\n\n<figure class=\"wp-block-image size-full\"><img loading=\"lazy\" decoding=\"async\" width=\"640\" height=\"640\" src=\"https:\/\/www.fracturaexpuesta.com.ar\/tango\/wp-content\/uploads\/cuarteto-ullman.jpg\" alt=\"\" class=\"wp-image-10637\" srcset=\"https:\/\/www.fracturaexpuesta.com.ar\/tango\/wp-content\/uploads\/cuarteto-ullman.jpg 640w, https:\/\/www.fracturaexpuesta.com.ar\/tango\/wp-content\/uploads\/cuarteto-ullman-300x300.jpg 300w, https:\/\/www.fracturaexpuesta.com.ar\/tango\/wp-content\/uploads\/cuarteto-ullman-150x150.jpg 150w, https:\/\/www.fracturaexpuesta.com.ar\/tango\/wp-content\/uploads\/cuarteto-ullman-100x100.jpg 100w\" sizes=\"auto, (max-width: 640px) 100vw, 640px\" \/><\/figure>\n","protected":false},"excerpt":{"rendered":"<p>Son 5 \u00e1lbumes de artistas argentinos.<\/p>\n","protected":false},"author":1,"featured_media":10646,"comment_status":"open","ping_status":"open","sticky":false,"template":"","format":"standard","meta":{"footnotes":""},"categories":[3],"tags":[32,102,589,111],"class_list":["post-10631","post","type-post","status-publish","format-standard","has-post-thumbnail","hentry","category-noticias","tag-featured","tag-grammy-latino","tag-latin-grammy","tag-tango"],"_links":{"self":[{"href":"https:\/\/www.fracturaexpuesta.com.ar\/tango\/wp-json\/wp\/v2\/posts\/10631","targetHints":{"allow":["GET"]}}],"collection":[{"href":"https:\/\/www.fracturaexpuesta.com.ar\/tango\/wp-json\/wp\/v2\/posts"}],"about":[{"href":"https:\/\/www.fracturaexpuesta.com.ar\/tango\/wp-json\/wp\/v2\/types\/post"}],"author":[{"embeddable":true,"href":"https:\/\/www.fracturaexpuesta.com.ar\/tango\/wp-json\/wp\/v2\/users\/1"}],"replies":[{"embeddable":true,"href":"https:\/\/www.fracturaexpuesta.com.ar\/tango\/wp-json\/wp\/v2\/comments?post=10631"}],"version-history":[{"count":11,"href":"https:\/\/www.fracturaexpuesta.com.ar\/tango\/wp-json\/wp\/v2\/posts\/10631\/revisions"}],"predecessor-version":[{"id":10648,"href":"https:\/\/www.fracturaexpuesta.com.ar\/tango\/wp-json\/wp\/v2\/posts\/10631\/revisions\/10648"}],"wp:featuredmedia":[{"embeddable":true,"href":"https:\/\/www.fracturaexpuesta.com.ar\/tango\/wp-json\/wp\/v2\/media\/10646"}],"wp:attachment":[{"href":"https:\/\/www.fracturaexpuesta.com.ar\/tango\/wp-json\/wp\/v2\/media?parent=10631"}],"wp:term":[{"taxonomy":"category","embeddable":true,"href":"https:\/\/www.fracturaexpuesta.com.ar\/tango\/wp-json\/wp\/v2\/categories?post=10631"},{"taxonomy":"post_tag","embeddable":true,"href":"https:\/\/www.fracturaexpuesta.com.ar\/tango\/wp-json\/wp\/v2\/tags?post=10631"}],"curies":[{"name":"wp","href":"https:\/\/api.w.org\/{rel}","templated":true}]}}