{"id":10708,"date":"2024-10-09T09:18:55","date_gmt":"2024-10-09T12:18:55","guid":{"rendered":"https:\/\/www.fracturaexpuesta.com.ar\/tango\/?p=10708"},"modified":"2024-10-09T10:39:03","modified_gmt":"2024-10-09T13:39:03","slug":"la-vuelta-de-pity-alvarez-a-la-musica-de-la-mano-del-tango-y-de-melingo","status":"publish","type":"post","link":"https:\/\/www.fracturaexpuesta.com.ar\/tango\/la-vuelta-de-pity-alvarez-a-la-musica-de-la-mano-del-tango-y-de-melingo\/","title":{"rendered":"La vuelta de \u201cPity\u201d \u00c1lvarez a la m\u00fasica, de la mano del tango y de Melingo"},"content":{"rendered":"\n<p class=\"wp-block-paragraph\">Finalmente se conoci\u00f3 <strong>\u201cPesar\u201d<\/strong>, uno de los temas que el m\u00fasico \u201cPity\u201d \u00c1lvarez grab\u00f3 como invitado de <strong>Daniel Melingo<\/strong> para la pr\u00f3xima reversi\u00f3n y documental de <em>Tangos Bajos<\/em>, el disco del ex Los Twist y Los Abuelos de la Nada que cumpli\u00f3 25 a\u00f1os y que marc\u00f3 un salto en su perfil musical.<\/p>\n\n\n\n<p class=\"wp-block-paragraph\">Tras varios a\u00f1os de <strong>cumplir condena por el homicidio<\/strong> que cometi\u00f3 en 2018 y actualmente en<strong> internaci\u00f3n y tratamiento m\u00e9dico<\/strong> por un cuadro infeccioso, Pity regresa poco a poco a la m\u00fasica cantando ahora un tango que formar\u00e1 parte del documental que prepara y dirige Luis Ortega.<\/p>\n\n\n\n<figure class=\"wp-block-embed is-type-video is-provider-youtube wp-block-embed-youtube wp-embed-aspect-16-9 wp-has-aspect-ratio\"><div class=\"wp-block-embed__wrapper\">\n<iframe loading=\"lazy\" title=\"MELINGO presenta PESAR por PITY\" width=\"640\" height=\"360\" src=\"https:\/\/www.youtube.com\/embed\/xDCuB-et6AE?feature=oembed\" frameborder=\"0\" allow=\"accelerometer; autoplay; clipboard-write; encrypted-media; gyroscope; picture-in-picture; web-share\" referrerpolicy=\"strict-origin-when-cross-origin\" allowfullscreen><\/iframe>\n<\/div><\/figure>\n\n\n\n<p class=\"wp-block-paragraph\"><\/p>\n\n\n\n<p class=\"wp-block-paragraph\">\u201cEspero, amigo, que podamos <strong>reencontrarnos pronto con salud<\/strong> y la alegr\u00eda de seguir compartiendo canciones juntos\u201d, expres\u00f3 Melingo al conocerse la <strong>reciente internaci\u00f3n de \u00c1lvarez<\/strong> y tras el encuentro que mantuvo tiempo atr\u00e1s con el cantante de Viejas Locas, a quien se lo vio animado y sonriente durante los videos que circularon en redes sociales.<\/p>\n\n\n\n<p class=\"wp-block-paragraph\">Asimismo, Melingo agreg\u00f3 sobre el regreso a las grabaciones del m\u00fasico argentino: \u201cD\u00eda hist\u00f3rico para la m\u00fasica popular. Gracias, Pity\u201d.<\/p>\n\n\n\n<p class=\"wp-block-paragraph\"><em>\u00abComenc\u00e9 gast\u00e1ndome la vida en los peores vicios que pude procurar\u00bb<\/em>, se escucha por su parte a Pity en la nueva versi\u00f3n de \u00abPesar\u00bb.<\/p>\n\n\n\n<p class=\"wp-block-paragraph\">Cristian \u201cPity\u201d \u00c1lvarez, de <strong>52 a\u00f1os<\/strong>, contin\u00faa as\u00ed retomando su camino con la m\u00fasica en la escena p\u00fablica, esta vez de la mano del tango y con una canci\u00f3n que, seg\u00fan coment\u00f3 Melingo, \u201cllevaba tiempo esperando la voz de Cristian para encontrar una nueva dimensi\u00f3n\u201d.<\/p>\n\n\n\n<h3 class=\"wp-block-heading\">Escuchar \u201cPesar\u201d por Pity \u00c1lvarez:<\/h3>\n\n\n\n<figure class=\"wp-block-embed is-type-video is-provider-youtube wp-block-embed-youtube wp-embed-aspect-16-9 wp-has-aspect-ratio\"><div class=\"wp-block-embed__wrapper\">\n<iframe loading=\"lazy\" title=\"PESAR, por Pity (Video Oficial)\" width=\"640\" height=\"360\" src=\"https:\/\/www.youtube.com\/embed\/ojEjiWsRwmI?feature=oembed\" frameborder=\"0\" allow=\"accelerometer; autoplay; clipboard-write; encrypted-media; gyroscope; picture-in-picture; web-share\" referrerpolicy=\"strict-origin-when-cross-origin\" allowfullscreen><\/iframe>\n<\/div><figcaption class=\"wp-element-caption\"><em><sup><mark style=\"background-color:rgba(0, 0, 0, 0)\" class=\"has-inline-color has-cyan-bluish-gray-color\">Pity \u00c1lvarez canta el tango \u00abPesar\u00bb.<\/mark><\/sup><\/em><\/figcaption><\/figure>\n","protected":false},"excerpt":{"rendered":"<p>El cantante de Viejas Locas e Intoxicados sigue retomando su camino con la m\u00fasica. Ahora grab\u00f3 tangos invitado por Daniel Melingo. El estreno de \u201cPesar\u201d en la voz de Pity.<\/p>\n","protected":false},"author":1,"featured_media":10709,"comment_status":"open","ping_status":"open","sticky":false,"template":"","format":"standard","meta":{"footnotes":""},"categories":[3],"tags":[247,32,608,111],"class_list":["post-10708","post","type-post","status-publish","format-standard","has-post-thumbnail","hentry","category-noticias","tag-daniel-melingo","tag-featured","tag-pity-alvarez","tag-tango"],"_links":{"self":[{"href":"https:\/\/www.fracturaexpuesta.com.ar\/tango\/wp-json\/wp\/v2\/posts\/10708","targetHints":{"allow":["GET"]}}],"collection":[{"href":"https:\/\/www.fracturaexpuesta.com.ar\/tango\/wp-json\/wp\/v2\/posts"}],"about":[{"href":"https:\/\/www.fracturaexpuesta.com.ar\/tango\/wp-json\/wp\/v2\/types\/post"}],"author":[{"embeddable":true,"href":"https:\/\/www.fracturaexpuesta.com.ar\/tango\/wp-json\/wp\/v2\/users\/1"}],"replies":[{"embeddable":true,"href":"https:\/\/www.fracturaexpuesta.com.ar\/tango\/wp-json\/wp\/v2\/comments?post=10708"}],"version-history":[{"count":14,"href":"https:\/\/www.fracturaexpuesta.com.ar\/tango\/wp-json\/wp\/v2\/posts\/10708\/revisions"}],"predecessor-version":[{"id":10725,"href":"https:\/\/www.fracturaexpuesta.com.ar\/tango\/wp-json\/wp\/v2\/posts\/10708\/revisions\/10725"}],"wp:featuredmedia":[{"embeddable":true,"href":"https:\/\/www.fracturaexpuesta.com.ar\/tango\/wp-json\/wp\/v2\/media\/10709"}],"wp:attachment":[{"href":"https:\/\/www.fracturaexpuesta.com.ar\/tango\/wp-json\/wp\/v2\/media?parent=10708"}],"wp:term":[{"taxonomy":"category","embeddable":true,"href":"https:\/\/www.fracturaexpuesta.com.ar\/tango\/wp-json\/wp\/v2\/categories?post=10708"},{"taxonomy":"post_tag","embeddable":true,"href":"https:\/\/www.fracturaexpuesta.com.ar\/tango\/wp-json\/wp\/v2\/tags?post=10708"}],"curies":[{"name":"wp","href":"https:\/\/api.w.org\/{rel}","templated":true}]}}