{"id":10727,"date":"2024-10-14T16:34:53","date_gmt":"2024-10-14T19:34:53","guid":{"rendered":"https:\/\/www.fracturaexpuesta.com.ar\/tango\/?p=10727"},"modified":"2024-10-14T17:25:17","modified_gmt":"2024-10-14T20:25:17","slug":"300-anos-de-montevideo-20-tangos-y-tangueces-que-dibujan-a-la-ciudad","status":"publish","type":"post","link":"https:\/\/www.fracturaexpuesta.com.ar\/tango\/300-anos-de-montevideo-20-tangos-y-tangueces-que-dibujan-a-la-ciudad\/","title":{"rendered":"300 a\u00f1os de Montevideo: 20 tangos y tangueces que dibujan a la ciudad"},"content":{"rendered":"\n<p class=\"wp-block-paragraph\"><em>&#x2712; Por Jos\u00e9 Arenas<br>&#x1f1fa;&#x1f1fe; Desde Uruguay<\/em><\/p>\n\n\n\n<p class=\"has-drop-cap wp-block-paragraph\">Montevideo est\u00e1 cumpliendo 300 a\u00f1os. La \u201cmuy fiel y reconquistadora\u201d, que gan\u00f3 este mote a fuerza de su capacidad de traici\u00f3n, lleva tres siglos desplegando su impertinencia en una de las orillas del R\u00edo de la Plata.<\/p>\n\n\n\n<p class=\"wp-block-paragraph\">Fea, descolorida, maloliente, amada, notable, voluble como un beso de amor, la ciudad crece y crece como una flor enga\u00f1osa en la orilla del estuario barroso.<\/p>\n\n\n\n<blockquote class=\"wp-block-quote is-layout-flow wp-block-quote-is-layout-flow\">\n<blockquote class=\"wp-block-quote is-layout-flow wp-block-quote-is-layout-flow\">\n<blockquote class=\"wp-block-quote is-layout-flow wp-block-quote-is-layout-flow\">\n<p class=\"wp-block-paragraph\">\u00abQuiz\u00e1 los uruguayos le dejamos caer nuestra maldici\u00f3n de paisito mezquino\u00bb<\/p>\n<\/blockquote>\n<\/blockquote>\n<\/blockquote>\n\n\n\n<p class=\"wp-block-paragraph\">Quienes la habitamos no podemos evitar concordar con Felipe Polleri (el gran escritor del anti-Montevideo) en que nos tiene apretados en su \u201cpico de gaviota sucia\u201d. Pero para contrarrestar nuestra resignaci\u00f3n, mientras los vestigios de una ciudad de arquitectura inigualable va alrededor cayendo en manos de la piqueta que ment\u00f3 Victor Soli\u00f1o en los a\u00f1os &#8217;30 y que no ha parado, est\u00e1n sus visitantes que, de alg\u00fan modo que no se entiende del todo, la ven tierna, atractiva, sutil, seductora y, por si fuera poco, generosa.<\/p>\n\n\n\n<figure class=\"wp-block-image size-large\"><img loading=\"lazy\" decoding=\"async\" width=\"1024\" height=\"683\" src=\"https:\/\/www.fracturaexpuesta.com.ar\/tango\/wp-content\/uploads\/greta-scholderle-moller-t-BpD45hcto-unsplash-1024x683.jpg\" alt=\"\" class=\"wp-image-10732\" srcset=\"https:\/\/www.fracturaexpuesta.com.ar\/tango\/wp-content\/uploads\/greta-scholderle-moller-t-BpD45hcto-unsplash-1024x683.jpg 1024w, https:\/\/www.fracturaexpuesta.com.ar\/tango\/wp-content\/uploads\/greta-scholderle-moller-t-BpD45hcto-unsplash-300x200.jpg 300w, https:\/\/www.fracturaexpuesta.com.ar\/tango\/wp-content\/uploads\/greta-scholderle-moller-t-BpD45hcto-unsplash-768x512.jpg 768w, https:\/\/www.fracturaexpuesta.com.ar\/tango\/wp-content\/uploads\/greta-scholderle-moller-t-BpD45hcto-unsplash-1536x1024.jpg 1536w, https:\/\/www.fracturaexpuesta.com.ar\/tango\/wp-content\/uploads\/greta-scholderle-moller-t-BpD45hcto-unsplash-2048x1365.jpg 2048w\" sizes=\"auto, (max-width: 1024px) 100vw, 1024px\" \/><\/figure>\n\n\n\n<p class=\"wp-block-paragraph\"><\/p>\n\n\n\n<p class=\"wp-block-paragraph\">Quiz\u00e1 los uruguayos le dejamos caer nuestra maldici\u00f3n de paisito mezquino de tal manera que la ensuciamos de gentilicio surero. Por suerte para \u201cla coqueta\u201d, vienen otros a salvarla.<\/p>\n\n\n\n<p class=\"wp-block-paragraph\">En el tango y en las tangueces su esp\u00edritu ha sido mucho menos retratado que el de su hermana bonita y bien casada, Buenos Aires. El alma del tango le cant\u00f3 mucho m\u00e1s a la ciudad porte\u00f1a y, muchas veces, los poetas que levantaron su pluma para hablar de Montevideo lo hicieron en p\u00e1ginas banales u olvidables.<\/p>\n\n\n\n<figure class=\"wp-block-image size-large\"><img loading=\"lazy\" decoding=\"async\" width=\"1024\" height=\"683\" src=\"https:\/\/www.fracturaexpuesta.com.ar\/tango\/wp-content\/uploads\/ciudad-vieja-de-montevideo-1024x683.jpg\" alt=\"\" class=\"wp-image-10735\" srcset=\"https:\/\/www.fracturaexpuesta.com.ar\/tango\/wp-content\/uploads\/ciudad-vieja-de-montevideo-1024x683.jpg 1024w, https:\/\/www.fracturaexpuesta.com.ar\/tango\/wp-content\/uploads\/ciudad-vieja-de-montevideo-300x200.jpg 300w, https:\/\/www.fracturaexpuesta.com.ar\/tango\/wp-content\/uploads\/ciudad-vieja-de-montevideo-768x512.jpg 768w, https:\/\/www.fracturaexpuesta.com.ar\/tango\/wp-content\/uploads\/ciudad-vieja-de-montevideo-1536x1024.jpg 1536w, https:\/\/www.fracturaexpuesta.com.ar\/tango\/wp-content\/uploads\/ciudad-vieja-de-montevideo-2048x1365.jpg 2048w\" sizes=\"auto, (max-width: 1024px) 100vw, 1024px\" \/><\/figure>\n\n\n\n<p class=\"wp-block-paragraph\"><\/p>\n\n\n\n<p class=\"wp-block-paragraph\">Para celebrar los tres siglos de esta mujer filosa e impredecible, aqu\u00ed una selecci\u00f3n de 20 tangos y canciones rioplatenses que la cantan a ella y a sus esp\u00edritus.<\/p>\n\n\n\n<p class=\"has-text-align-center wp-block-paragraph\"><em>***<\/em><\/p>\n\n\n\n<h3 class=\"wp-block-heading\">1) Montevideo (Al sur del sur)<\/h3>\n\n\n\n<p class=\"wp-block-paragraph\">Una creaci\u00f3n de dos orillas. Ra\u00fal Garello musicaliz\u00f3 este poema de Andr\u00e9s Tulipano y fue un regalo que, en el a\u00f1o 2000, le hizo la Embajada de Argentina en Uruguay a la ciudad de Montevideo en uno de los festivales Viva el Tango. En esa ocasi\u00f3n lo estreno la Orquesta de Tango de la Ciudad de Buenos Aires con la voz de Gustavo Nocetti.<\/p>\n\n\n\n<figure class=\"wp-block-embed is-type-video is-provider-youtube wp-block-embed-youtube wp-embed-aspect-16-9 wp-has-aspect-ratio\"><div class=\"wp-block-embed__wrapper\">\n<iframe loading=\"lazy\" title=\"&quot;Montevideo&quot; (Tulipano - Garello) por Gustavo Nocetti\" width=\"640\" height=\"360\" src=\"https:\/\/www.youtube.com\/embed\/gN-d-9Tq-zs?feature=oembed\" frameborder=\"0\" allow=\"accelerometer; autoplay; clipboard-write; encrypted-media; gyroscope; picture-in-picture; web-share\" referrerpolicy=\"strict-origin-when-cross-origin\" allowfullscreen><\/iframe>\n<\/div><\/figure>\n\n\n\n<p class=\"wp-block-paragraph\"><\/p>\n\n\n\n<h3 class=\"wp-block-heading\">2) Tango de Montevideo<\/h3>\n\n\n\n<ol class=\"wp-block-list\">\n<li><\/li>\n<\/ol>\n\n\n\n<p class=\"wp-block-paragraph\">Una obra de Jorge Alastra que construye un puzle de elementos fundamentales de la ciudad. Fue grabado por primera vez en el disco <em>Baldosa floja <\/em>(2013) del tr\u00edo Malajunta.<\/p>\n\n\n\n<figure class=\"wp-block-embed is-type-video is-provider-youtube wp-block-embed-youtube wp-embed-aspect-4-3 wp-has-aspect-ratio\"><div class=\"wp-block-embed__wrapper\">\n<iframe loading=\"lazy\" title=\"Tango de Montevideo\" width=\"640\" height=\"480\" src=\"https:\/\/www.youtube.com\/embed\/OhzKieqon-E?feature=oembed\" frameborder=\"0\" allow=\"accelerometer; autoplay; clipboard-write; encrypted-media; gyroscope; picture-in-picture; web-share\" referrerpolicy=\"strict-origin-when-cross-origin\" allowfullscreen><\/iframe>\n<\/div><\/figure>\n\n\n\n<p class=\"wp-block-paragraph\"><\/p>\n\n\n\n<h3 class=\"wp-block-heading\">3) A la ciudad de Montevideo<\/h3>\n\n\n\n<p class=\"wp-block-paragraph\">Una obra de Daniel Amaro, quien junto con el historiador e intelectual Carlos Maggi, inauguraron el concepto de \u201ctanguez\u201d en un disco simple de 1978 que ten\u00eda este tema de un lado y \u201cTanguez\u201d del otro. Lo interesante del tema es que, a la vez que quien canta elige a la ciudad, no deja de verla como una suerte de \u201cmaldici\u00f3n\u201d.<\/p>\n\n\n\n<figure class=\"wp-block-embed is-type-video is-provider-youtube wp-block-embed-youtube wp-embed-aspect-4-3 wp-has-aspect-ratio\"><div class=\"wp-block-embed__wrapper\">\n<iframe loading=\"lazy\" title=\"A La Ciudad de Montevideo - Daniel Amaro con Joaqu\u00edn Sabina (1996)\" width=\"640\" height=\"480\" src=\"https:\/\/www.youtube.com\/embed\/y6X6sjqaZtU?feature=oembed\" frameborder=\"0\" allow=\"accelerometer; autoplay; clipboard-write; encrypted-media; gyroscope; picture-in-picture; web-share\" referrerpolicy=\"strict-origin-when-cross-origin\" allowfullscreen><\/iframe>\n<\/div><\/figure>\n\n\n\n<p class=\"wp-block-paragraph\"><\/p>\n\n\n\n<blockquote class=\"wp-block-quote is-layout-flow wp-block-quote-is-layout-flow\">\n<h3 class=\"wp-block-heading\">4) Tristecitas montevideanas<\/h3>\n<\/blockquote>\n\n\n\n<p class=\"wp-block-paragraph\">Jorge Bonaldi es otro de los trovadores que se aferran a la idea de las \u201ctangueces\u201d. Aqu\u00ed en su cl\u00e1sico \u201cTristecitas montevideanas\u201d mezcla la idea de las tristezas y las calles de la ciudad. Con un contenido social y pol\u00edtico, describe un alma montevideana en un tiempo de revueltas sociales y resistencia.<\/p>\n\n\n\n<figure class=\"wp-block-embed is-type-video is-provider-youtube wp-block-embed-youtube wp-embed-aspect-4-3 wp-has-aspect-ratio\"><div class=\"wp-block-embed__wrapper\">\n<iframe loading=\"lazy\" title=\"Tristecitas Montevideanas\" width=\"640\" height=\"480\" src=\"https:\/\/www.youtube.com\/embed\/ciJlpOWKnec?feature=oembed\" frameborder=\"0\" allow=\"accelerometer; autoplay; clipboard-write; encrypted-media; gyroscope; picture-in-picture; web-share\" referrerpolicy=\"strict-origin-when-cross-origin\" allowfullscreen><\/iframe>\n<\/div><\/figure>\n\n\n\n<p class=\"wp-block-paragraph\"><\/p>\n\n\n\n<h3 class=\"wp-block-heading\">5) Mi ciudad<\/h3>\n\n\n\n<p class=\"wp-block-paragraph\">Dino, un trovador del \u201crock milonga\u201d, crea este retrato de una ciudad que no lleva nombre pero que su \u201cechada sobre el r\u00edo\u201d delata la complicidad de una Montevideo que, en este caso, acompa\u00f1a personificada al \u201cyo\u201d.<\/p>\n\n\n\n<figure class=\"wp-block-embed is-type-video is-provider-youtube wp-block-embed-youtube wp-embed-aspect-4-3 wp-has-aspect-ratio\"><div class=\"wp-block-embed__wrapper\">\n<iframe loading=\"lazy\" title=\"Mi Ciudad\" width=\"640\" height=\"480\" src=\"https:\/\/www.youtube.com\/embed\/KyyDG0WfBt8?feature=oembed\" frameborder=\"0\" allow=\"accelerometer; autoplay; clipboard-write; encrypted-media; gyroscope; picture-in-picture; web-share\" referrerpolicy=\"strict-origin-when-cross-origin\" allowfullscreen><\/iframe>\n<\/div><\/figure>\n\n\n\n<p class=\"wp-block-paragraph\"><\/p>\n\n\n\n<h3 class=\"wp-block-heading\">6) Montevideo, vos y yo<\/h3>\n\n\n\n<p class=\"wp-block-paragraph\">Miguel \u00c1ngel Pereyra crea este cuadro de una ciudad nocturna, sola, sin destino.<\/p>\n\n\n\n<figure class=\"wp-block-embed is-type-video is-provider-youtube wp-block-embed-youtube wp-embed-aspect-16-9 wp-has-aspect-ratio\"><div class=\"wp-block-embed__wrapper\">\nhttps:\/\/www.youtube.com\/watch?v=4ufxjDi-51k\n<\/div><\/figure>\n\n\n\n<p class=\"wp-block-paragraph\"><\/p>\n\n\n\n<h3 class=\"wp-block-heading\">7) Esquina gris al sur<\/h3>\n\n\n\n<p class=\"wp-block-paragraph\">Alba San Juan, una autora casi secreta en el tango uruguayo, una voz silenciada por lesbiana con una obra destruida, deja este tango que estrenara, en principio, su amiga Elsa Mor\u00e1n, que habla de uno de los barrios m\u00e1s antiguos de Montevideo: la Ciudad Vieja. La versi\u00f3n es de la gran Adriana Lapalma.<\/p>\n\n\n\n<figure class=\"wp-block-embed is-type-video is-provider-youtube wp-block-embed-youtube wp-embed-aspect-4-3 wp-has-aspect-ratio\"><div class=\"wp-block-embed__wrapper\">\nhttps:\/\/www.youtube.com\/watch?v=K1dyOVO-8VM&#038;t=110s\n<\/div><\/figure>\n\n\n\n<p class=\"wp-block-paragraph\"><\/p>\n\n\n\n<h3 class=\"wp-block-heading\">8) Vereda abajo (Punta Carretas)<\/h3>\n\n\n\n<p class=\"wp-block-paragraph\">Vera Sienra, con su canci\u00f3n que siempre huele a tango, pone en el panorama de la m\u00fasica uruguaya una zona poco transitada por la literatura cantada de la trova oriental, Punta Carretas.<\/p>\n\n\n\n<figure class=\"wp-block-embed is-type-video is-provider-youtube wp-block-embed-youtube wp-embed-aspect-4-3 wp-has-aspect-ratio\"><div class=\"wp-block-embed__wrapper\">\n<iframe loading=\"lazy\" title=\"Vereda Abajo (En Punta Carretas)\" width=\"640\" height=\"480\" src=\"https:\/\/www.youtube.com\/embed\/XynSExwgh78?feature=oembed\" frameborder=\"0\" allow=\"accelerometer; autoplay; clipboard-write; encrypted-media; gyroscope; picture-in-picture; web-share\" referrerpolicy=\"strict-origin-when-cross-origin\" allowfullscreen><\/iframe>\n<\/div><\/figure>\n\n\n\n<p class=\"wp-block-paragraph\"><\/p>\n\n\n\n<h3 class=\"wp-block-heading\">9) N\u00e1utico Club<\/h3>\n\n\n\n<p class=\"wp-block-paragraph\">El compositor y pianista C\u00e9sar Zagnoli con su cl\u00e1sico instrumental atiende en homenaje a las zonas de Punta Gorda y Punta Carretas, lugares de \u00e1gapes para los tangueros de su grupo, algunos integrantes de la Parva Domus, otros, dandis que fueron sobreviviendo hasta la d\u00e9cada del 70\u2019.<\/p>\n\n\n\n<figure class=\"wp-block-embed is-type-video is-provider-youtube wp-block-embed-youtube wp-embed-aspect-4-3 wp-has-aspect-ratio\"><div class=\"wp-block-embed__wrapper\">\n<iframe loading=\"lazy\" title=\"N\u00e1utico Club\" width=\"640\" height=\"480\" src=\"https:\/\/www.youtube.com\/embed\/J_Y8QmOTfj0?feature=oembed\" frameborder=\"0\" allow=\"accelerometer; autoplay; clipboard-write; encrypted-media; gyroscope; picture-in-picture; web-share\" referrerpolicy=\"strict-origin-when-cross-origin\" allowfullscreen><\/iframe>\n<\/div><\/figure>\n\n\n\n<p class=\"wp-block-paragraph\"><\/p>\n\n\n\n<h3 class=\"wp-block-heading\">10) Habanera del Monte VI<\/h3>\n\n\n\n<p class=\"wp-block-paragraph\">Retornando al origen onomasiol\u00f3gico de la ciudad, el Cuarteto Ricacosa, en su disco <em>Gur\u00ed<\/em> (2016), trae un ritmo antiguo y tristemente desusado, el de la habanera, para contar c\u00f3mo el tango, la milonga y otras yerbas se fusionaron en el puerto montevideano en busca de la canci\u00f3n arrabalera. La composici\u00f3n es de Mart\u00edn Tejera.<\/p>\n\n\n\n<figure class=\"wp-block-embed is-type-video is-provider-youtube wp-block-embed-youtube wp-embed-aspect-4-3 wp-has-aspect-ratio\"><div class=\"wp-block-embed__wrapper\">\n<iframe loading=\"lazy\" title=\"Habanera de Monte VI\" width=\"640\" height=\"480\" src=\"https:\/\/www.youtube.com\/embed\/yOp8YwlHgL8?feature=oembed\" frameborder=\"0\" allow=\"accelerometer; autoplay; clipboard-write; encrypted-media; gyroscope; picture-in-picture; web-share\" referrerpolicy=\"strict-origin-when-cross-origin\" allowfullscreen><\/iframe>\n<\/div><\/figure>\n\n\n\n<p class=\"wp-block-paragraph\"><\/p>\n\n\n\n<h3 class=\"wp-block-heading\">11) Palersur (de la Suite Ramblas)<\/h3>\n\n\n\n<p class=\"wp-block-paragraph\">La \u201cSuite Ramblas\u201d es una obra del bandoneonistas N\u00e9stor Vaz que, en cuatro movimientos, recorre el aire de las ramblas montevideanas desde Carrasto hasta La Teja. En este caso, \u00abPalersur\u00bb es el tramo de la costa montevideana en que se siente la impronta del candombe que baja desde los barrios Sur y Palermo y que se traduce en este candombe instrumental.<\/p>\n\n\n\n<figure class=\"wp-block-embed is-type-video is-provider-youtube wp-block-embed-youtube wp-embed-aspect-16-9 wp-has-aspect-ratio\"><div class=\"wp-block-embed__wrapper\">\n<iframe loading=\"lazy\" title=\"Serie Ramblas 2.-Palersur (M\u00fasica: N\u00e9stor Vaz)\" width=\"640\" height=\"360\" src=\"https:\/\/www.youtube.com\/embed\/DJdPsPFnIOA?feature=oembed\" frameborder=\"0\" allow=\"accelerometer; autoplay; clipboard-write; encrypted-media; gyroscope; picture-in-picture; web-share\" referrerpolicy=\"strict-origin-when-cross-origin\" allowfullscreen><\/iframe>\n<\/div><\/figure>\n\n\n\n<p class=\"wp-block-paragraph\"><\/p>\n\n\n\n<h3 class=\"wp-block-heading\">12) Garufa<\/h3>\n\n\n\n<p class=\"wp-block-paragraph\">Como bien dice el poeta Ignacio \u201cNacho\u201d Su\u00e1rez, si hay algo que ha aportado el tango uruguayo a la historia del g\u00e9nero, es el humor. Nacida con la impronta carnavalera de los cupl\u00e9s y las canciones jaraneras y humor\u00edsticas, \u201cGarufa\u201d, de Fontaina y Collazo, es un claro ejemplo de la cosecha que dejaron La Troupe Ateniense y sus rivales. Aqu\u00ed, el esp\u00edritu de un joven nochero a quien han visto frecuentando las \u201cmalas casas\u201d de la calle San Jos\u00e9.<\/p>\n\n\n\n<figure class=\"wp-block-embed is-type-video is-provider-youtube wp-block-embed-youtube wp-embed-aspect-4-3 wp-has-aspect-ratio\"><div class=\"wp-block-embed__wrapper\">\n<iframe loading=\"lazy\" title=\"Garufa\" width=\"640\" height=\"480\" src=\"https:\/\/www.youtube.com\/embed\/9-KNzez3e4Y?feature=oembed\" frameborder=\"0\" allow=\"accelerometer; autoplay; clipboard-write; encrypted-media; gyroscope; picture-in-picture; web-share\" referrerpolicy=\"strict-origin-when-cross-origin\" allowfullscreen><\/iframe>\n<\/div><\/figure>\n\n\n\n<p class=\"wp-block-paragraph\"><\/p>\n\n\n\n<h3 class=\"wp-block-heading\">13) Poeta al sur<\/h3>\n\n\n\n<p class=\"wp-block-paragraph\">El Sur, con su fantasm\u00e1tica simbolog\u00eda es un enigma en la literatura de estas latitudes. En 1972 \u00abNacho\u00bb Su\u00e1rez en las letras y Yamand\u00fa Palacios conciben un disco de tangueces y canciones uruguayas que encierran muchos de los elementos montevideanos m\u00e1s cabales: sus resilientes, sus espacios, sus amores. Algunas de esas canciones se volvieron cl\u00e1sicos en la voz de Alfredo Zitarrosa. \u201cPoeta al sur\u201d es una de ellas. Con ese tang\u00f3tico retrato del poeta, del versero montevideano, tambi\u00e9n es una semblanza de un amigo en com\u00fan de los protagonistas, el poeta Enrique Estr\u00e1zulas.<\/p>\n\n\n\n<figure class=\"wp-block-embed is-type-video is-provider-youtube wp-block-embed-youtube wp-embed-aspect-16-9 wp-has-aspect-ratio\"><div class=\"wp-block-embed__wrapper\">\n<iframe loading=\"lazy\" title=\"Poeta al Sur \/ Jacinta Bervejillo - Fiorella Burone\" width=\"640\" height=\"360\" src=\"https:\/\/www.youtube.com\/embed\/BYwCJ0RqK6A?feature=oembed\" frameborder=\"0\" allow=\"accelerometer; autoplay; clipboard-write; encrypted-media; gyroscope; picture-in-picture; web-share\" referrerpolicy=\"strict-origin-when-cross-origin\" allowfullscreen><\/iframe>\n<\/div><\/figure>\n\n\n\n<p class=\"wp-block-paragraph\"><\/p>\n\n\n\n<h3 class=\"wp-block-heading\">14) Las luces del estadio<\/h3>\n\n\n\n<p class=\"wp-block-paragraph\">El esta\u00f1o, su bohemia al borde, es un cl\u00e1sico de un Montevideo que agoniza. Quedarse en un bar de \u201cabierto toda la noche\u201d es algo que ya casi no existe pero que fue costumbre de poetas, m\u00fasicos y pensadores hace algunas d\u00e9cadas. La venida del sol era el tr\u00e1gico fin de la noche de divague. \u201cLas luces del estadio\u201d qued\u00f3 como testimonio de esa bohemia entre el carnaval, el tango, el periodismo o la palabrer\u00eda sin m\u00e1s. La m\u00fasica es de Jaime Roos, la letra es compartida entre Roos y Ra\u00fal Castro.<\/p>\n\n\n\n<figure class=\"wp-block-embed is-type-video is-provider-youtube wp-block-embed-youtube wp-embed-aspect-4-3 wp-has-aspect-ratio\"><div class=\"wp-block-embed__wrapper\">\n<iframe loading=\"lazy\" title=\"Las Luces del Estadio (Remastered)\" width=\"640\" height=\"480\" src=\"https:\/\/www.youtube.com\/embed\/oz6Ir9_97lk?feature=oembed\" frameborder=\"0\" allow=\"accelerometer; autoplay; clipboard-write; encrypted-media; gyroscope; picture-in-picture; web-share\" referrerpolicy=\"strict-origin-when-cross-origin\" allowfullscreen><\/iframe>\n<\/div><\/figure>\n\n\n\n<p class=\"wp-block-paragraph\"><\/p>\n\n\n\n<h3 class=\"wp-block-heading\">15) El murguista<\/h3>\n\n\n\n<p class=\"wp-block-paragraph\">Una de las composiciones m\u00e1s ambiciosas que hicieron Alberto Magnone y Horacio Ferrer fue la \u00f3pera \u201cDandy: el pr\u00edncipe de las murgas\u201d. Varios a\u00f1os antes de su estreno, el tema central de la \u00f3pera ya hab\u00eda sido grabado en el disco de tango-jazz \u201cQu\u00edmica\u201d de Magnone con un <em>feat<\/em>. imperdible que inclu\u00eda la voz del Canario Luna.<\/p>\n\n\n\n<figure class=\"wp-block-embed is-type-video is-provider-youtube wp-block-embed-youtube wp-embed-aspect-4-3 wp-has-aspect-ratio\"><div class=\"wp-block-embed__wrapper\">\n<iframe loading=\"lazy\" title=\"El Murguista\" width=\"640\" height=\"480\" src=\"https:\/\/www.youtube.com\/embed\/12oQOPVwYv8?feature=oembed\" frameborder=\"0\" allow=\"accelerometer; autoplay; clipboard-write; encrypted-media; gyroscope; picture-in-picture; web-share\" referrerpolicy=\"strict-origin-when-cross-origin\" allowfullscreen><\/iframe>\n<\/div><\/figure>\n\n\n\n<p class=\"wp-block-paragraph\"><\/p>\n\n\n\n<h3 class=\"wp-block-heading\">16) Los hijos de Gardel<\/h3>\n\n\n\n<p class=\"wp-block-paragraph\">Montevideo, como dijo el poeta L\u00edber Falco, es una \u201cmadre cruel\u201d que, a veces, en muchas partes de su historia, expulsa a sus hijos. Los obliga a irse bajo el pretexto del hambre o la muerte. All\u00ed aparece una ciudad perdida que, sin embargo, se a\u00f1ora a lo lejos con irracional nostalgia. Este tango con letra de Laura Canoura y m\u00fasica de Alberto Magnone, habla de eso.<\/p>\n\n\n\n<figure class=\"wp-block-embed is-type-video is-provider-youtube wp-block-embed-youtube wp-embed-aspect-4-3 wp-has-aspect-ratio\"><div class=\"wp-block-embed__wrapper\">\n<iframe loading=\"lazy\" title=\"Los Hijos de Gardel\" width=\"640\" height=\"480\" src=\"https:\/\/www.youtube.com\/embed\/XRBSli3WF1k?feature=oembed\" frameborder=\"0\" allow=\"accelerometer; autoplay; clipboard-write; encrypted-media; gyroscope; picture-in-picture; web-share\" referrerpolicy=\"strict-origin-when-cross-origin\" allowfullscreen><\/iframe>\n<\/div><\/figure>\n\n\n\n<p class=\"wp-block-paragraph\"><\/p>\n\n\n\n<h3 class=\"wp-block-heading\">17) Montevideo<\/h3>\n\n\n\n<p class=\"wp-block-paragraph\">En la d\u00e9cada del 40 las orquestas t\u00edpicas uruguayas mezclaban los tangos y milongas con marchas carnavaleras, pasodobles, tarantelas y otros ritmos. Romeo Gavioli, gran exponente de la m\u00fasica montevideana, interpretaba con su orquesta esta marchita que a\u00fan ten\u00eda esperanzas en una \u201ctacita de plata\u201d que se fue pudriendo con el tiempo. Cuando Alberto Castillo llev\u00f3 consigo a varios m\u00fasicos uruguayos para su etapa \u201ccandombera\u201d, esta canci\u00f3n fue grabada bajo el nombre \u201cEn Buenos Aires\u201d, y su letra trastocada dec\u00eda \u201cyo llegu\u00e9 a mi Argentina en una noche divina del 54\u201d.<\/p>\n\n\n\n<figure class=\"wp-block-embed is-type-video is-provider-youtube wp-block-embed-youtube wp-embed-aspect-4-3 wp-has-aspect-ratio\"><div class=\"wp-block-embed__wrapper\">\n<iframe loading=\"lazy\" title=\"Montevideo\" width=\"640\" height=\"480\" src=\"https:\/\/www.youtube.com\/embed\/56szuTpyKu4?feature=oembed\" frameborder=\"0\" allow=\"accelerometer; autoplay; clipboard-write; encrypted-media; gyroscope; picture-in-picture; web-share\" referrerpolicy=\"strict-origin-when-cross-origin\" allowfullscreen><\/iframe>\n<\/div><\/figure>\n\n\n\n<p class=\"wp-block-paragraph\"><\/p>\n\n\n\n<h3 class=\"wp-block-heading\">18) Paso Molino<\/h3>\n\n\n\n<p class=\"wp-block-paragraph\">Anclado durante a\u00f1os en El Prado, en Belvedere, o en el Paso Molino, Fernando Cabrera describi\u00f3 como nadie esa zona en este vals tan tierno como oscuro.<\/p>\n\n\n\n<figure class=\"wp-block-embed is-type-video is-provider-youtube wp-block-embed-youtube wp-embed-aspect-4-3 wp-has-aspect-ratio\"><div class=\"wp-block-embed__wrapper\">\n<iframe loading=\"lazy\" title=\"Paso Molino\" width=\"640\" height=\"480\" src=\"https:\/\/www.youtube.com\/embed\/yXegtvFsmCo?feature=oembed\" frameborder=\"0\" allow=\"accelerometer; autoplay; clipboard-write; encrypted-media; gyroscope; picture-in-picture; web-share\" referrerpolicy=\"strict-origin-when-cross-origin\" allowfullscreen><\/iframe>\n<\/div><\/figure>\n\n\n\n<p class=\"wp-block-paragraph\"><\/p>\n\n\n\n<h3 class=\"wp-block-heading\">19) Milonga del \u00e1rbol<\/h3>\n\n\n\n<p class=\"wp-block-paragraph\">Esta milonga de Los Hermanos Hern\u00e1ndez hace un paseo por barrios montevideanos en d\u00e9cimas y con swing barrial de guitarra y fueye. Un canto que se pierde en una ciudad que va dejando de lado sus bordes y las parcelas barriales son una sola.<\/p>\n\n\n\n<figure class=\"wp-block-embed is-type-video is-provider-youtube wp-block-embed-youtube wp-embed-aspect-16-9 wp-has-aspect-ratio\"><div class=\"wp-block-embed__wrapper\">\n<iframe loading=\"lazy\" title=\"Hermanos Hern\u00e1ndez - Milonga del \u00e1rbol\" width=\"640\" height=\"360\" src=\"https:\/\/www.youtube.com\/embed\/qKdt_Hrnc8o?feature=oembed\" frameborder=\"0\" allow=\"accelerometer; autoplay; clipboard-write; encrypted-media; gyroscope; picture-in-picture; web-share\" referrerpolicy=\"strict-origin-when-cross-origin\" allowfullscreen><\/iframe>\n<\/div><\/figure>\n\n\n\n<p class=\"wp-block-paragraph\"><\/p>\n\n\n\n<h3 class=\"wp-block-heading\">20) La m\u00fasica del bar<\/h3>\n\n\n\n<p class=\"wp-block-paragraph\">Con implicancias hist\u00f3ricas, historias de amor, la canci\u00f3n de Garo Arakeli\u00e1n trae la frase de Rub\u00e9n Ju\u00e1rez para cerrar esta selecci\u00f3n: \u201cPara m\u00ed esto es un tango\u201d.<\/p>\n\n\n\n<figure class=\"wp-block-embed is-type-video is-provider-youtube wp-block-embed-youtube wp-embed-aspect-16-9 wp-has-aspect-ratio\"><div class=\"wp-block-embed__wrapper\">\n<iframe loading=\"lazy\" title=\"EL ASTILLERO \u2013 La m\u00fasica del bar [ Videoclip Oficial ]\" width=\"640\" height=\"360\" src=\"https:\/\/www.youtube.com\/embed\/s5Sgfu3eKsE?feature=oembed\" frameborder=\"0\" allow=\"accelerometer; autoplay; clipboard-write; encrypted-media; gyroscope; picture-in-picture; web-share\" referrerpolicy=\"strict-origin-when-cross-origin\" allowfullscreen><\/iframe>\n<\/div><\/figure>\n\n\n\n<p class=\"wp-block-paragraph\"><\/p>\n\n\n\n<p class=\"wp-block-paragraph\"><\/p>\n","protected":false},"excerpt":{"rendered":"<p>Para celebrar los tres siglos de \u00abesta mujer filosa e impredecible\u00bb, una selecci\u00f3n de 20 tangos y canciones rioplatenses que le cantan a Montevideo y a sus esp\u00edritus.<\/p>\n","protected":false},"author":1,"featured_media":10731,"comment_status":"open","ping_status":"open","sticky":false,"template":"","format":"standard","meta":{"footnotes":""},"categories":[3],"tags":[32,299,111,540],"class_list":["post-10727","post","type-post","status-publish","format-standard","has-post-thumbnail","hentry","category-noticias","tag-featured","tag-jose-arenas","tag-tango","tag-tango-uruguayo"],"_links":{"self":[{"href":"https:\/\/www.fracturaexpuesta.com.ar\/tango\/wp-json\/wp\/v2\/posts\/10727","targetHints":{"allow":["GET"]}}],"collection":[{"href":"https:\/\/www.fracturaexpuesta.com.ar\/tango\/wp-json\/wp\/v2\/posts"}],"about":[{"href":"https:\/\/www.fracturaexpuesta.com.ar\/tango\/wp-json\/wp\/v2\/types\/post"}],"author":[{"embeddable":true,"href":"https:\/\/www.fracturaexpuesta.com.ar\/tango\/wp-json\/wp\/v2\/users\/1"}],"replies":[{"embeddable":true,"href":"https:\/\/www.fracturaexpuesta.com.ar\/tango\/wp-json\/wp\/v2\/comments?post=10727"}],"version-history":[{"count":27,"href":"https:\/\/www.fracturaexpuesta.com.ar\/tango\/wp-json\/wp\/v2\/posts\/10727\/revisions"}],"predecessor-version":[{"id":10761,"href":"https:\/\/www.fracturaexpuesta.com.ar\/tango\/wp-json\/wp\/v2\/posts\/10727\/revisions\/10761"}],"wp:featuredmedia":[{"embeddable":true,"href":"https:\/\/www.fracturaexpuesta.com.ar\/tango\/wp-json\/wp\/v2\/media\/10731"}],"wp:attachment":[{"href":"https:\/\/www.fracturaexpuesta.com.ar\/tango\/wp-json\/wp\/v2\/media?parent=10727"}],"wp:term":[{"taxonomy":"category","embeddable":true,"href":"https:\/\/www.fracturaexpuesta.com.ar\/tango\/wp-json\/wp\/v2\/categories?post=10727"},{"taxonomy":"post_tag","embeddable":true,"href":"https:\/\/www.fracturaexpuesta.com.ar\/tango\/wp-json\/wp\/v2\/tags?post=10727"}],"curies":[{"name":"wp","href":"https:\/\/api.w.org\/{rel}","templated":true}]}}