{"id":10767,"date":"2024-10-17T10:50:00","date_gmt":"2024-10-17T13:50:00","guid":{"rendered":"https:\/\/www.fracturaexpuesta.com.ar\/tango\/?p=10767"},"modified":"2024-10-17T10:50:01","modified_gmt":"2024-10-17T13:50:01","slug":"vamos-con-s-de-garua","status":"publish","type":"post","link":"https:\/\/www.fracturaexpuesta.com.ar\/tango\/vamos-con-s-de-garua\/","title":{"rendered":"\u00abVamos con S\u00bb, de Gar\u00faa"},"content":{"rendered":"\n<p class=\"wp-block-paragraph\">Desde la ciudad de Punta Alta, bien al sur de la provincia de Buenos Aires, desembarca Gar\u00faa, una de las propuestas m\u00e1s originales que impulsada por el sonido del rock desprende se\u00f1ales de tango.<\/p>\n\n\n\n<p class=\"wp-block-paragraph\">\u00abVamos con s\u00bb forma parte del disco <em>Gar\u00faa, <\/em>primer \u00e1lbum de la banda conformada en 2022.<\/p>\n\n\n\n<p class=\"wp-block-paragraph\">Una generaci\u00f3n hija del rock en busca del tango.<\/p>\n\n\n\n<h3 class=\"wp-block-heading\">&#x1f4fa; Mir\u00e1 el video de \u00abVamos con s\u00bb, de Gar\u00faa:<\/h3>\n\n\n\n<figure class=\"wp-block-embed aligncenter is-type-video is-provider-youtube wp-block-embed-youtube wp-embed-aspect-16-9 wp-has-aspect-ratio\"><div class=\"wp-block-embed__wrapper\">\n<iframe loading=\"lazy\" title=\"GAR\u00daA - VAMO CON S (en la terraza)\" width=\"640\" height=\"360\" src=\"https:\/\/www.youtube.com\/embed\/Nn1hw19_jJ4?feature=oembed\" frameborder=\"0\" allow=\"accelerometer; autoplay; clipboard-write; encrypted-media; gyroscope; picture-in-picture; web-share\" referrerpolicy=\"strict-origin-when-cross-origin\" allowfullscreen><\/iframe>\n<\/div><\/figure>\n","protected":false},"excerpt":{"rendered":"<p>Desde la ciudad de Punta Alta, bien al sur de la provincia de Buenos Aires, desembarca Gar\u00faa, una de las propuestas m\u00e1s originales que impulsada por el sonido del rock desprende se\u00f1ales de tango. \u00abVamos con s\u00bb forma parte del disco Gar\u00faa, primer \u00e1lbum de la banda conformada en 2022. Una generaci\u00f3n hija del rock [&hellip;]<\/p>\n","protected":false},"author":1,"featured_media":10768,"comment_status":"open","ping_status":"open","sticky":false,"template":"","format":"video","meta":{"footnotes":""},"categories":[2],"tags":[32,609,111],"class_list":["post-10767","post","type-post","status-publish","format-video","has-post-thumbnail","hentry","category-videos","tag-featured","tag-garua","tag-tango","post_format-post-format-video"],"_links":{"self":[{"href":"https:\/\/www.fracturaexpuesta.com.ar\/tango\/wp-json\/wp\/v2\/posts\/10767","targetHints":{"allow":["GET"]}}],"collection":[{"href":"https:\/\/www.fracturaexpuesta.com.ar\/tango\/wp-json\/wp\/v2\/posts"}],"about":[{"href":"https:\/\/www.fracturaexpuesta.com.ar\/tango\/wp-json\/wp\/v2\/types\/post"}],"author":[{"embeddable":true,"href":"https:\/\/www.fracturaexpuesta.com.ar\/tango\/wp-json\/wp\/v2\/users\/1"}],"replies":[{"embeddable":true,"href":"https:\/\/www.fracturaexpuesta.com.ar\/tango\/wp-json\/wp\/v2\/comments?post=10767"}],"version-history":[{"count":4,"href":"https:\/\/www.fracturaexpuesta.com.ar\/tango\/wp-json\/wp\/v2\/posts\/10767\/revisions"}],"predecessor-version":[{"id":10773,"href":"https:\/\/www.fracturaexpuesta.com.ar\/tango\/wp-json\/wp\/v2\/posts\/10767\/revisions\/10773"}],"wp:featuredmedia":[{"embeddable":true,"href":"https:\/\/www.fracturaexpuesta.com.ar\/tango\/wp-json\/wp\/v2\/media\/10768"}],"wp:attachment":[{"href":"https:\/\/www.fracturaexpuesta.com.ar\/tango\/wp-json\/wp\/v2\/media?parent=10767"}],"wp:term":[{"taxonomy":"category","embeddable":true,"href":"https:\/\/www.fracturaexpuesta.com.ar\/tango\/wp-json\/wp\/v2\/categories?post=10767"},{"taxonomy":"post_tag","embeddable":true,"href":"https:\/\/www.fracturaexpuesta.com.ar\/tango\/wp-json\/wp\/v2\/tags?post=10767"}],"curies":[{"name":"wp","href":"https:\/\/api.w.org\/{rel}","templated":true}]}}