{"id":10792,"date":"2024-10-24T16:53:53","date_gmt":"2024-10-24T19:53:53","guid":{"rendered":"https:\/\/www.fracturaexpuesta.com.ar\/tango\/?p=10792"},"modified":"2024-10-25T15:58:44","modified_gmt":"2024-10-25T18:58:44","slug":"picadito-de-tango-59-boero-estrena-piro-honra-y-coviello-barroco","status":"publish","type":"post","link":"https:\/\/www.fracturaexpuesta.com.ar\/tango\/picadito-de-tango-59-boero-estrena-piro-honra-y-coviello-barroco\/","title":{"rendered":"Picadito de tango #59: Boero estrena, Piro honra y Coviello barroco"},"content":{"rendered":"\n<p class=\"wp-block-paragraph\"><\/p>\n\n\n\n<h4 class=\"wp-block-heading has-text-color has-link-color wp-elements-86fa66e8a6fc7a9efd26a67433c55a67\" style=\"color:#ff0000\">Ramiro Boero y Neot\u00edpico, su nuevo disco<\/h4>\n\n\n\n<p class=\"wp-block-paragraph\">El bandoneonista y compositor Ramiro Boero acaba de lanzar <em>Neot\u00edpico<\/em>, nuevo \u00e1lbum de uno de los instrumentistas m\u00e1s destacados de la escena contempor\u00e1nea del tango.<\/p>\n\n\n\n<p class=\"wp-block-paragraph\">El material re\u00fane composiciones originales e instrumentales como \u201cBocha de tango\u201d, \u201cChacabuqueando\u201d, \u201cEl\u00eds\u201d y \u201cJuar\u00edstico\u201d en lo que es el debut discogr\u00e1fico de la orquesta comandada por Boero. Al repertorio propio se suman versiones de temas como \u201cA fuego lento\u201d o \u201cLa cachila\u201d.<\/p>\n\n\n\n<p class=\"wp-block-paragraph\">La m\u00fasica de Boero forma parte de la corriente de m\u00fasicos neocl\u00e1sicos que trazan un puente entre el pasado y la actualidad del g\u00e9nero, sumando nuevos registros sonoros impulsados por elementos del legado de referentes como Piazzolla, Ju\u00e1rez, Garello o Federico.<\/p>\n\n\n\n<figure class=\"wp-block-embed is-type-video is-provider-youtube wp-block-embed-youtube wp-embed-aspect-4-3 wp-has-aspect-ratio\"><div class=\"wp-block-embed__wrapper\">\n<iframe loading=\"lazy\" title=\"Bocha de Tango\" width=\"640\" height=\"480\" src=\"https:\/\/www.youtube.com\/embed\/IzhE7m1Z7H0?feature=oembed\" frameborder=\"0\" allow=\"accelerometer; autoplay; clipboard-write; encrypted-media; gyroscope; picture-in-picture; web-share\" referrerpolicy=\"strict-origin-when-cross-origin\" allowfullscreen><\/iframe>\n<\/div><\/figure>\n\n\n\n<p class=\"wp-block-paragraph\"><\/p>\n\n\n\n<p class=\"wp-block-paragraph\"><\/p>\n\n\n\n<h4 class=\"wp-block-heading has-text-color has-link-color wp-elements-7d0e34996c880b9c5fb6441c122ce82a\" style=\"color:#ff0000\">Alfredo Piro y un simple que homenajea a su madre Susana Rinaldi<\/h4>\n\n\n\n<p class=\"wp-block-paragraph\">\u201cPara seguir tus pasos\u201d es la canci\u00f3n que el cantante Alfredo Piro comparti\u00f3 recientemente en plataformas y en la que homenajea a su madre, la cantante Susana Rinaldi, de 88 a\u00f1os.<\/p>\n\n\n\n<p class=\"wp-block-paragraph\">&nbsp;\u201cA cada paso por donde voy, vos sos camino abierto\u201d, canta Piro en un tema con perfume evocativo que cuenta con la participaci\u00f3n del cantor \u201cCucuza\u201d Castiello.<\/p>\n\n\n\n<p class=\"wp-block-paragraph\">Vale decir que Rinaldi edit\u00f3, hacia 2023, el disco <em>Reencuentro<\/em>, un material en conjunto con el bandoneonista \u2013y padre de Alfredo- Osvaldo Piro; trabajo que los reuni\u00f3 por primera vez en un estudio de grabaci\u00f3n.<\/p>\n\n\n\n<p class=\"wp-block-paragraph\">Ahora, luego de ese material, su hijo imprime en una milonga un sentido reconocimiento a una de las mejores cantantes que ha dado la historia del tango. \u201cNo olvides nunca que yo estar\u00e9 para seguir tus pasos\u201d, reafirma Piro en su emotiva canci\u00f3n.<\/p>\n\n\n\n<figure class=\"wp-block-embed is-type-video is-provider-youtube wp-block-embed-youtube wp-embed-aspect-4-3 wp-has-aspect-ratio\"><div class=\"wp-block-embed__wrapper\">\n<iframe loading=\"lazy\" title=\"Para Seguir Tus Pasos\" width=\"640\" height=\"480\" src=\"https:\/\/www.youtube.com\/embed\/iw8YlSNeAP0?feature=oembed\" frameborder=\"0\" allow=\"accelerometer; autoplay; clipboard-write; encrypted-media; gyroscope; picture-in-picture; web-share\" referrerpolicy=\"strict-origin-when-cross-origin\" allowfullscreen><\/iframe>\n<\/div><\/figure>\n\n\n\n<p class=\"wp-block-paragraph\"><\/p>\n\n\n\n<h4 class=\"wp-block-heading has-text-color has-link-color wp-elements-73c16ea101aa7cd2aeb97e18b944f27f\" style=\"color:#ff0000\">Scarlatti en bandone\u00f3n<\/h4>\n\n\n\n<p class=\"wp-block-paragraph\">El bandoneonista Julio Coviello dio a conocer <em>Musetta y la Peste. Scarlatti en Bandone\u00f3n<\/em>, un \u00e1lbum en el que interpreta sus versiones de las sonatas de Domenico Scarlatti.<\/p>\n\n\n\n<p class=\"wp-block-paragraph\">Coviello retoma cinco sonatas del compositor del barroco napolitano Domenico Scarlatti y las lleva al bandone\u00f3n, un repertorio que, adem\u00e1s de representar \u201cobras complejas y fascinantes\u201d, es un material cl\u00e1sico de estudio y perfeccionamiento para los bandoneonistas.<\/p>\n\n\n\n<p class=\"wp-block-paragraph\">\u201cLo que es poco conocido es que la mayor\u00eda de los bandoneonistas de tango en sus casas estudiaban repertorio de obras cl\u00e1sicas. La mayor\u00eda de los profesores de tango cuando ibas a estudiar el bandone\u00f3n en alg\u00fan momento te encajaba este repertorio. Madrigal, Marconi, Pane. No es algo que es ajeno al universo del bandone\u00f3n. Lo que tiene es que en general no se presenta en vivo porque es un repertorio muy exigente. Te delata\u201d, confiesa Coviello.<\/p>\n\n\n\n<p class=\"wp-block-paragraph\">Y agrega: \u201cLa m\u00fasica de Scarlatti tiene un desarrollo polif\u00f3nico muy interesante que va muy en sinton\u00eda con el bandone\u00f3n, que es un instrumento que puede tocar muchas melod\u00edas a la vez\u201d.<\/p>\n\n\n\n<p class=\"wp-block-paragraph\">\u201cEnfrent\u00e1s el bandone\u00f3n con otras m\u00fasicas para descubrir nuevos sonidos, nuevas posibilidades\u201d, cuenta finalmente Coviello sobre el material que es el registro de una transmisi\u00f3n en vivo que se realiz\u00f3 en 2020, en plena pandemia, como forma de apoyo a Musetta Caf\u00e9, un espacio con el que el bandoneonista estuvo largamente vinculado.<\/p>\n\n\n\n<figure class=\"wp-block-embed is-type-video is-provider-youtube wp-block-embed-youtube wp-embed-aspect-16-9 wp-has-aspect-ratio\"><div class=\"wp-block-embed__wrapper\">\n<iframe loading=\"lazy\" title=\"Musetta y la Peste. Scarlatti en Bandone\u00f3n\" width=\"640\" height=\"360\" src=\"https:\/\/www.youtube.com\/embed\/videoseries?list=OLAK5uy_mePWyhl3Z_6VL32YoK3_8_JXuHN8W3grk\" frameborder=\"0\" allow=\"accelerometer; autoplay; clipboard-write; encrypted-media; gyroscope; picture-in-picture; web-share\" referrerpolicy=\"strict-origin-when-cross-origin\" allowfullscreen><\/iframe>\n<\/div><\/figure>\n","protected":false},"excerpt":{"rendered":"<p>Noticias breves pero contundentes de la actualidad del tango.<\/p>\n","protected":false},"author":1,"featured_media":10793,"comment_status":"open","ping_status":"open","sticky":false,"template":"","format":"standard","meta":{"footnotes":""},"categories":[3],"tags":[361,32,224,201,459,582,111],"class_list":["post-10792","post","type-post","status-publish","format-standard","has-post-thumbnail","hentry","category-noticias","tag-alfredo-piro","tag-featured","tag-julio-coviello","tag-picadito","tag-ramiro-boero","tag-susana-rinaldi","tag-tango"],"_links":{"self":[{"href":"https:\/\/www.fracturaexpuesta.com.ar\/tango\/wp-json\/wp\/v2\/posts\/10792","targetHints":{"allow":["GET"]}}],"collection":[{"href":"https:\/\/www.fracturaexpuesta.com.ar\/tango\/wp-json\/wp\/v2\/posts"}],"about":[{"href":"https:\/\/www.fracturaexpuesta.com.ar\/tango\/wp-json\/wp\/v2\/types\/post"}],"author":[{"embeddable":true,"href":"https:\/\/www.fracturaexpuesta.com.ar\/tango\/wp-json\/wp\/v2\/users\/1"}],"replies":[{"embeddable":true,"href":"https:\/\/www.fracturaexpuesta.com.ar\/tango\/wp-json\/wp\/v2\/comments?post=10792"}],"version-history":[{"count":10,"href":"https:\/\/www.fracturaexpuesta.com.ar\/tango\/wp-json\/wp\/v2\/posts\/10792\/revisions"}],"predecessor-version":[{"id":10805,"href":"https:\/\/www.fracturaexpuesta.com.ar\/tango\/wp-json\/wp\/v2\/posts\/10792\/revisions\/10805"}],"wp:featuredmedia":[{"embeddable":true,"href":"https:\/\/www.fracturaexpuesta.com.ar\/tango\/wp-json\/wp\/v2\/media\/10793"}],"wp:attachment":[{"href":"https:\/\/www.fracturaexpuesta.com.ar\/tango\/wp-json\/wp\/v2\/media?parent=10792"}],"wp:term":[{"taxonomy":"category","embeddable":true,"href":"https:\/\/www.fracturaexpuesta.com.ar\/tango\/wp-json\/wp\/v2\/categories?post=10792"},{"taxonomy":"post_tag","embeddable":true,"href":"https:\/\/www.fracturaexpuesta.com.ar\/tango\/wp-json\/wp\/v2\/tags?post=10792"}],"curies":[{"name":"wp","href":"https:\/\/api.w.org\/{rel}","templated":true}]}}