{"id":10982,"date":"2024-12-23T21:26:01","date_gmt":"2024-12-24T00:26:01","guid":{"rendered":"https:\/\/www.fracturaexpuesta.com.ar\/tango\/?p=10982"},"modified":"2025-01-14T22:14:14","modified_gmt":"2025-01-15T01:14:14","slug":"pan-y-disco-albumes-completos-de-tango-contados-por-sus-creadores","status":"publish","type":"post","link":"https:\/\/www.fracturaexpuesta.com.ar\/tango\/pan-y-disco-albumes-completos-de-tango-contados-por-sus-creadores\/","title":{"rendered":"\u201cPan y disco\u201d: \u00e1lbumes completos de tango contados por sus creadores"},"content":{"rendered":"\n<p class=\"wp-block-paragraph\">En 2024, <a href=\"https:\/\/www.fracturaexpuesta.com.ar\/doblearadio\/\" target=\"_blank\" rel=\"noreferrer noopener\"><strong>Doble A<\/strong><\/a> \u2013la radio online de tango de Fractura Expuesta- present\u00f3 su segmento especial \u201cPan y disco\u201d, una producci\u00f3n de la emisora que explora \u00e1lbumes completos de tango junto a la palabra de sus creadores.<\/p>\n\n\n\n<p class=\"wp-block-paragraph\">El espacio, ideado para compartir y escuchar discos editados preferentemente en los \u00faltimos tiempos, se puso en marcha con el fin de reponer una comunicaci\u00f3n art\u00edstica diferencial de la del ecosistema musical algor\u00edtmico e hiperlinkeado.<\/p>\n\n\n\n<p class=\"wp-block-paragraph\">Bajo esa premisa, <strong>Pan y disco<\/strong> marc\u00f3 su se\u00f1al de largada con discos, artistas y grupos como Astillero (<em>Noche random<\/em>), el Sexteto Fantasma (<em>La inevitable tentaci\u00f3n de ir a contramano<\/em>), Natalia Lagos (<em>Matarlo y renacer<\/em>) y Fern\u00e1ndez Fierro (<em>Basta<\/em>).<\/p>\n\n\n\n<p class=\"wp-block-paragraph\">Ahora, su escucha ya est\u00e1 disponible para seguir a trav\u00e9s de la web y el <a href=\"https:\/\/www.youtube.com\/@FracturaExpuesta\" target=\"_blank\" rel=\"noreferrer noopener\">canal de YouTube de Fractura Expuesta<\/a>.<\/p>\n\n\n\n<h3 class=\"wp-block-heading\">Sexteto Fantasma &#8211; La inevitable tentaci\u00f3n de ir a contramano<\/h3>\n\n\n\n<p class=\"wp-block-paragraph\">\u201cCreo que es nuestro mejor disco\u201d, dice a <em>Fractura Expuesta <\/em>y<em> Doble A<\/em> el guitarrista, productor y compositor <strong>Guido Iacoppeti<\/strong> sobre el cuarto trabajo discogr\u00e1fico del grupo.<\/p>\n\n\n\n<figure class=\"wp-block-embed is-type-video is-provider-youtube wp-block-embed-youtube wp-embed-aspect-16-9 wp-has-aspect-ratio\"><div class=\"wp-block-embed__wrapper\">\n<iframe loading=\"lazy\" title=\"Pan y disco \ud83d\udcbf &quot;La inevitable tentaci\u00f3n de ir a contramano&quot;, del Sexteto Fantasma \ud83d\udcfb Doble A\" width=\"640\" height=\"360\" src=\"https:\/\/www.youtube.com\/embed\/ZQDG7wZy9r0?feature=oembed\" frameborder=\"0\" allow=\"accelerometer; autoplay; clipboard-write; encrypted-media; gyroscope; picture-in-picture; web-share\" referrerpolicy=\"strict-origin-when-cross-origin\" allowfullscreen><\/iframe>\n<\/div><\/figure>\n\n\n\n<p class=\"wp-block-paragraph\"><\/p>\n\n\n\n<h3 class=\"wp-block-heading\">Astillero &#8211; Noche random<\/h3>\n\n\n\n<p class=\"wp-block-paragraph\">La nueva producci\u00f3n de Astillero, uno de los grupos fundamentales de la nueva tradici\u00f3n tanguera. Con la palabra del bandoneonista <strong>Mariano Gonz\u00e1lez Calo<\/strong>.<\/p>\n\n\n\n<figure class=\"wp-block-embed is-type-video is-provider-youtube wp-block-embed-youtube wp-embed-aspect-16-9 wp-has-aspect-ratio\"><div class=\"wp-block-embed__wrapper\">\n<iframe loading=\"lazy\" title=\"Pan y disco \ud83d\udcbf &quot;Noche Random&quot;, de Astillero \ud83d\udcfb Doble A | Radio Tango\" width=\"640\" height=\"360\" src=\"https:\/\/www.youtube.com\/embed\/i7MrIo4kCrY?feature=oembed\" frameborder=\"0\" allow=\"accelerometer; autoplay; clipboard-write; encrypted-media; gyroscope; picture-in-picture; web-share\" referrerpolicy=\"strict-origin-when-cross-origin\" allowfullscreen><\/iframe>\n<\/div><\/figure>\n\n\n\n<p class=\"wp-block-paragraph\"><\/p>\n\n\n\n<h3 class=\"wp-block-heading\">Natalia Lagos &#8211; Matarlo y renacer<\/h3>\n\n\n\n<p class=\"wp-block-paragraph\">La cantautora present\u00f3 <em>Matarlo y renacer<\/em>, un \u00e1lbum que demarca una profunda transformaci\u00f3n de su \u201cser artista\u201d. \u201cDi vuelta la p\u00e1gina, dej\u00e9 todo y empec\u00e9 a dedicar tiempo a componer\u201d, confiesa Lagos.<\/p>\n\n\n\n<figure class=\"wp-block-embed is-type-video is-provider-youtube wp-block-embed-youtube wp-embed-aspect-16-9 wp-has-aspect-ratio\"><div class=\"wp-block-embed__wrapper\">\n<iframe loading=\"lazy\" title=\"Pan y disco \ud83d\udcbf &quot;Matarlo y renacer&quot;, de Natalia Lagos \ud83d\udcfb Doble A | Radio Tango\" width=\"640\" height=\"360\" src=\"https:\/\/www.youtube.com\/embed\/aZMdG3DVI9k?feature=oembed\" frameborder=\"0\" allow=\"accelerometer; autoplay; clipboard-write; encrypted-media; gyroscope; picture-in-picture; web-share\" referrerpolicy=\"strict-origin-when-cross-origin\" allowfullscreen><\/iframe>\n<\/div><\/figure>\n\n\n\n<p class=\"wp-block-paragraph\"><\/p>\n\n\n\n<h3 class=\"wp-block-heading\">Fern\u00e1ndez Fierro \u2013 Basta<\/h3>\n\n\n\n<p class=\"wp-block-paragraph\">Con cambios importantes en su formaci\u00f3n, la ic\u00f3nica Fern\u00e1ndez Fierro edit\u00f3 <em>Basta<\/em>, un disco en el que refuerzan el estilo rockero de su tango, la se\u00f1a particular que distingue al ahora septeto. Con los comentarios del bandoneonista <strong>Manuel Barrios<\/strong>.<\/p>\n\n\n\n<figure class=\"wp-block-embed is-type-video is-provider-youtube wp-block-embed-youtube wp-embed-aspect-16-9 wp-has-aspect-ratio\"><div class=\"wp-block-embed__wrapper\">\n<iframe loading=\"lazy\" title=\"Pan y disco \ud83d\udcbf &quot;Basta&quot;, de Fern\u00e1ndez Fierro \ud83d\udcfb Doble A | Radio Tango\" width=\"640\" height=\"360\" src=\"https:\/\/www.youtube.com\/embed\/TmULALss7Bc?feature=oembed\" frameborder=\"0\" allow=\"accelerometer; autoplay; clipboard-write; encrypted-media; gyroscope; picture-in-picture; web-share\" referrerpolicy=\"strict-origin-when-cross-origin\" allowfullscreen><\/iframe>\n<\/div><\/figure>\n","protected":false},"excerpt":{"rendered":"<p>\u201cM\u00e1s tango y menos circo\u201d es el lema del segmento que comenz\u00f3 a emitirse por la radio online Doble A.<\/p>\n","protected":false},"author":1,"featured_media":10985,"comment_status":"open","ping_status":"open","sticky":false,"template":"","format":"standard","meta":{"footnotes":""},"categories":[298],"tags":[131,292,319,210,209,255,111],"class_list":["post-10982","post","type-post","status-publish","format-standard","has-post-thumbnail","hentry","category-doble-a","tag-astillero","tag-doble-a","tag-doblearadio","tag-fernandez-fierro","tag-natalia-lagos","tag-sexteto-fantasma","tag-tango"],"_links":{"self":[{"href":"https:\/\/www.fracturaexpuesta.com.ar\/tango\/wp-json\/wp\/v2\/posts\/10982","targetHints":{"allow":["GET"]}}],"collection":[{"href":"https:\/\/www.fracturaexpuesta.com.ar\/tango\/wp-json\/wp\/v2\/posts"}],"about":[{"href":"https:\/\/www.fracturaexpuesta.com.ar\/tango\/wp-json\/wp\/v2\/types\/post"}],"author":[{"embeddable":true,"href":"https:\/\/www.fracturaexpuesta.com.ar\/tango\/wp-json\/wp\/v2\/users\/1"}],"replies":[{"embeddable":true,"href":"https:\/\/www.fracturaexpuesta.com.ar\/tango\/wp-json\/wp\/v2\/comments?post=10982"}],"version-history":[{"count":7,"href":"https:\/\/www.fracturaexpuesta.com.ar\/tango\/wp-json\/wp\/v2\/posts\/10982\/revisions"}],"predecessor-version":[{"id":10990,"href":"https:\/\/www.fracturaexpuesta.com.ar\/tango\/wp-json\/wp\/v2\/posts\/10982\/revisions\/10990"}],"wp:featuredmedia":[{"embeddable":true,"href":"https:\/\/www.fracturaexpuesta.com.ar\/tango\/wp-json\/wp\/v2\/media\/10985"}],"wp:attachment":[{"href":"https:\/\/www.fracturaexpuesta.com.ar\/tango\/wp-json\/wp\/v2\/media?parent=10982"}],"wp:term":[{"taxonomy":"category","embeddable":true,"href":"https:\/\/www.fracturaexpuesta.com.ar\/tango\/wp-json\/wp\/v2\/categories?post=10982"},{"taxonomy":"post_tag","embeddable":true,"href":"https:\/\/www.fracturaexpuesta.com.ar\/tango\/wp-json\/wp\/v2\/tags?post=10982"}],"curies":[{"name":"wp","href":"https:\/\/api.w.org\/{rel}","templated":true}]}}