{"id":1908,"date":"2018-10-03T19:38:34","date_gmt":"2018-10-03T19:38:34","guid":{"rendered":"http:\/\/www.fracturaexpuesta.com.ar\/tango\/?p=1908"},"modified":"2018-10-07T20:40:04","modified_gmt":"2018-10-07T20:40:04","slug":"nostalgico-por-el-muro","status":"publish","type":"post","link":"https:\/\/www.fracturaexpuesta.com.ar\/tango\/nostalgico-por-el-muro\/","title":{"rendered":"\u00abNost\u00e1lgico\u00bb por El Muro"},"content":{"rendered":"<p>Lanzamiento del simple \u00abNost\u00e1lgico\u00bb (Juli\u00e1n Plaza) interpretado por El Muro. <\/p>\n<p>Con la participaci\u00f3n de los bailarines Cyrena Drusine y Steinar Refsdal.<\/p>\n<p>Dirigido y editado por \u00c5smund Hasli, con asistencia de producci\u00f3n de Juan Villarreal.<\/p>\n<p>Grabado en Senja, al norte de Noruega.<\/p>\n<p>El Muro est\u00e1 integrado Juan Pablo de Lucca (piano), \u00c5sbj\u00f8rg Ryeng (bandone\u00f3n), Karl Espegard (viol\u00edn) y Sebastian Noya (contrabajo).<\/p>\n","protected":false},"excerpt":{"rendered":"<p>Lanzamiento del simple \u00abNost\u00e1lgico\u00bb (Juli\u00e1n Plaza) interpretado por El Muro. Con la participaci\u00f3n de los bailarines Cyrena Drusine y Steinar Refsdal. Dirigido y editado por \u00c5smund Hasli, con asistencia de producci\u00f3n de Juan Villarreal. Grabado en Senja, al norte de Noruega. El Muro est\u00e1 integrado Juan Pablo de Lucca (piano), \u00c5sbj\u00f8rg Ryeng (bandone\u00f3n), Karl Espegard [&hellip;]<\/p>\n","protected":false},"author":1,"featured_media":1909,"comment_status":"open","ping_status":"open","sticky":false,"template":"","format":"video","meta":{"footnotes":""},"categories":[2],"tags":[105,32,111],"class_list":["post-1908","post","type-post","status-publish","format-video","has-post-thumbnail","hentry","category-videos","tag-el-muro","tag-featured","tag-tango","post_format-post-format-video"],"_links":{"self":[{"href":"https:\/\/www.fracturaexpuesta.com.ar\/tango\/wp-json\/wp\/v2\/posts\/1908","targetHints":{"allow":["GET"]}}],"collection":[{"href":"https:\/\/www.fracturaexpuesta.com.ar\/tango\/wp-json\/wp\/v2\/posts"}],"about":[{"href":"https:\/\/www.fracturaexpuesta.com.ar\/tango\/wp-json\/wp\/v2\/types\/post"}],"author":[{"embeddable":true,"href":"https:\/\/www.fracturaexpuesta.com.ar\/tango\/wp-json\/wp\/v2\/users\/1"}],"replies":[{"embeddable":true,"href":"https:\/\/www.fracturaexpuesta.com.ar\/tango\/wp-json\/wp\/v2\/comments?post=1908"}],"version-history":[{"count":2,"href":"https:\/\/www.fracturaexpuesta.com.ar\/tango\/wp-json\/wp\/v2\/posts\/1908\/revisions"}],"predecessor-version":[{"id":1911,"href":"https:\/\/www.fracturaexpuesta.com.ar\/tango\/wp-json\/wp\/v2\/posts\/1908\/revisions\/1911"}],"wp:featuredmedia":[{"embeddable":true,"href":"https:\/\/www.fracturaexpuesta.com.ar\/tango\/wp-json\/wp\/v2\/media\/1909"}],"wp:attachment":[{"href":"https:\/\/www.fracturaexpuesta.com.ar\/tango\/wp-json\/wp\/v2\/media?parent=1908"}],"wp:term":[{"taxonomy":"category","embeddable":true,"href":"https:\/\/www.fracturaexpuesta.com.ar\/tango\/wp-json\/wp\/v2\/categories?post=1908"},{"taxonomy":"post_tag","embeddable":true,"href":"https:\/\/www.fracturaexpuesta.com.ar\/tango\/wp-json\/wp\/v2\/tags?post=1908"}],"curies":[{"name":"wp","href":"https:\/\/api.w.org\/{rel}","templated":true}]}}