{"id":1912,"date":"2018-10-06T19:47:58","date_gmt":"2018-10-06T19:47:58","guid":{"rendered":"http:\/\/www.fracturaexpuesta.com.ar\/tango\/?p=1912"},"modified":"2018-10-07T20:40:46","modified_gmt":"2018-10-07T20:40:46","slug":"uruguay-noma-de-fabricio-panki-breventano","status":"publish","type":"post","link":"https:\/\/www.fracturaexpuesta.com.ar\/tango\/uruguay-noma-de-fabricio-panki-breventano\/","title":{"rendered":"\u00abUruguay nom\u00e1\u00bb de Fabricio \u00abPanki\u00bb Breventano"},"content":{"rendered":"<p>El cantautor uruguayo Fabricio \u00abPanki\u00bb Breventano lanz\u00f3 su disco <em>Popular<\/em>, un material extraordinario, creativo y vital que recorre una amplia gama de m\u00fasicas desde su suelo natal.<\/p>\n<p>De esa reciente producci\u00f3n, Breventano present\u00f3 el video del tema \u00abUruguay nom\u00e1\u00bb, una mordaz visi\u00f3n sobre la realidad uruguaya en clave de tango, un estilo que el compositor maneja con soltura y ajustado pulso.<\/p>\n<p>En <em>Popular<\/em>, Breventano suma tambi\u00e9n a una extensa lista de m\u00fasicos que lo acompa\u00f1an en su ruta como Nicol\u00e1s Ibarburu o Ed\u00fa \u00abPitufo\u00bb Lombardo, entre muchos otros.<\/p>\n<p>\u00abHace un poco m\u00e1s de tres a\u00f1os regres\u00e9 a Uruguay con el coraz\u00f3n roto, so\u00f1ando hacer un disco. No ten\u00eda casa, no ten\u00eda las canciones, ni mucho menos los medios. De a poco me fui encontrando en el camino con gente maravillosa.\u00a0 Muchos m\u00fasicos compinches, grandes maestros, que se sumaron a que esto sea realidad\u00bb, cont\u00f3 el guitarrista a trav\u00e9s de las redes sociales.<\/p>\n<p>Hoy, finalmente, <em>Popular<\/em> es una realidad para Breventano y una muy buena noticia para la m\u00fasica.<\/p>\n<p>Adem\u00e1s del video, el disco completo ya est\u00e1 disponible en <a href=\"https:\/\/panki.bandcamp.com\/album\/popular\" target=\"_blank\" rel=\"noopener\">Bandacamp<\/a>.<\/p>\n","protected":false},"excerpt":{"rendered":"<p>El cantautor uruguayo Fabricio \u00abPanki\u00bb Breventano lanz\u00f3 su disco Popular, un material extraordinario, creativo y vital que recorre una amplia gama de m\u00fasicas desde su suelo natal. De esa reciente producci\u00f3n, Breventano present\u00f3 el video del tema \u00abUruguay nom\u00e1\u00bb, una mordaz visi\u00f3n sobre la realidad uruguaya en clave de tango, un estilo que el compositor [&hellip;]<\/p>\n","protected":false},"author":1,"featured_media":1913,"comment_status":"open","ping_status":"open","sticky":false,"template":"","format":"video","meta":{"footnotes":""},"categories":[2],"tags":[107,32,111],"class_list":["post-1912","post","type-post","status-publish","format-video","has-post-thumbnail","hentry","category-videos","tag-fabricio-panki-breventano","tag-featured","tag-tango","post_format-post-format-video"],"_links":{"self":[{"href":"https:\/\/www.fracturaexpuesta.com.ar\/tango\/wp-json\/wp\/v2\/posts\/1912","targetHints":{"allow":["GET"]}}],"collection":[{"href":"https:\/\/www.fracturaexpuesta.com.ar\/tango\/wp-json\/wp\/v2\/posts"}],"about":[{"href":"https:\/\/www.fracturaexpuesta.com.ar\/tango\/wp-json\/wp\/v2\/types\/post"}],"author":[{"embeddable":true,"href":"https:\/\/www.fracturaexpuesta.com.ar\/tango\/wp-json\/wp\/v2\/users\/1"}],"replies":[{"embeddable":true,"href":"https:\/\/www.fracturaexpuesta.com.ar\/tango\/wp-json\/wp\/v2\/comments?post=1912"}],"version-history":[{"count":2,"href":"https:\/\/www.fracturaexpuesta.com.ar\/tango\/wp-json\/wp\/v2\/posts\/1912\/revisions"}],"predecessor-version":[{"id":1915,"href":"https:\/\/www.fracturaexpuesta.com.ar\/tango\/wp-json\/wp\/v2\/posts\/1912\/revisions\/1915"}],"wp:featuredmedia":[{"embeddable":true,"href":"https:\/\/www.fracturaexpuesta.com.ar\/tango\/wp-json\/wp\/v2\/media\/1913"}],"wp:attachment":[{"href":"https:\/\/www.fracturaexpuesta.com.ar\/tango\/wp-json\/wp\/v2\/media?parent=1912"}],"wp:term":[{"taxonomy":"category","embeddable":true,"href":"https:\/\/www.fracturaexpuesta.com.ar\/tango\/wp-json\/wp\/v2\/categories?post=1912"},{"taxonomy":"post_tag","embeddable":true,"href":"https:\/\/www.fracturaexpuesta.com.ar\/tango\/wp-json\/wp\/v2\/tags?post=1912"}],"curies":[{"name":"wp","href":"https:\/\/api.w.org\/{rel}","templated":true}]}}