{"id":1938,"date":"2018-09-30T22:28:44","date_gmt":"2018-09-30T22:28:44","guid":{"rendered":"http:\/\/www.fracturaexpuesta.com.ar\/tango\/?p=1938"},"modified":"2018-09-30T22:34:30","modified_gmt":"2018-09-30T22:34:30","slug":"los-discos-de-tango-que-abren-el-2018","status":"publish","type":"post","link":"https:\/\/www.fracturaexpuesta.com.ar\/tango\/los-discos-de-tango-que-abren-el-2018\/","title":{"rendered":"Los discos de tango que abren el 2018"},"content":{"rendered":"<p>El a\u00f1o comenz\u00f3 con anuncios de discos de reciente producci\u00f3n.<\/p>\n<p>Alejandro Polemann + Flor de Enchastre, el Quinteto Negro La Boca, Gisela Magri, Juan Fracchi Quinteto y el d\u00fao que conformaron Elbi Olalla y Alejandro Guyot abren el 2018 de la discoteca tanguera.<\/p>\n<p>Discos que contin\u00faan el sendero de la revitalizaci\u00f3n y que marcan la intensa actividad del g\u00e9nero.<\/p>\n<p><strong>Los tiempos actuales seg\u00fan Polemann y Flor de Enchastre<\/strong><\/p>\n<p>El guitarrista y compositor Alejandro Polemann dio a conocer\u00a0<em>La vida no ser\u00eda la misma<\/em>, el tercer disco junto a Flor de Enchastre, el grupo que lo acompa\u00f1a desde hace varios a\u00f1os en su ruta musical rioplatense.<\/p>\n<p>\u201cEste trabajo discogr\u00e1fico est\u00e1 necesariamente atravesado por la coyuntura, que nos inunda colectivamente. No falta la cr\u00edtica pero tampoco la esperanza\u201d, dijo Polemann sobre el material.<\/p>\n<p><em>La vida no ser\u00eda la misma<\/em>\u00a0puede escucharse en formato digital y ser\u00e1 presentado en formato f\u00edsico el mi\u00e9rcoles 7 de marzo en el Centro Cultural Cooperaci\u00f3n.<\/p>\n<p><iframe loading=\"lazy\" width=\"560\" height=\"315\" src=\"https:\/\/www.youtube.com\/embed\/_eXWBxYlXA8?rel=0\" frameborder=\"0\" allow=\"autoplay; encrypted-media\" allowfullscreen><\/iframe><\/p>\n<p><strong>El Quinteto Negro La Boca firma con Sony Music<\/strong><\/p>\n<p>La banda anunci\u00f3 la salida en soporte f\u00edsico y digital de su nuevo trabajo para el 9 de marzo.<\/p>\n<p>Se trata del cuarto disco del quinteto en donde profundizan su concepto de \u201ccruces urbanos\u201d. El concierto de presentaci\u00f3n oficial ser\u00e1 el 11 de mayo en La Trastienda.<\/p>\n<p>Los cruces urbanos buscan vincular al tango con diversos estilos y artistas provenientes del punk, el rap, el folklore y la cumbia, entre otros.<\/p>\n<p><iframe loading=\"lazy\" width=\"560\" height=\"315\" src=\"https:\/\/www.youtube.com\/embed\/UDFMRyOTN50?rel=0\" frameborder=\"0\" allow=\"autoplay; encrypted-media\" allowfullscreen><\/iframe><\/p>\n<p><strong>Gisela Magri y los bordes tangueros<\/strong><\/p>\n<p><em>Madeja<\/em>\u00a0se titula el segundo disco de la compositora y cantante.<\/p>\n<p>Un material que muestra a Magri en un recorrido por tangos, valses, milongas, candombes y composiciones de diversos autores argentinos y sudamericanos \u201ca partir de la pesquisa de nuevas po\u00e9ticas del tango y la canci\u00f3n urbana contempor\u00e1nea\u201d.<\/p>\n<p>Si bien\u00a0<em>Madeja<\/em>\u00a0ya hab\u00eda tenido su debut en 2017, este a\u00f1o Magri presentar\u00e1 su disco con distintos conciertos en la ciudad de Buenos Aires.<\/p>\n<p><iframe loading=\"lazy\" width=\"560\" height=\"315\" src=\"https:\/\/www.youtube.com\/embed\/UEtNtsEc7yo?rel=0\" frameborder=\"0\" allow=\"autoplay; encrypted-media\" allowfullscreen><\/iframe><\/p>\n<p><strong>Juan Fracchi Quinteto y el R\u00edo imaginario<\/strong><\/p>\n<p>Primer disco solista del contrabajista.<\/p>\n<p>Un pertorio que \u201csurge de la experimentaci\u00f3n dentro del tango, el jazz y la m\u00fasica del R\u00edo de la Plata\u201d. Composiciones originales de Fracchi que abarcan tango, milonga, candombe y milonga campera.<\/p>\n<p>\u201cEs un disco potente y sutil a la vez, por momentos arremete en\u00e9rgico y luego se sumerge en climas de suma introspecci\u00f3n\u201d, cuenta el contrabajista sobre el disco que tendr\u00e1 su concierto de presentaci\u00f3n el 9 de marzo en Circe.<\/p>\n<p><iframe loading=\"lazy\" width=\"560\" height=\"315\" src=\"https:\/\/www.youtube.com\/embed\/_Ps5kjG9kGk?rel=0\" frameborder=\"0\" allow=\"autoplay; encrypted-media\" allowfullscreen><\/iframe><\/p>\n<p><strong>Olalla y Guyot, piano y voz<\/strong><\/p>\n<p>La pianista Elbi Olalla y el cantor Alejandro Guyot lanzaron a trav\u00e9s de las redes sociales los primeros cortes del disco\u00a0<em>Piano Canci\u00f3n<\/em>.<\/p>\n<p>Interpretaciones de autores cl\u00e1sicos del tango, obra propia y hasta una versi\u00f3n de \u201cCoraz\u00f3n delator\u201d de Gustavo Cerati, son parte del material.<\/p>\n<p><iframe loading=\"lazy\" width=\"560\" height=\"315\" src=\"https:\/\/www.youtube.com\/embed\/qccJKJiwb_4?rel=0\" frameborder=\"0\" allow=\"autoplay; encrypted-media\" allowfullscreen><\/iframe><\/p>\n","protected":false},"excerpt":{"rendered":"<p>El a\u00f1o comenz\u00f3 con anuncios de discos de reciente producci\u00f3n. Alejandro Polemann + Flor de Enchastre, el Quinteto Negro La Boca, Gisela Magri, Juan Fracchi Quinteto y el d\u00fao que conformaron Elbi Olalla y Alejandro Guyot abren el 2018 de la discoteca tanguera. Discos que contin\u00faan el sendero de la revitalizaci\u00f3n y que marcan la [&hellip;]<\/p>\n","protected":false},"author":1,"featured_media":1939,"comment_status":"open","ping_status":"open","sticky":false,"template":"","format":"standard","meta":{"footnotes":""},"categories":[4],"tags":[115,113,114,116,117,112,111],"class_list":["post-1938","post","type-post","status-publish","format-standard","has-post-thumbnail","hentry","category-discos","tag-alejandro-guyot","tag-alejandro-polemann","tag-elbi-olalla","tag-gisela-magri","tag-juan-fracchi","tag-quinteto-negro-la-boca","tag-tango"],"_links":{"self":[{"href":"https:\/\/www.fracturaexpuesta.com.ar\/tango\/wp-json\/wp\/v2\/posts\/1938","targetHints":{"allow":["GET"]}}],"collection":[{"href":"https:\/\/www.fracturaexpuesta.com.ar\/tango\/wp-json\/wp\/v2\/posts"}],"about":[{"href":"https:\/\/www.fracturaexpuesta.com.ar\/tango\/wp-json\/wp\/v2\/types\/post"}],"author":[{"embeddable":true,"href":"https:\/\/www.fracturaexpuesta.com.ar\/tango\/wp-json\/wp\/v2\/users\/1"}],"replies":[{"embeddable":true,"href":"https:\/\/www.fracturaexpuesta.com.ar\/tango\/wp-json\/wp\/v2\/comments?post=1938"}],"version-history":[{"count":3,"href":"https:\/\/www.fracturaexpuesta.com.ar\/tango\/wp-json\/wp\/v2\/posts\/1938\/revisions"}],"predecessor-version":[{"id":1942,"href":"https:\/\/www.fracturaexpuesta.com.ar\/tango\/wp-json\/wp\/v2\/posts\/1938\/revisions\/1942"}],"wp:featuredmedia":[{"embeddable":true,"href":"https:\/\/www.fracturaexpuesta.com.ar\/tango\/wp-json\/wp\/v2\/media\/1939"}],"wp:attachment":[{"href":"https:\/\/www.fracturaexpuesta.com.ar\/tango\/wp-json\/wp\/v2\/media?parent=1938"}],"wp:term":[{"taxonomy":"category","embeddable":true,"href":"https:\/\/www.fracturaexpuesta.com.ar\/tango\/wp-json\/wp\/v2\/categories?post=1938"},{"taxonomy":"post_tag","embeddable":true,"href":"https:\/\/www.fracturaexpuesta.com.ar\/tango\/wp-json\/wp\/v2\/tags?post=1938"}],"curies":[{"name":"wp","href":"https:\/\/api.w.org\/{rel}","templated":true}]}}