{"id":2061,"date":"2018-10-08T08:23:50","date_gmt":"2018-10-08T08:23:50","guid":{"rendered":"http:\/\/www.fracturaexpuesta.com.ar\/tango\/?p=2061"},"modified":"2018-10-08T20:14:21","modified_gmt":"2018-10-08T20:14:21","slug":"juan-pablo-navarro-entretenimiento-no-siempre-es-sinonimo-de-un-proceso-creativo","status":"publish","type":"post","link":"https:\/\/www.fracturaexpuesta.com.ar\/tango\/juan-pablo-navarro-entretenimiento-no-siempre-es-sinonimo-de-un-proceso-creativo\/","title":{"rendered":"Juan Pablo Navarro: \u201cEntretenimiento no siempre es sin\u00f3nimo de un proceso creativo\u201d"},"content":{"rendered":"<p>El contrabajista y compositor Juan Pablo Navarro lanz\u00f3 <em>Tangos de la posverdad<\/em>, un disco inevitable para incorporar los sonidos e ideas que atraviesan al tango de estos tiempos.<\/p>\n<p>Junto a su sexteto, que por momentos se convierte en septeto, Navarro presenta un material de tendencia renovadora, con notable potencia creativa y enfocado a abrir o\u00eddos y posiciones demasiado estrechas en el g\u00e9nero.<\/p>\n<p>\u201cInterpela nuestra escucha y nos pide o\u00eddos y atenci\u00f3n de una m\u00fasica acaso del ma\u00f1ana, con nuevas percepciones, nuevos paradigmas\u201d, dijo el pianista Diego Schissi sobre la m\u00fasica de Navarro. \u201cUna m\u00fasica que da y pide mucho, pero cuidado, entrega mucho m\u00e1s de lo que exige y merece toda nuestra atenci\u00f3n de ahora en m\u00e1s\u201d, valora Schissi.<\/p>\n<p>Adem\u00e1s de las composiciones originales, el disco incluye versiones de artistas que dieron forma al <em>background<\/em> musical del contrabajista: \u201cSon m\u00fasicos que admir\u00e9 toda mi vida, es un peque\u00f1o homenaje a Carlos Gardel, Charly Garc\u00eda y Claude Debussy, con una mirada original de la sonoridad\u201d.<\/p>\n<p><em>Fractura Expuesta<\/em> convers\u00f3 con Navarro sobre el disco, su mirada de un arte en \u201cresistencia\u201d y la etapa actual del tango.<\/p>\n<p><strong>&#8211; \u00bfA que refiere el concepto de \u201ctangos de la posverdad\u201d? Sobre todo si se tiene en cuenta que, en su filosof\u00eda cl\u00e1sica, el tango busc\u00f3 navegar m\u00e1s en el terreno de las certezas. Tus tangos parecen jugar y enfrentar a esa tradici\u00f3n.<\/strong><\/p>\n<p>&#8211; <em>Tangos de la posverdad<\/em> esencialmente son tangos de hoy. Estas composiciones reflejan ese estado de intolerancia de la \u00e9poca pero, a su vez, tambi\u00e9n est\u00e1 plasmada la esperanza de que la solidaridad y el bienestar colectivo, por sobre el individual, vuelvan a instalarse en nuestra sociedad. Por supuesto que tambi\u00e9n hablo de mi barrio de Mar del Plata donde me cri\u00e9 y de mis padres en \u201cPer\u00fa y Belgrano\u201d pero no a la manera que lo pintaban los grandes compositores de otras \u00e9pocas. Creo que esta nueva m\u00fasica refleja el piquete, el caos del tr\u00e1nsito de Buenos Aires, el paisaje urban\u00edstico actual, el humor de nuestra gente en tiempo presente.<\/p>\n<figure id=\"attachment_2065\" aria-describedby=\"caption-attachment-2065\" style=\"width: 599px\" class=\"wp-caption aligncenter\"><img loading=\"lazy\" decoding=\"async\" class=\"size-full wp-image-2065\" src=\"https:\/\/www.fracturaexpuesta.com.ar\/tango\/wp-content\/uploads\/Juan-Pablo-Navarro.jpg\" alt=\"\" width=\"599\" height=\"722\" srcset=\"https:\/\/www.fracturaexpuesta.com.ar\/tango\/wp-content\/uploads\/Juan-Pablo-Navarro.jpg 599w, https:\/\/www.fracturaexpuesta.com.ar\/tango\/wp-content\/uploads\/Juan-Pablo-Navarro-249x300.jpg 249w\" sizes=\"auto, (max-width: 599px) 100vw, 599px\" \/><figcaption id=\"caption-attachment-2065\" class=\"wp-caption-text\">\u00abEstas composiciones reflejan ese estado de intolerancia de la \u00e9poca\u00bb.<\/figcaption><\/figure>\n<p><strong>&#8211; \u00bfDe qu\u00e9 manera puede interpelar el arte a una realidad difusa como la de la posverdad?<\/strong><\/p>\n<p>&#8211; A trav\u00e9s de su resistencia a desaparecer, porque la frivolidad aparece hoy como una gran cobertura superficial de los fen\u00f3menos de entretenimiento. Entretenimiento no siempre es sin\u00f3nimo de un proceso creativo. Muchos m\u00fasicos en su tiempo como Stravinsky, Sch\u00f6nberg, Shostak\u00f3vich, Messiaen , De Caro, Troilo, Salg\u00e1n y Piazzolla, entre otros, interpelaron al p\u00fablico proponiendo nuevos materiales y reaccionando frente a sus respectivas realidades.<\/p>\n<p><strong>&#8211; Tus composiciones son innovadoras, ricas, vitales y en varios momentos adquieren la sabidur\u00eda de lo complejo \u00bfdesde qu\u00e9 recurso musical part\u00eds para avanzar en la creaci\u00f3n?<\/strong><\/p>\n<p>&#8211; Mucho del material surge de una b\u00fasqueda a trav\u00e9s de la improvisaci\u00f3n pero, otras veces, tambi\u00e9n puede ser una melod\u00eda o el material textural y el material t\u00edmbrico propio que es definitivo para la sonoridad de la m\u00fasica de Buenos Aires. Tambi\u00e9n es un generador de ideas el lenguaje r\u00edtmico que proviene de la articulaci\u00f3n tanguera, que nos diferencia de otros idiomas.<\/p>\n<p><script async src=\"\/\/pagead2.googlesyndication.com\/pagead\/js\/adsbygoogle.js\"><\/script><br \/>\n<ins class=\"adsbygoogle\" style=\"display: block; text-align: center;\" data-ad-layout=\"in-article\" data-ad-format=\"fluid\" data-ad-client=\"ca-pub-2103671489020353\" data-ad-slot=\"7337250265\"><\/ins><br \/>\n<script>\n     (adsbygoogle = window.adsbygoogle || []).push({});\n<\/script><\/p>\n<p><strong>&#8211; Adem\u00e1s de la sentencia final en \u201cQue lo pari\u00f3\u201d, la otra voz humana que aparece en el disco es en el tema \u201cC\u00ednico\u201d \u00bfpor alg\u00fan motivo en especial est\u00e1 all\u00ed bajo ese ambiente y tono?<\/strong><\/p>\n<p>&#8211; Me pareci\u00f3 interesante la combinaci\u00f3n de un coral con una parte instrumental, sobre todo porque es un texto en lat\u00edn y despu\u00e9s se contrapone a un candombe en 3\/4 que no es usual, si bien Fattoruso y Ricardo Nol\u00e9, dos m\u00fasicos uruguayos que admiro, ya lo han utilizado. Claro que es un candombe a nuestra manera.<\/p>\n<p><strong>&#8211; En su rica historia, el tango asisti\u00f3 a distintos momentos de quiebre \u00bfc\u00f3mo conceptualiz\u00e1s la actual etapa del g\u00e9nero?<\/strong><\/p>\n<p>&#8211; Posiblemente puede ser una etapa de quiebre, no s\u00e9 exactamente, porque creo que necesitar\u00edamos una perspectiva m\u00e1s amplia. Creo que TangoContempo, diez a\u00f1os atr\u00e1s, como as\u00ed otros espacios y movimientos colectivos, fueron un generador de nuevas ideas, donde una gran cantidad de m\u00fasicos compositores comenzaron a proponer nuevos discursos y todo eso se ve reflejado hoy en d\u00eda. Y lo que resulta m\u00e1s maravilloso es que no sabemos a ciencia cierta d\u00f3nde va a desembocar esta energ\u00eda creativa que es la generadora del avance implacable del arte.<\/p>\n<p><em>Tangos de la posverdad<\/em> ser\u00e1 presentado el 11 de octubre en La Academia Tango Club y el 25 en el CAFF.<\/p>\n<figure id=\"attachment_2068\" aria-describedby=\"caption-attachment-2068\" style=\"width: 500px\" class=\"wp-caption aligncenter\"><img loading=\"lazy\" decoding=\"async\" class=\"size-full wp-image-2068\" src=\"https:\/\/www.fracturaexpuesta.com.ar\/tango\/wp-content\/uploads\/Tangos-de-la-posverdad_Tapa.jpg\" alt=\"\" width=\"500\" height=\"500\" srcset=\"https:\/\/www.fracturaexpuesta.com.ar\/tango\/wp-content\/uploads\/Tangos-de-la-posverdad_Tapa.jpg 500w, https:\/\/www.fracturaexpuesta.com.ar\/tango\/wp-content\/uploads\/Tangos-de-la-posverdad_Tapa-150x150.jpg 150w, https:\/\/www.fracturaexpuesta.com.ar\/tango\/wp-content\/uploads\/Tangos-de-la-posverdad_Tapa-300x300.jpg 300w, https:\/\/www.fracturaexpuesta.com.ar\/tango\/wp-content\/uploads\/Tangos-de-la-posverdad_Tapa-100x100.jpg 100w\" sizes=\"auto, (max-width: 500px) 100vw, 500px\" \/><figcaption id=\"caption-attachment-2068\" class=\"wp-caption-text\">\u00abMucho del material surge de una b\u00fasqueda a trav\u00e9s de la improvisaci\u00f3n\u00bb, cuenta Navarro.<\/figcaption><\/figure>\n<p><strong>Ficha t\u00e9cnica:<\/strong><\/p>\n<p>1. Tacleatta Nro. 1<br \/>\n2. Vuelo truncatus orbem<br \/>\n3. C\u00ednico<br \/>\n4. Y as\u00ed fue (F. D. E.)<br \/>\n5. Volver (de Carlos Gardel y Alfredo Le Pera)<br \/>\n6. Que lo pari\u00f3<br \/>\n7. Per\u00fa y Belgrano (MDQ)<br \/>\n8. No soy un extra\u00f1o (de Charly Garc\u00eda)<br \/>\n9. Kleiniana (A Guillermo Klein)<br \/>\n10. Canope (de Claude Debussy)<\/p>\n<p>M\u00fasicos: Nicol\u00e1s Enrich (bandone\u00f3n), Bruno Cavallaro (viol\u00edn), Esteban Falabella (guitarra el\u00e9ctrica), Sebasti\u00e1n Tozzola (clarinete y clarinete bajo), Emiliano Greco (piano), Juan Pablo Navarro (contrabajo y composici\u00f3n)<\/p>\n<p>Invitados: Sergio Verdinelli (bater\u00eda en 3 y 9) y Santiago Segret (voces en 3)<\/p>\n<p>T\u00e9cnica: Grabado los d\u00edas 1\u00b0, 2 y 3 de diciembre de 2017 en Estudios Doctor F. T\u00e9cnico de sonido: Javier Mazzarol | Edici\u00f3n y mezcla: enero de 2018 en Estudios CA por Javier Mazzarol | Masterizaci\u00f3n: febrero de 2018 por Jorge \u00abPortugu\u00e9s\u00bb Da Silva y Javier Mazzarol<\/p>\n<p>Arte de tapa, ilustraciones y dise\u00f1o: Pedro Strukelj<\/p>\n<p>Sello: Club del Disco<\/p>\n","protected":false},"excerpt":{"rendered":"<p>El contrabajista y compositor Juan Pablo Navarro lanz\u00f3 Tangos de la posverdad, un disco inevitable para incorporar los sonidos e ideas que atraviesan al tango de estos tiempos. Junto a su sexteto, que por momentos se convierte en septeto, Navarro presenta un material de tendencia renovadora, con notable potencia creativa y enfocado a abrir o\u00eddos [&hellip;]<\/p>\n","protected":false},"author":1,"featured_media":2062,"comment_status":"open","ping_status":"open","sticky":false,"template":"","format":"standard","meta":{"footnotes":""},"categories":[3],"tags":[32,130,111],"class_list":["post-2061","post","type-post","status-publish","format-standard","has-post-thumbnail","hentry","category-noticias","tag-featured","tag-juna-pablo-navarro","tag-tango"],"_links":{"self":[{"href":"https:\/\/www.fracturaexpuesta.com.ar\/tango\/wp-json\/wp\/v2\/posts\/2061","targetHints":{"allow":["GET"]}}],"collection":[{"href":"https:\/\/www.fracturaexpuesta.com.ar\/tango\/wp-json\/wp\/v2\/posts"}],"about":[{"href":"https:\/\/www.fracturaexpuesta.com.ar\/tango\/wp-json\/wp\/v2\/types\/post"}],"author":[{"embeddable":true,"href":"https:\/\/www.fracturaexpuesta.com.ar\/tango\/wp-json\/wp\/v2\/users\/1"}],"replies":[{"embeddable":true,"href":"https:\/\/www.fracturaexpuesta.com.ar\/tango\/wp-json\/wp\/v2\/comments?post=2061"}],"version-history":[{"count":7,"href":"https:\/\/www.fracturaexpuesta.com.ar\/tango\/wp-json\/wp\/v2\/posts\/2061\/revisions"}],"predecessor-version":[{"id":2091,"href":"https:\/\/www.fracturaexpuesta.com.ar\/tango\/wp-json\/wp\/v2\/posts\/2061\/revisions\/2091"}],"wp:featuredmedia":[{"embeddable":true,"href":"https:\/\/www.fracturaexpuesta.com.ar\/tango\/wp-json\/wp\/v2\/media\/2062"}],"wp:attachment":[{"href":"https:\/\/www.fracturaexpuesta.com.ar\/tango\/wp-json\/wp\/v2\/media?parent=2061"}],"wp:term":[{"taxonomy":"category","embeddable":true,"href":"https:\/\/www.fracturaexpuesta.com.ar\/tango\/wp-json\/wp\/v2\/categories?post=2061"},{"taxonomy":"post_tag","embeddable":true,"href":"https:\/\/www.fracturaexpuesta.com.ar\/tango\/wp-json\/wp\/v2\/tags?post=2061"}],"curies":[{"name":"wp","href":"https:\/\/api.w.org\/{rel}","templated":true}]}}