{"id":2202,"date":"2018-10-24T13:22:02","date_gmt":"2018-10-24T13:22:02","guid":{"rendered":"http:\/\/www.fracturaexpuesta.com.ar\/tango\/?p=2202"},"modified":"2018-10-24T13:34:21","modified_gmt":"2018-10-24T13:34:21","slug":"fetem-un-festival-desde-el-sur-para-la-union-y-la-resistencia-tanguera","status":"publish","type":"post","link":"https:\/\/www.fracturaexpuesta.com.ar\/tango\/fetem-un-festival-desde-el-sur-para-la-union-y-la-resistencia-tanguera\/","title":{"rendered":"FETEM, un festival desde el sur para la uni\u00f3n y la resistencia tanguera"},"content":{"rendered":"<p>Desde este jueves 25 y hasta el domingo 28 se pondr\u00e1 en marcha la primera edici\u00f3n del Festival de Tango de Temperley.<\/p>\n<p>El FETEM, como decidieron apodarlo los m\u00fasicos que impulsan este festival \u201cindependiente, genuino y comprometido con su tiempo\u201d, tendr\u00e1 cuatro jornadas que presentar\u00e1n a solistas, grupos y orquestas, todos referentes principales de lo que hoy circula en el movimiento de tango.<\/p>\n<p>\u201cTratamos de rescatar la importancia que tienen las movidas colectivas, de cooperaci\u00f3n y lo imprescindible que es unirse en estas \u00e9pocas dif\u00edciles\u201d, dice Pablo Sensottera, guitarrista del cuarteto La P\u00faa y uno de los organizadores del FETEM.<\/p>\n<p><script async src=\"\/\/pagead2.googlesyndication.com\/pagead\/js\/adsbygoogle.js\"><\/script><br \/>\n<ins class=\"adsbygoogle\" style=\"display: block; text-align: center;\" data-ad-layout=\"in-article\" data-ad-format=\"fluid\" data-ad-client=\"ca-pub-2103671489020353\" data-ad-slot=\"7337250265\"><\/ins><br \/>\n<script>\n     (adsbygoogle = window.adsbygoogle || []).push({});\n<\/script><\/p>\n<p>Quienes idearon el festival promueven una iniciativa que no s\u00f3lo reivindique el panorama actual del tango sino tambi\u00e9n que funcione como herramienta para intervenir en la situaci\u00f3n cultural que perciben como artistas.<\/p>\n<p>\u201cParece ser que la meritocracia reina en la cultura, entonces cualquier tipo de actividad art\u00edstica y creativa es una forma de resistencia donde se genera uni\u00f3n y bienestar en el empuje, juntos\u201d, agrega Sensottera.<\/p>\n<p>La propuesta musical apuntar\u00e1 a mostrar a una parte de la nueva obra en tango. \u201cTodos tienen ideas originales y distintas entre s\u00ed, con su identidad personal. Desde all\u00ed, hacen un gran aporte a las nuevas formas del g\u00e9nero\u201d, explica el guitarrista sobre la programaci\u00f3n del FETEM.<\/p>\n<figure id=\"attachment_2205\" aria-describedby=\"caption-attachment-2205\" style=\"width: 900px\" class=\"wp-caption aligncenter\"><img loading=\"lazy\" decoding=\"async\" class=\"wp-image-2205 size-full\" src=\"https:\/\/www.fracturaexpuesta.com.ar\/tango\/wp-content\/uploads\/FETEM-2.jpg\" alt=\"\" width=\"900\" height=\"596\" srcset=\"https:\/\/www.fracturaexpuesta.com.ar\/tango\/wp-content\/uploads\/FETEM-2.jpg 900w, https:\/\/www.fracturaexpuesta.com.ar\/tango\/wp-content\/uploads\/FETEM-2-300x199.jpg 300w, https:\/\/www.fracturaexpuesta.com.ar\/tango\/wp-content\/uploads\/FETEM-2-768x509.jpg 768w\" sizes=\"auto, (max-width: 900px) 100vw, 900px\" \/><figcaption id=\"caption-attachment-2205\" class=\"wp-caption-text\">El FETEM presentar\u00e1 a una veintena de grupos.<\/figcaption><\/figure>\n<p>El festival tendr\u00e1 a El Padilla (Av. Meeks 1060, Temperley) como el espacio principal que desplegar\u00e1, desde las 21 y con acceso a partir de las 19, cada una de las fechas.<\/p>\n<p><strong>Jueves 25 <\/strong><\/p>\n<p>Guerrero-Scalerandi<br \/>\nLa Vagabunda<br \/>\nRub\u00edn-Lacruz-Heler-Nikitoff<br \/>\nAstillero<\/p>\n<p><strong>Viernes 26<\/strong><\/p>\n<p>Cuarteto La P\u00faa y Victoria Di Raimondo<br \/>\nFinisterre<br \/>\nPampa Trash<br \/>\nFern\u00e1ndez Fierro<\/p>\n<p><strong>S\u00e1bado 27<\/strong><\/p>\n<p>34 Pu\u00f1aladas<br \/>\nQuinteto Criollo Gonzales Calo y Juan Ser\u00e9n<br \/>\nQuiero 24<br \/>\nOrquesta T\u00edpica Ciudad Baig\u00f3n<\/p>\n<p><strong>Domingo 28<\/strong> (a las 20 hs.)<\/p>\n<p>Dema y el Maestro<br \/>\nJuan Vattuone<br \/>\nAraca Paris<br \/>\nOrquesta T\u00edpica La Vid\u00fa<\/p>\n","protected":false},"excerpt":{"rendered":"<p>Desde este jueves 25 y hasta el domingo 28 se pondr\u00e1 en marcha la primera edici\u00f3n del Festival de Tango de Temperley. El FETEM, como decidieron apodarlo los m\u00fasicos que impulsan este festival \u201cindependiente, genuino y comprometido con su tiempo\u201d, tendr\u00e1 cuatro jornadas que presentar\u00e1n a solistas, grupos y orquestas, todos referentes principales de lo [&hellip;]<\/p>\n","protected":false},"author":1,"featured_media":2203,"comment_status":"open","ping_status":"open","sticky":false,"template":"","format":"standard","meta":{"footnotes":""},"categories":[3],"tags":[32,141,111],"class_list":["post-2202","post","type-post","status-publish","format-standard","has-post-thumbnail","hentry","category-noticias","tag-featured","tag-festival-de-tango-de-temperley","tag-tango"],"_links":{"self":[{"href":"https:\/\/www.fracturaexpuesta.com.ar\/tango\/wp-json\/wp\/v2\/posts\/2202","targetHints":{"allow":["GET"]}}],"collection":[{"href":"https:\/\/www.fracturaexpuesta.com.ar\/tango\/wp-json\/wp\/v2\/posts"}],"about":[{"href":"https:\/\/www.fracturaexpuesta.com.ar\/tango\/wp-json\/wp\/v2\/types\/post"}],"author":[{"embeddable":true,"href":"https:\/\/www.fracturaexpuesta.com.ar\/tango\/wp-json\/wp\/v2\/users\/1"}],"replies":[{"embeddable":true,"href":"https:\/\/www.fracturaexpuesta.com.ar\/tango\/wp-json\/wp\/v2\/comments?post=2202"}],"version-history":[{"count":10,"href":"https:\/\/www.fracturaexpuesta.com.ar\/tango\/wp-json\/wp\/v2\/posts\/2202\/revisions"}],"predecessor-version":[{"id":2214,"href":"https:\/\/www.fracturaexpuesta.com.ar\/tango\/wp-json\/wp\/v2\/posts\/2202\/revisions\/2214"}],"wp:featuredmedia":[{"embeddable":true,"href":"https:\/\/www.fracturaexpuesta.com.ar\/tango\/wp-json\/wp\/v2\/media\/2203"}],"wp:attachment":[{"href":"https:\/\/www.fracturaexpuesta.com.ar\/tango\/wp-json\/wp\/v2\/media?parent=2202"}],"wp:term":[{"taxonomy":"category","embeddable":true,"href":"https:\/\/www.fracturaexpuesta.com.ar\/tango\/wp-json\/wp\/v2\/categories?post=2202"},{"taxonomy":"post_tag","embeddable":true,"href":"https:\/\/www.fracturaexpuesta.com.ar\/tango\/wp-json\/wp\/v2\/tags?post=2202"}],"curies":[{"name":"wp","href":"https:\/\/api.w.org\/{rel}","templated":true}]}}