{"id":2228,"date":"2018-10-29T10:08:21","date_gmt":"2018-10-29T10:08:21","guid":{"rendered":"http:\/\/www.fracturaexpuesta.com.ar\/tango\/?p=2228"},"modified":"2018-10-29T23:47:58","modified_gmt":"2018-10-29T23:47:58","slug":"entre-libros-y-tangos","status":"publish","type":"post","link":"https:\/\/www.fracturaexpuesta.com.ar\/tango\/entre-libros-y-tangos\/","title":{"rendered":"Entre libros y tangos"},"content":{"rendered":"<p>Desde el mi\u00e9rcoles 31 y hasta el 2 de noviembre se realizar\u00e1 la Feria del libro de tango. <\/p>\n<p>La iniciativa se llevar\u00e1 a cabo en la sala Osvaldo Pugliese del Centro Cultural de la Cooperacion (Av. Corrientes 1543) y girar\u00e1 en torno a diversas publicaciones y paneles que abordar\u00e1n distintos temas vinculados con el universo tanguero.<\/p>\n<p>Novedades editoriales, conciertos y charlas componen la programaci\u00f3n de este encuentro que abrir\u00e1 el mi\u00e9rcoles 31, a las 19, con la presentaci\u00f3n del libro <em>Entre g\u00e9neros y sexualidades\u00a0(tango, baile, cultura popular)<\/em> de Mercedes Liska.<\/p>\n<p>Ese mismo d\u00eda, a las 20.30, se desarrollar\u00e1 el panel \u00abTango y literatura\u00bb con\u00a0los escritores Juan Sasturain y Oscar Conde.<\/p>\n<p><script async src=\"\/\/pagead2.googlesyndication.com\/pagead\/js\/adsbygoogle.js\"><\/script><br \/>\n<ins class=\"adsbygoogle\" style=\"display: block; text-align: center;\" data-ad-layout=\"in-article\" data-ad-format=\"fluid\" data-ad-client=\"ca-pub-2103671489020353\" data-ad-slot=\"7337250265\"><\/ins><br \/>\n<script>\n     (adsbygoogle = window.adsbygoogle || []).push({});\n<\/script><\/p>\n<p>Por su parte, el jueves 1 desde las 19, \u00abTango y g\u00e9nero\u00bb ser\u00e1 otra de las charlas. All\u00ed participar\u00e1n Dora Barrancos (doctora en Sociolog\u00eda), Mar\u00eda Aimaretti (doctora en Artes) y Gustavo Varela (doctor en Filosof\u00eda).<\/p>\n<p>Luego, se presentar\u00e1n los libros\u00a0<em>El abrazo del tango y el rock<\/em> de Alejo Rodr\u00edguez de Fraga y <em>Apenas un milonguero<\/em> de\u00a0Julio Dupl\u00e1a. La jornada cerrar\u00e1 con la m\u00fasica de Julio Coviello y Jorge Garacotche.<\/p>\n<p>La fecha del viernes ser\u00e1 para el brindis de clausura. Todas las actividades son gratuitas.<\/p>\n","protected":false},"excerpt":{"rendered":"<p>Desde el mi\u00e9rcoles 31 y hasta el 2 de noviembre se realizar\u00e1 la Feria del libro de tango. La iniciativa se llevar\u00e1 a cabo en la sala Osvaldo Pugliese del Centro Cultural de la Cooperacion (Av. Corrientes 1543) y girar\u00e1 en torno a diversas publicaciones y paneles que abordar\u00e1n distintos temas vinculados con el universo [&hellip;]<\/p>\n","protected":false},"author":1,"featured_media":2229,"comment_status":"open","ping_status":"open","sticky":false,"template":"","format":"standard","meta":{"footnotes":""},"categories":[5],"tags":[32,111],"class_list":["post-2228","post","type-post","status-publish","format-standard","has-post-thumbnail","hentry","category-buzon","tag-featured","tag-tango"],"_links":{"self":[{"href":"https:\/\/www.fracturaexpuesta.com.ar\/tango\/wp-json\/wp\/v2\/posts\/2228","targetHints":{"allow":["GET"]}}],"collection":[{"href":"https:\/\/www.fracturaexpuesta.com.ar\/tango\/wp-json\/wp\/v2\/posts"}],"about":[{"href":"https:\/\/www.fracturaexpuesta.com.ar\/tango\/wp-json\/wp\/v2\/types\/post"}],"author":[{"embeddable":true,"href":"https:\/\/www.fracturaexpuesta.com.ar\/tango\/wp-json\/wp\/v2\/users\/1"}],"replies":[{"embeddable":true,"href":"https:\/\/www.fracturaexpuesta.com.ar\/tango\/wp-json\/wp\/v2\/comments?post=2228"}],"version-history":[{"count":7,"href":"https:\/\/www.fracturaexpuesta.com.ar\/tango\/wp-json\/wp\/v2\/posts\/2228\/revisions"}],"predecessor-version":[{"id":2236,"href":"https:\/\/www.fracturaexpuesta.com.ar\/tango\/wp-json\/wp\/v2\/posts\/2228\/revisions\/2236"}],"wp:featuredmedia":[{"embeddable":true,"href":"https:\/\/www.fracturaexpuesta.com.ar\/tango\/wp-json\/wp\/v2\/media\/2229"}],"wp:attachment":[{"href":"https:\/\/www.fracturaexpuesta.com.ar\/tango\/wp-json\/wp\/v2\/media?parent=2228"}],"wp:term":[{"taxonomy":"category","embeddable":true,"href":"https:\/\/www.fracturaexpuesta.com.ar\/tango\/wp-json\/wp\/v2\/categories?post=2228"},{"taxonomy":"post_tag","embeddable":true,"href":"https:\/\/www.fracturaexpuesta.com.ar\/tango\/wp-json\/wp\/v2\/tags?post=2228"}],"curies":[{"name":"wp","href":"https:\/\/api.w.org\/{rel}","templated":true}]}}