{"id":2278,"date":"2018-11-09T18:41:28","date_gmt":"2018-11-09T18:41:28","guid":{"rendered":"http:\/\/www.fracturaexpuesta.com.ar\/tango\/?p=2278"},"modified":"2018-11-09T18:48:52","modified_gmt":"2018-11-09T18:48:52","slug":"la-martino-estrena-plural-su-nuevo-disco","status":"publish","type":"post","link":"https:\/\/www.fracturaexpuesta.com.ar\/tango\/la-martino-estrena-plural-su-nuevo-disco\/","title":{"rendered":"La Martino estrena \u201cPlural\u201d, su nuevo disco"},"content":{"rendered":"<p>La Martino Orquesta T\u00edpica presentar\u00e1 <em>Plural<\/em>, su segunda producci\u00f3n discogr\u00e1fica, este domingo 11 .<\/p>\n<p>Luego de tres a\u00f1os de trabajo, el material podr\u00e1 conocerse a trav\u00e9s del concierto que la orquesta dar\u00e1 en la Usina del Arte (Agust\u00edn R. Caffarena 1), a las 21.<\/p>\n<p>Se trata de un disco que tendr\u00e1 una edici\u00f3n en formato digital y de la que ya se conoci\u00f3 un adelanto. \u201cRetrato de Alberto Garralda\u201d es uno de los temas que integran <em>Plural<\/em> junto a otras composiciones originales.<\/p>\n<p><iframe loading=\"lazy\" src=\"https:\/\/www.youtube.com\/embed\/f6B0HmNAZ20\" width=\"560\" height=\"315\" frameborder=\"0\" allowfullscreen=\"allowfullscreen\"><\/iframe><\/p>\n<p>Seg\u00fan cuentan los integrantes de La Martino \u201cplural es la palabra que mejor describe el trabajo en conjunto que ha permitido a la orquesta mantenerse unida m\u00e1s all\u00e1 de las circunstancias, motivados por la pasi\u00f3n por el tango, tom\u00e1ndolo como bandera\u201d.<\/p>\n<p>La nueva producci\u00f3n apuesta ahora a letras y composiciones originales que giran en torno de la resiliencia, \u201cla capacidad de los seres humanos para adaptarse positivamente a situaciones adversas\u201d, comentan.<\/p>\n<p><script async src=\"\/\/pagead2.googlesyndication.com\/pagead\/js\/adsbygoogle.js\"><\/script><br \/>\n<ins class=\"adsbygoogle\" style=\"display: block; text-align: center;\" data-ad-layout=\"in-article\" data-ad-format=\"fluid\" data-ad-client=\"ca-pub-2103671489020353\" data-ad-slot=\"7337250265\"><\/ins><br \/>\n<script>\n     (adsbygoogle = window.adsbygoogle || []).push({});\n<\/script><\/p>\n<p>El disco re\u00fane 8 composiciones nuevas. Las cantadas \u201cEl junco\u201d, \u201cVer\u00f3nica\u201d y \u201cAcr\u00f3bata de luz\u201d (con letra de Daniel Olivera) y \u201cHueso de sal\u201d (con letra de Mariano Pini). A ellas se suman los instrumentales de la orquesta (\u201cSisu\u201d, \u201cRetrato de Alberto Garralda\u201d y \u201cDe Cayetano\u201d) y una adaptaci\u00f3n de \u201cBuena vida\u201d, un tango de Nicol\u00e1s Ledesma.<\/p>\n<p>El arte de tapa es un detalle de <em>Latinoam\u00e9rica duele<\/em> de la artista pl\u00e1stica Daniela Draiye (Acr\u00edlico y t\u00e9cnica mixta sobre hardboard &#8211; 115 X 75 cm -2016-2017).<\/p>\n<figure id=\"attachment_2280\" aria-describedby=\"caption-attachment-2280\" style=\"width: 600px\" class=\"wp-caption aligncenter\"><img loading=\"lazy\" decoding=\"async\" class=\"size-full wp-image-2280\" src=\"https:\/\/www.fracturaexpuesta.com.ar\/tango\/wp-content\/uploads\/la_martino_plural.jpg\" alt=\"\" width=\"600\" height=\"600\" srcset=\"https:\/\/www.fracturaexpuesta.com.ar\/tango\/wp-content\/uploads\/la_martino_plural.jpg 600w, https:\/\/www.fracturaexpuesta.com.ar\/tango\/wp-content\/uploads\/la_martino_plural-150x150.jpg 150w, https:\/\/www.fracturaexpuesta.com.ar\/tango\/wp-content\/uploads\/la_martino_plural-300x300.jpg 300w, https:\/\/www.fracturaexpuesta.com.ar\/tango\/wp-content\/uploads\/la_martino_plural-100x100.jpg 100w\" sizes=\"auto, (max-width: 600px) 100vw, 600px\" \/><figcaption id=\"caption-attachment-2280\" class=\"wp-caption-text\">Plural, un disco que apuesta a la nueva obra en tango.<\/figcaption><\/figure>\n<p><strong>Ficha t\u00e9cnica<\/strong><\/p>\n<p>Temas:<br \/>\n1. El junco<br \/>\n2. Sisu<br \/>\n3. Hueso de sal<br \/>\n4. Retrato de Alberto Garralda<br \/>\n5. Acr\u00f3bata de Luz<br \/>\n6. Buena Vida<br \/>\n7. Ver\u00f3nica<br \/>\n8. De Cayetano<\/p>\n<p>Grabado en Estudios Fort Music.<\/p>\n<p>Violines: Juan D. Villegas Restrepo \/ Pamela Gigliotti \/ Mat\u00edas Benitez \/ Francisco Daumes<br \/>\nViola: Lul\u00fa Garibotto<br \/>\nViolonchelo: Bruno D\u2019Ambrosio<br \/>\nBandoneones: Javier Yokoo \/ Matias Giubergia \/ Luigi Raponi \/ Lucas Ferraro<br \/>\nPiano: Nehuen Martino<br \/>\nGuitarra: Leandro Antognolli<br \/>\nContrabajo: Facundo Tudisco<br \/>\nCantoras: Nazarena Anah\u00ed C\u00e1ceres \/ Alexandra Vega<br \/>\nComposici\u00f3n y Direcci\u00f3n: Nehuen Martino<\/p>\n","protected":false},"excerpt":{"rendered":"<p>La Martino Orquesta T\u00edpica presentar\u00e1 Plural, su segunda producci\u00f3n discogr\u00e1fica, este domingo 11 . Luego de tres a\u00f1os de trabajo, el material podr\u00e1 conocerse a trav\u00e9s del concierto que la orquesta dar\u00e1 en la Usina del Arte (Agust\u00edn R. Caffarena 1), a las 21. Se trata de un disco que tendr\u00e1 una edici\u00f3n en formato [&hellip;]<\/p>\n","protected":false},"author":1,"featured_media":2279,"comment_status":"open","ping_status":"open","sticky":false,"template":"","format":"standard","meta":{"footnotes":""},"categories":[4],"tags":[32,150,111],"class_list":["post-2278","post","type-post","status-publish","format-standard","has-post-thumbnail","hentry","category-discos","tag-featured","tag-la-martino-orquesta-tipica","tag-tango"],"_links":{"self":[{"href":"https:\/\/www.fracturaexpuesta.com.ar\/tango\/wp-json\/wp\/v2\/posts\/2278","targetHints":{"allow":["GET"]}}],"collection":[{"href":"https:\/\/www.fracturaexpuesta.com.ar\/tango\/wp-json\/wp\/v2\/posts"}],"about":[{"href":"https:\/\/www.fracturaexpuesta.com.ar\/tango\/wp-json\/wp\/v2\/types\/post"}],"author":[{"embeddable":true,"href":"https:\/\/www.fracturaexpuesta.com.ar\/tango\/wp-json\/wp\/v2\/users\/1"}],"replies":[{"embeddable":true,"href":"https:\/\/www.fracturaexpuesta.com.ar\/tango\/wp-json\/wp\/v2\/comments?post=2278"}],"version-history":[{"count":7,"href":"https:\/\/www.fracturaexpuesta.com.ar\/tango\/wp-json\/wp\/v2\/posts\/2278\/revisions"}],"predecessor-version":[{"id":2288,"href":"https:\/\/www.fracturaexpuesta.com.ar\/tango\/wp-json\/wp\/v2\/posts\/2278\/revisions\/2288"}],"wp:featuredmedia":[{"embeddable":true,"href":"https:\/\/www.fracturaexpuesta.com.ar\/tango\/wp-json\/wp\/v2\/media\/2279"}],"wp:attachment":[{"href":"https:\/\/www.fracturaexpuesta.com.ar\/tango\/wp-json\/wp\/v2\/media?parent=2278"}],"wp:term":[{"taxonomy":"category","embeddable":true,"href":"https:\/\/www.fracturaexpuesta.com.ar\/tango\/wp-json\/wp\/v2\/categories?post=2278"},{"taxonomy":"post_tag","embeddable":true,"href":"https:\/\/www.fracturaexpuesta.com.ar\/tango\/wp-json\/wp\/v2\/tags?post=2278"}],"curies":[{"name":"wp","href":"https:\/\/api.w.org\/{rel}","templated":true}]}}