{"id":2378,"date":"2018-11-28T01:57:59","date_gmt":"2018-11-28T01:57:59","guid":{"rendered":"http:\/\/www.fracturaexpuesta.com.ar\/tango\/?p=2378"},"modified":"2018-11-28T02:09:00","modified_gmt":"2018-11-28T02:09:00","slug":"la-boca-esta-de-festival","status":"publish","type":"post","link":"https:\/\/www.fracturaexpuesta.com.ar\/tango\/la-boca-esta-de-festival\/","title":{"rendered":"La Boca est\u00e1 de festival"},"content":{"rendered":"<p>La realizaci\u00f3n de los festivales barriales de tango sigue representando la mejor alternativa para conocer de cerca lo que suena hoy en esa expresi\u00f3n.<\/p>\n<p>Este jueves comienza la novena edici\u00f3n del Festival de Tango de la Rep\u00fablica de La Boca, uno de los festivales autogestionados con m\u00e1s persistencia en el circuito contempor\u00e1neo de tango.<\/p>\n<p>Hasta el s\u00e1bado se desarrollar\u00e1n tres jornadas que reunir\u00e1n conciertos, clases de baile, milonga y exhibiciones.<\/p>\n<p>\u201cEl festival ha sido un espejo para el resto de los festivales. Esto \u00faltimo significa un desaf\u00edo para cada edici\u00f3n, siempre con el compromiso est\u00e9tico, pol\u00edtico y social que nos caracteriza desde el 2010\u201d, dicen los organizadores de la iniciativa.<\/p>\n<p><script async src=\"\/\/pagead2.googlesyndication.com\/pagead\/js\/adsbygoogle.js\"><\/script><br \/>\n<ins class=\"adsbygoogle\" style=\"display: block; text-align: center;\" data-ad-layout=\"in-article\" data-ad-format=\"fluid\" data-ad-client=\"ca-pub-2103671489020353\" data-ad-slot=\"7337250265\"><\/ins><br \/>\n<script>\n     (adsbygoogle = window.adsbygoogle || []).push({});\n<\/script><\/p>\n<p>En consonancia con la realidad que atraviesa el pa\u00eds y sus reclamos sociales, el festival volver\u00e1 a conectar al arte con distintas demandas. \u201cTeniendo en cuenta el justo reclamo actual de un cupo femenino del 30 por ciento para los festivales, hemos armado una programaci\u00f3n donde m\u00e1s de la mitad de los artistas son mujeres\u201d, comenta Pablo Bernaba, bandoneonista del Quinteto Negro La Boca y principal impulsor del festival.<\/p>\n<p>Tambi\u00e9n habr\u00e1 lugar para espacios como Tango Queer, Tango Cr\u00edtico (grupo de trabajo del centro de detenci\u00f3n clandestina Ex-Olimpo) y la \u201cMilonga por la integraci\u00f3n\/Tango Inclusivo\u00bb.<\/p>\n<p>Por el lado de los conciertos, se presentar\u00e1n grupos y artistas como Astillero, Marisa V\u00e1zquez, Cuarteto Cedr\u00f3n, Gisela Magri, Orquesta T\u00edpica La Vid\u00fa, La Empoderada, entre muchos otros.<\/p>\n<p>Todas las actividades se desplegar\u00e1n en dos sedes del barrio (Malevaje Arte Club y Cine Teatro Brown) y ser\u00e1n bajo la modalidad \u201ca la gorra\u201d.<\/p>\n<p><strong>Jueves 29\/11 <\/strong><br \/>\nSede: Malevaje Arte Club (Garibaldi 1670)<br \/>\nDesde las 20 hs.<\/p>\n<p>&#8211; Clase de tango a cargo de Naty<br \/>\nMilonga con tandas en vivo de 21:30 a 2 am.<br \/>\n&#8211; Juliana Manoukian<br \/>\n&#8211; Shirlene Silva Olivera y Rosa Principe<br \/>\n&#8211; Lucrecia Merico acompa\u00f1ada por Juan Iruzubieta<br \/>\n&#8211; Marisa V\u00e1zquez y Silvina Ad\u00e1moli<br \/>\n&#8211; Intervenci\u00f3n de \u00abLa Parca\u00bb<\/p>\n<p><strong>Viernes 30\/11<\/strong><br \/>\nSede: Malevaje Arte Club (Garibaldi 1670)<br \/>\nDesde las 20 hs.<\/p>\n<p>&#8211; Clase de tango y exhibici\u00f3n a cargo de Fernando Bietti y Angie Hern\u00e1ndez<br \/>\nConciertos en vivo y tandas milongueras en vivo de 21:30 a 2:30 am.<br \/>\n&#8211; Cuarteto Cedr\u00f3n<br \/>\n&#8211; Gisela Magri<br \/>\n&#8211; Cuarteto Bonavena<br \/>\n&#8211; Riachuelo<br \/>\n&#8211; Tangorra Orquesta At\u00edpica<br \/>\n&#8211; Quinteto Negro La Boca<br \/>\n&#8211; Exhibici\u00f3n Folklore Danza (Andrea Hammerschmidt y Adri\u00e1n Bernal)<\/p>\n<p><strong>S\u00e1bado 1\/12<\/strong><br \/>\nSede: Cine Teatro Brown (Av. Alte. Brown 1375)<br \/>\nDesde las 20 hs.<\/p>\n<p>&#8211; Clase de tango a cargo de Taller de Tango Cr\u00edtico<br \/>\n&#8211; Astillero Tango<br \/>\n&#8211; Dema y el Maestro<br \/>\n&#8211; La Empoderada Orquesta At\u00edpica<br \/>\n&#8211; Vero Koufati con Gast\u00f3n Ruiz<br \/>\n&#8211; Tr\u00edo Ca\u00f1\u00f3n<br \/>\n&#8211; Orquesta T\u00edpica La Vid\u00fa<br \/>\n&#8211; Exhibici\u00f3n de tango en tela: Josefina Blanco<br \/>\n&#8211; Exhibici\u00f3n de Tango inclusivo \/ milonga por la integraci\u00f3n. Coordinadora: Andre Etchepare<\/p>\n<figure id=\"attachment_2380\" aria-describedby=\"caption-attachment-2380\" style=\"width: 957px\" class=\"wp-caption aligncenter\"><img loading=\"lazy\" decoding=\"async\" class=\"wp-image-2380 size-full\" src=\"https:\/\/www.fracturaexpuesta.com.ar\/tango\/wp-content\/uploads\/festival-tango-la-boca.jpg\" alt=\"\" width=\"957\" height=\"960\" srcset=\"https:\/\/www.fracturaexpuesta.com.ar\/tango\/wp-content\/uploads\/festival-tango-la-boca.jpg 957w, https:\/\/www.fracturaexpuesta.com.ar\/tango\/wp-content\/uploads\/festival-tango-la-boca-150x150.jpg 150w, https:\/\/www.fracturaexpuesta.com.ar\/tango\/wp-content\/uploads\/festival-tango-la-boca-300x300.jpg 300w, https:\/\/www.fracturaexpuesta.com.ar\/tango\/wp-content\/uploads\/festival-tango-la-boca-768x770.jpg 768w, https:\/\/www.fracturaexpuesta.com.ar\/tango\/wp-content\/uploads\/festival-tango-la-boca-100x100.jpg 100w\" sizes=\"auto, (max-width: 957px) 100vw, 957px\" \/><figcaption id=\"caption-attachment-2380\" class=\"wp-caption-text\">El de La Boca es uno de los festivales tangueros con m\u00e1s persistencia en el circuito contempor\u00e1neo de tango.<\/figcaption><\/figure>\n","protected":false},"excerpt":{"rendered":"<p>La realizaci\u00f3n de los festivales barriales de tango sigue representando la mejor alternativa para conocer de cerca lo que suena hoy en esa expresi\u00f3n. Este jueves comienza la novena edici\u00f3n del Festival de Tango de la Rep\u00fablica de La Boca, uno de los festivales autogestionados con m\u00e1s persistencia en el circuito contempor\u00e1neo de tango. Hasta [&hellip;]<\/p>\n","protected":false},"author":1,"featured_media":2385,"comment_status":"open","ping_status":"open","sticky":false,"template":"","format":"standard","meta":{"footnotes":""},"categories":[3],"tags":[32,158,111],"class_list":["post-2378","post","type-post","status-publish","format-standard","has-post-thumbnail","hentry","category-noticias","tag-featured","tag-festival-de-tango-de-la-boca","tag-tango"],"_links":{"self":[{"href":"https:\/\/www.fracturaexpuesta.com.ar\/tango\/wp-json\/wp\/v2\/posts\/2378","targetHints":{"allow":["GET"]}}],"collection":[{"href":"https:\/\/www.fracturaexpuesta.com.ar\/tango\/wp-json\/wp\/v2\/posts"}],"about":[{"href":"https:\/\/www.fracturaexpuesta.com.ar\/tango\/wp-json\/wp\/v2\/types\/post"}],"author":[{"embeddable":true,"href":"https:\/\/www.fracturaexpuesta.com.ar\/tango\/wp-json\/wp\/v2\/users\/1"}],"replies":[{"embeddable":true,"href":"https:\/\/www.fracturaexpuesta.com.ar\/tango\/wp-json\/wp\/v2\/comments?post=2378"}],"version-history":[{"count":6,"href":"https:\/\/www.fracturaexpuesta.com.ar\/tango\/wp-json\/wp\/v2\/posts\/2378\/revisions"}],"predecessor-version":[{"id":2387,"href":"https:\/\/www.fracturaexpuesta.com.ar\/tango\/wp-json\/wp\/v2\/posts\/2378\/revisions\/2387"}],"wp:featuredmedia":[{"embeddable":true,"href":"https:\/\/www.fracturaexpuesta.com.ar\/tango\/wp-json\/wp\/v2\/media\/2385"}],"wp:attachment":[{"href":"https:\/\/www.fracturaexpuesta.com.ar\/tango\/wp-json\/wp\/v2\/media?parent=2378"}],"wp:term":[{"taxonomy":"category","embeddable":true,"href":"https:\/\/www.fracturaexpuesta.com.ar\/tango\/wp-json\/wp\/v2\/categories?post=2378"},{"taxonomy":"post_tag","embeddable":true,"href":"https:\/\/www.fracturaexpuesta.com.ar\/tango\/wp-json\/wp\/v2\/tags?post=2378"}],"curies":[{"name":"wp","href":"https:\/\/api.w.org\/{rel}","templated":true}]}}