{"id":2469,"date":"2018-12-24T16:22:47","date_gmt":"2018-12-24T16:22:47","guid":{"rendered":"http:\/\/www.fracturaexpuesta.com.ar\/tango\/?p=2469"},"modified":"2019-01-03T18:26:00","modified_gmt":"2019-01-03T18:26:00","slug":"el-muro-o-el-puente-entre-lo-clasico-y-lo-contemporaneo","status":"publish","type":"post","link":"https:\/\/www.fracturaexpuesta.com.ar\/tango\/el-muro-o-el-puente-entre-lo-clasico-y-lo-contemporaneo\/","title":{"rendered":"El Muro, o el puente entre lo cl\u00e1sico y lo contempor\u00e1neo"},"content":{"rendered":"<p>\u201cEste \u00e1lbum es muy importante para nosotros, define nuestra identidad musical\u201d, explica el pianista Juan Pablo de Lucca sobre <em>Nost\u00e1lgico<\/em>, el disco que public\u00f3 recientemente el grupo argentino-noruego El Muro.<\/p>\n<p>Esa identidad que menciona de Lucca -nieto del recordado cantor Alberto Castillo- se asienta sobre un perfil sonoro que retoma los elementos del tango cl\u00e1sico y suma herramientas del jazz y la m\u00fasica contempor\u00e1nea para estampar una m\u00fasica profunda y vibrante que no deja de lado la vertiente bailable.<\/p>\n<p><script async src=\"\/\/pagead2.googlesyndication.com\/pagead\/js\/adsbygoogle.js\"><\/script><br \/>\n<ins class=\"adsbygoogle\" style=\"display: block; text-align: center;\" data-ad-layout=\"in-article\" data-ad-format=\"fluid\" data-ad-client=\"ca-pub-2103671489020353\" data-ad-slot=\"7337250265\"><\/ins><br \/>\n<script>\n     (adsbygoogle = window.adsbygoogle || []).push({});\n<\/script><\/p>\n<p><em>Nost\u00e1lgico<\/em> contiene 12 interpretaciones que se reparten mayormente entre autores tradicionales (\u201cNost\u00e1lgico\u201d, \u201cRecuerdo\u201d, \u201cGriseta\u201d, \u201cMalena\u201d) y una cuota de contempor\u00e1neos como Alfredo \u201cTape\u201d Rub\u00edn (\u201cRegin\u201d) o el propio Juan Villareal, cantor del grupo, con \u201cDistinto pero igual\u201d.<\/p>\n<p>\u201cA menudo se trata de lo perdido o el amor imposible\u201d, cuenta el violinista noruego Karl Espegard, co-fundador del grupo, sobre t\u00edtulo del material. \u201cTambi\u00e9n puede significar extra\u00f1ar la familia y la tierra de uno. El tango naci\u00f3 en las clases m\u00e1s bajas de Argentina, entre los inmigrantes europeos que se encontraban a trav\u00e9s de la m\u00fasica, la poes\u00eda y la danza\u201d, dice Espegard que vivi\u00f3 varios a\u00f1os en Buenos Aires.<\/p>\n<p><iframe loading=\"lazy\" src=\"https:\/\/www.youtube.com\/embed\/-QyIz4XClto\" width=\"560\" height=\"315\" frameborder=\"0\" allowfullscreen=\"allowfullscreen\"><\/iframe><\/p>\n<p>Editado por el sello alem\u00e1n Galileo Music, <em>Nost\u00e1lgico<\/em> fue grabado en Oslo y presentado a trav\u00e9s de una gira con conciertos en Holanda, Noruega, B\u00e9lgica y Alemania.<\/p>\n<p>\u201cEl Muro tienen una intensidad y energ\u00eda arriba del escenario que no deja de sorprenderme cada vez que toco con ellos\u201d, subraya Villareal que acompa\u00f1\u00f3 al cuarteto en la mencionada recorrida. En la Argentina, algo del disco pudo escucharse en vivo en la visita que el grupo realiz\u00f3 a principios de a\u00f1o a la ciudad de Buenos Aires y distintos lugares de la Patagonia.<\/p>\n<p>Con el coraz\u00f3n en Buenos Aires y el hogar en Europa, El Muro continuar\u00e1 la presentaci\u00f3n del disco en 2019 con conciertos en Alemania y Noruega -su circuito habitual- bajo una propuesta que salta los abismos entre lo nuevo y lo cl\u00e1sico y construye, m\u00e1s que una pared, un s\u00f3lido puente para conectar lo mejor de la tradici\u00f3n con la din\u00e1mica escena actual del tango que ya escribe sus potentes p\u00e1ginas en la historia de la m\u00fasica urbana.<\/p>\n<figure id=\"attachment_2471\" aria-describedby=\"caption-attachment-2471\" style=\"width: 900px\" class=\"wp-caption aligncenter\"><img loading=\"lazy\" decoding=\"async\" class=\"size-full wp-image-2471\" src=\"https:\/\/www.fracturaexpuesta.com.ar\/tango\/wp-content\/uploads\/el-muro-nostalgico-1.jpg\" alt=\"\" width=\"900\" height=\"900\" srcset=\"https:\/\/www.fracturaexpuesta.com.ar\/tango\/wp-content\/uploads\/el-muro-nostalgico-1.jpg 900w, https:\/\/www.fracturaexpuesta.com.ar\/tango\/wp-content\/uploads\/el-muro-nostalgico-1-150x150.jpg 150w, https:\/\/www.fracturaexpuesta.com.ar\/tango\/wp-content\/uploads\/el-muro-nostalgico-1-300x300.jpg 300w, https:\/\/www.fracturaexpuesta.com.ar\/tango\/wp-content\/uploads\/el-muro-nostalgico-1-768x768.jpg 768w, https:\/\/www.fracturaexpuesta.com.ar\/tango\/wp-content\/uploads\/el-muro-nostalgico-1-100x100.jpg 100w\" sizes=\"auto, (max-width: 900px) 100vw, 900px\" \/><figcaption id=\"caption-attachment-2471\" class=\"wp-caption-text\">La portada del disco debut del grupo argentino-noruego.<\/figcaption><\/figure>\n<p><strong>Ficha t\u00e9cnica<\/strong><\/p>\n<p>1. Nost\u00e1lgico (Plaza)<br \/>\n2. As\u00ed se baila el tango (Randal \u2013 Marvil)<br \/>\n3. Regin (Rub\u00edn)<br \/>\n4. Rebeld\u00eda (Rubens \u2013 Nievas Blanco)<br \/>\n5. Recuerdo (Pugliese)<br \/>\n6. La vieja serenata (Ib\u00e1\u00f1ez \u2013 Gomez)<br \/>\n7. Distinto pero igual (Villareal)<br \/>\n8. Bah\u00eda Blanca (di Sarli)<br \/>\n9. Griseta (Delfino \u2013 Castillo)<br \/>\n10. Malena (Manzi \u2013 Demare)<br \/>\n11. El viol\u00edn de Becho (Zitarrosa)<br \/>\n12. Tamboriles (Gavioli)<\/p>\n<p>Juan Pablo De Lucca &#8211; piano<br \/>\nKarl Espegard &#8211; viol\u00edn<br \/>\n\u00c5sbj\u00f8rg Ryeng &#8211; bandone\u00f3n<br \/>\nSebastian Noya &#8211; contrabajo<br \/>\nJuan Villarreal &#8211; voz<\/p>\n<p>Pablo Mart\u00ednez &#8211; piano drum en \u201cTamboriles\u201d<br \/>\nFer Aguirre \u2013 repique en \u201cTamboriles\u201d<br \/>\nMart\u00edn Rizo \u2013 chico en \u201cTamboriles\u201d<\/p>\n<p>Grabado, mezclado y masterizado por Thomas Wang<br \/>\nAsistencia de Richard Brummond<br \/>\nGrabado en Urban Sound Studios, Oslo, Nuruega<br \/>\nArte de La Vieja Flores<br \/>\nFoto de Johanna Jezernicki<br \/>\nProducido por El Muro Tango<\/p>\n","protected":false},"excerpt":{"rendered":"<p>\u201cEste \u00e1lbum es muy importante para nosotros, define nuestra identidad musical\u201d, explica el pianista Juan Pablo de Lucca sobre Nost\u00e1lgico, el disco que public\u00f3 recientemente el grupo argentino-noruego El Muro. Esa identidad que menciona de Lucca -nieto del recordado cantor Alberto Castillo- se asienta sobre un perfil sonoro que retoma los elementos del tango cl\u00e1sico [&hellip;]<\/p>\n","protected":false},"author":1,"featured_media":2470,"comment_status":"open","ping_status":"open","sticky":false,"template":"","format":"standard","meta":{"footnotes":""},"categories":[4],"tags":[105,32,111],"class_list":["post-2469","post","type-post","status-publish","format-standard","has-post-thumbnail","hentry","category-discos","tag-el-muro","tag-featured","tag-tango"],"_links":{"self":[{"href":"https:\/\/www.fracturaexpuesta.com.ar\/tango\/wp-json\/wp\/v2\/posts\/2469","targetHints":{"allow":["GET"]}}],"collection":[{"href":"https:\/\/www.fracturaexpuesta.com.ar\/tango\/wp-json\/wp\/v2\/posts"}],"about":[{"href":"https:\/\/www.fracturaexpuesta.com.ar\/tango\/wp-json\/wp\/v2\/types\/post"}],"author":[{"embeddable":true,"href":"https:\/\/www.fracturaexpuesta.com.ar\/tango\/wp-json\/wp\/v2\/users\/1"}],"replies":[{"embeddable":true,"href":"https:\/\/www.fracturaexpuesta.com.ar\/tango\/wp-json\/wp\/v2\/comments?post=2469"}],"version-history":[{"count":7,"href":"https:\/\/www.fracturaexpuesta.com.ar\/tango\/wp-json\/wp\/v2\/posts\/2469\/revisions"}],"predecessor-version":[{"id":2494,"href":"https:\/\/www.fracturaexpuesta.com.ar\/tango\/wp-json\/wp\/v2\/posts\/2469\/revisions\/2494"}],"wp:featuredmedia":[{"embeddable":true,"href":"https:\/\/www.fracturaexpuesta.com.ar\/tango\/wp-json\/wp\/v2\/media\/2470"}],"wp:attachment":[{"href":"https:\/\/www.fracturaexpuesta.com.ar\/tango\/wp-json\/wp\/v2\/media?parent=2469"}],"wp:term":[{"taxonomy":"category","embeddable":true,"href":"https:\/\/www.fracturaexpuesta.com.ar\/tango\/wp-json\/wp\/v2\/categories?post=2469"},{"taxonomy":"post_tag","embeddable":true,"href":"https:\/\/www.fracturaexpuesta.com.ar\/tango\/wp-json\/wp\/v2\/tags?post=2469"}],"curies":[{"name":"wp","href":"https:\/\/api.w.org\/{rel}","templated":true}]}}