{"id":2526,"date":"2019-01-21T19:53:39","date_gmt":"2019-01-21T19:53:39","guid":{"rendered":"http:\/\/www.fracturaexpuesta.com.ar\/tango\/?p=2526"},"modified":"2019-01-21T19:53:39","modified_gmt":"2019-01-21T19:53:39","slug":"se-celebra-el-dia-nacional-del-musico-con-actividades-en-todo-el-pais","status":"publish","type":"post","link":"https:\/\/www.fracturaexpuesta.com.ar\/tango\/se-celebra-el-dia-nacional-del-musico-con-actividades-en-todo-el-pais\/","title":{"rendered":"Se celebra el D\u00eda Nacional del M\u00fasico con actividades en todo el pa\u00eds"},"content":{"rendered":"<p>Ya es el quinto a\u00f1o en el que los m\u00fasicos del pa\u00eds tienen un d\u00eda especial para celebrar su actividad. Todos los 23 de enero, en sinton\u00eda con la fecha de nacimiento de Luis Alberto Spinetta, los artistas argentinos festejan el D\u00eda Nacional del M\u00fasico.<\/p>\n<p>Impulsada en 2014 por el Instituto Nacional de la M\u00fasica (INAMU) y ratificada a trav\u00e9s de la Ley 27.106, la fecha tendr\u00e1 este a\u00f1o una extensa grilla de actividades que se llevar\u00e1n adelante, en simultaneo, a lo largo del pa\u00eds.<\/p>\n<p>Este mi\u00e9rcoles, el INAMU pondr\u00e1 en marcha charlas, talleres y presentaciones con entrada libre y gratuita, a cargo de artistas y especialistas de la disciplina.<\/p>\n<p><script async src=\"\/\/pagead2.googlesyndication.com\/pagead\/js\/adsbygoogle.js\"><\/script><br \/>\n<ins class=\"adsbygoogle\" style=\"display: block; text-align: center;\" data-ad-layout=\"in-article\" data-ad-format=\"fluid\" data-ad-client=\"ca-pub-2103671489020353\" data-ad-slot=\"7337250265\"><\/ins><br \/>\n<script>\n     (adsbygoogle = window.adsbygoogle || []).push({});\n<\/script><\/p>\n<p>\u201cEs una fecha especial donde ponemos de manifiesto tanto las condiciones en las que nos desarrollamos como las necesidades y problem\u00e1ticas de nuestra actividad, siempre intentando construir acciones para mejorar esta profesi\u00f3n que amamos\u201d, dicen desde el Instituto que preside Diego Boris. Y agregan: \u201cAdem\u00e1s, es un d\u00eda donde celebramos y homenajeamos a nuestros grandes referentes quienes nos incentivan y nos hacen so\u00f1ar con su maravillosa m\u00fasica\u201d.<\/p>\n<p>Entre los artistas que protagonizar\u00e1n las jornadas est\u00e1n previstas las participaciones, entre otros, de Bernardo Baraj, Miguel Cantilo, Andrea \u00c1lvarez, Claudio \u201cTano\u201d Marciello, Willy Quiroga, Neli Saporiti y Lucy Patan\u00e9.<\/p>\n<h3>El cronograma de actividades por el D\u00eda Nacional del M\u00fasico (mi\u00e9rcoles 23 de enero de 2019)<\/h3>\n<p><span style=\"color: #ff0000;\"><strong>Ciudad de Buenos Aires<\/strong><\/span><\/p>\n<p><strong>Charla interactiva + m\u00fasica en vivo:<\/strong><br \/>\n<strong>\u00abMi recorrido por el rock argentino\u00bb<\/strong><br \/>\n<strong>A cargo de Andrea \u00c1lvarez y Lonnie Hillyer<\/strong><br \/>\n18 a 20.30 hs. Lugar: The Cavern<br \/>\nDirecci\u00f3n: Av. Corrientes 1660 &#8211; CABA <a href=\"https:\/\/docs.google.com\/forms\/d\/e\/1FAIpQLSd70fCX0gn6DQ7T9B7ndPlFKvG-Mh8uNlhlAvQ0QUegb1GjiQ\/viewform\" target=\"_blank\" rel=\"noopener\">Formulario de inscripci\u00f3n<\/a><\/p>\n<p>Andrea \u00c1lvarez se presentar\u00e1 en el marco del \u201cD\u00eda del m\u00fasico\u201d organizado por INAMU. Este encuentro tendr\u00e1 el formato de charla \u2013 m\u00fasica en vivo y debate interactuando con el p\u00fablico presente. Andrea compartir\u00e1 su experiencia como m\u00fasica habiendo empezado de muy ni\u00f1a, como mujer en esta escena cuando hab\u00eda muy pocas, como sesionista de los artistas m\u00e1s importantes de la m\u00fasica local e internacional y como artista independiente desde su propio proyecto musical. Desde sus an\u00e9cdotas y reflexiones sobre su carrera, sobre la m\u00fasica y la vida en general abrir\u00e1 una puerta para poder debatir conceptos con las personas presentes que as\u00ed quieran hacerlo. Esta charla ser\u00e1 amenizada musicalmente por Andrea en bater\u00eda y Lonnie Hillyer en bajo.<\/p>\n<p><strong><span style=\"color: #ff0000;\">Salta<\/span><\/strong><\/p>\n<p><strong>Taller \u00abSin sonido no hay m\u00fasica\u00bb<\/strong><br \/>\n<strong>A cargo de Bernardo Baraj<\/strong><br \/>\n19 hs. Lugar: Hall del Teatro Provincial de Salta<br \/>\nDirecci\u00f3n: Zuvir\u00eda 70 \u2013 Ciudad de Salta<\/p>\n<p>El reconocido m\u00fasico saxofonista Bernardo Baraj compartir\u00e1 su experiencia luego de m\u00e1s de 50 a\u00f1os de profesi\u00f3n en el \u00e1mbito de la m\u00fasica popular (tango, jazz, folklore, rock). Este encuentro se centra los aspectos fundamentales que hacen a la producci\u00f3n del sonido en la relaci\u00f3n entre el saxof\u00f3n y el tango. Se observar\u00e1n conceptos como: la respiraci\u00f3n, la embocadura, el ataque y otros elementos como el vibrato. Estas nociones contribuyen a lograr una mejor expresi\u00f3n y un sonido fluido que ayudar\u00e1 a desarrollar los componentes que hacen a una buena ejecuci\u00f3n. Se recomienda llevar saxof\u00f3n para poner en pr\u00e1ctica los fundamentos referidos.<\/p>\n<p><strong><span style=\"color: #ff0000;\">San Juan<\/span><\/strong><\/p>\n<p><strong>Taller de Canto, Ritmo y Movimiento<\/strong><br \/>\n<strong>A cargo de Micaela Far\u00edas G\u00f3mez y Manuel Uriona (en percusi\u00f3n)<\/strong><br \/>\n20 hs. Lugar: Centro Cultural Conte Grand<br \/>\nDirecci\u00f3n: San Luis oeste 701 &#8211; Ciudad de San Juan<\/p>\n<p>Se trata de una actividad a cargo de la cantante Mica Far\u00edas Gomez, acompa\u00f1ada por Manu Uriona en percusi\u00f3n, quien propone un acercamiento vivencial (y brevemente te\u00f3rico) para incorporar herramientas de acceso al movimiento, la r\u00edtmica y la voz, utilizando como plataforma la chacarera, ritmo folkl\u00f3rico argentino, mediante t\u00e9cnicas de exploraci\u00f3n. Se propone generar un espacio de encuentro, intercambio y entrenamiento, focalizando en la transmisi\u00f3n directa, oral y corporal como concepto de integralidad.<\/p>\n<p><strong><span style=\"color: #ff0000;\">Mendoza<\/span><\/strong><\/p>\n<p><strong>Composici\u00f3n de canciones<\/strong><br \/>\n<strong>A cargo de Miguel Cantilo<\/strong><br \/>\n20 a 22 hs. Lugar: Julio LeParc (sala Tito Francia)<br \/>\nDirecci\u00f3n: Mitre y Godoy Cruz s\/n &#8211; San Jos\u00e9, Guaymallen, Mendoza<\/p>\n<p>El reconocido m\u00fasico de rock nacional Miguel Cantilo dar\u00e1 un taller sobre el acto de creaci\u00f3n del compositor: reflexiones sobre la escritura de canciones y an\u00e1lisis de letras destacadas, tem\u00e1ticas desarrolladas en el Manual de Formaci\u00f3n N\u00ba 3 del Instituto Nacional de la M\u00fasica \u201cM\u00e1s letra para nuestras letras\u201d. Adem\u00e1s, el presidente del INAMU, Diego Boris Macciocco, dar\u00e1 una breve introducci\u00f3n sobre las actividades que est\u00e1 llevando a cabo de Instituto.<\/p>\n<p><strong><span style=\"color: #ff0000;\">R\u00edo Negro<\/span><\/strong><\/p>\n<p><strong>Conversando con Willy Quiroga (Vox Dei)<\/strong><br \/>\n<strong>A cargo de Willy Quiroga<\/strong><br \/>\n19 hs. Lugar: Biblioteca Popular Carlos Guido y Spano<br \/>\nDirecci\u00f3n: Roca y 1\u00b0 junta &#8211; Cinco Saltos, R\u00edo Negro<\/p>\n<p>El legendario bajista de Vox Dei repasar\u00e1 toda su carrera y compartir\u00e1 sus vivencias en el camino de la m\u00fasica. Contar\u00e1 su experiencia en la composici\u00f3n y escritura de canciones, ensayos, como mantener una banda a lo largo del tiempo e interpretar\u00e1 canciones en vivo.<\/p>\n<p><strong><span style=\"color: #ff0000;\">Tucum\u00e1n<\/span><\/strong><\/p>\n<p><strong>Conversatorio \u00abHaciendo M\u00fasica desde la condici\u00f3n de G\u00e9nero\u00bb<\/strong><br \/>\n<strong>A cargo de Paula Rivera (vicepresidenta del INAMU)<\/strong><br \/>\n18 hs. Lugar: Sala Lola Mora<br \/>\nDirecci\u00f3n: San Martin 251 (PB) &#8211; San Miguel de Tucum\u00e1n<\/p>\n<p>Un espacio de reflexi\u00f3n y debate respecto la condici\u00f3n de hacer m\u00fasica con perspectiva de g\u00e9nero, con la participaci\u00f3n de m\u00fasicos y m\u00fasicas de la provincia de Tucum\u00e1n. A modo de conversatorio se trabajar\u00e1n 10 t\u00f3picos elegidos por los principales protagonistas de la actividad. Los mismos ser\u00e1n debatidos para reflexionar e intercambiar opiniones sobre el tema. Tambi\u00e9n se va a compartir por parte de realizadoras audiovisuales tucumanas un avance de un documental sobre las mujeres que hacen m\u00fasica en el noroeste argentino. Por \u00faltimo, se realizar\u00e1 un cierre de m\u00fasica en vivo de manera colectiva.<\/p>\n<p><span style=\"color: #ff0000;\"><strong>Neuqu\u00e9n<\/strong><\/span><\/p>\n<p><strong>Guitarra y charla con Claudio \u201cTano\u201d Marciello<\/strong><br \/>\n20 hs a 22 hs. Lugar: Casa de Cultura de Neuqu\u00e9n (Sala Alicia Fern\u00e1ndez Rego)<br \/>\nDirecci\u00f3n: Direcci\u00f3n: Vuelta de Obligado 50 \u2013 Ciudad de Neuqu\u00e9n<\/p>\n<p><strong><span style=\"color: #ff0000;\">Santiago del Estero<\/span><\/strong><\/p>\n<p><strong>Taller de Percusi\u00f3n<\/strong><br \/>\n<strong>A cargo de Vivi Pozzeb\u00f3n<\/strong><br \/>\n17 hs. Lugar: Retreta de la Plaza Libertad<br \/>\nDirecci\u00f3n: Avellaneda e Independencia \u2013 Ciudad de Santiago del Estero<\/p>\n<p>Se trata de un taller en el que se incursionar\u00e1 en distintos ritmos argentinos y afrolatinos acompa\u00f1ados de sus cantos y que finalizar\u00e1 con un ritual colectivo de tambores. Se recomienda traer instrumento de percusi\u00f3n (Bombo Leguero, Cajas, Djemb\u00e9, Congas, Bong\u00f3, Caj\u00f3n Peruano, Guiros, Maracas, otros) y traer ropa c\u00f3moda. No es necesario tener experiencia previa para participar de este taller.<\/p>\n<p><strong><span style=\"color: #ff0000;\">C\u00f3rdoba<\/span><\/strong><\/p>\n<p><strong>La Voz Cantada<\/strong><br \/>\n<strong>A cargo de Katie Viqueira<\/strong><br \/>\n19 hs. Lugar: Paseo del Buen Pastor<br \/>\nDirecci\u00f3n: Av. Hip\u00f3lito Yrigoyen 325 &#8211; Ciudad de C\u00f3rdoba<\/p>\n<p>Se trata de una actividad que acompa\u00f1a la publicaci\u00f3n del Manual N\u00b0 5 del Instituto Nacional de la M\u00fasica \u00abLa Voz Cantada\u00bb, que se llev\u00f3 a cabo para brindar herramientas tanto para cantantes profesionales, como para quienes se est\u00e1n iniciando en el canto.<\/p>\n<p><strong><span style=\"color: #ff0000;\">San Luis<\/span><\/strong><\/p>\n<p><strong>Taller: \u00ab\u00bfC\u00f3mo lograr una identidad sonora definida?\u201d<\/strong><br \/>\n<strong>A cargo de Lucy Patan\u00e9 y Natalia Perelman<\/strong><br \/>\n19 a 22 hs. Lugar: La Casa de la M\u00fasica, San Luis<br \/>\nDirecci\u00f3n: Comandante Videla 152 Villa Mercedes \u2013 San Luis<\/p>\n<p>Es un taller dirigido a m\u00fasicos\/as, t\u00e9cnicos\/as, productores y aficionados\/as de la m\u00fasica que invita a reflexionar sobre lo que \u00e9s una huella sonora en una obra discogr\u00e1fica, a reconocerla, trabajarla y plasmarla. A trav\u00e9s de un recorrido por proyectos propios y ajenos, las productoras Lucy Patan\u00e9 y Natalia Perelman abordar\u00e1n el tema de la identidad musical en la producci\u00f3n de un disco o EP, pasando por las etapas de composici\u00f3n, arreglos, pre-producci\u00f3n, grabaci\u00f3n y mezcla. Se analizar\u00e1n las ideas germinales de una canci\u00f3n o maquetas, las sesiones de grabaci\u00f3n y las de mezcla para apreciar la transformaci\u00f3n de una canci\u00f3n.<\/p>\n<p><strong><span style=\"color: #ff0000;\">Santa Fe<\/span><\/strong><\/p>\n<p><strong>\u201cLa M\u00fasica del Cuchi Leguizam\u00f3n\u201d<\/strong><br \/>\n<strong>A cargo de Neli Saporiti y Diego Rol\u00f3n<\/strong><br \/>\n19 hs. Lugar: Plataforma Lavard\u00e9n<br \/>\nDirecci\u00f3n: Mendoza 1085 \u2013 Rosario, Santa Fe<\/p>\n<p>El ingreso ser\u00e1 con entrada gratuita que se podr\u00e1n retirar 2 horas antes de la presentaci\u00f3n.<\/p>\n<p>El tema ser\u00e1 la m\u00fasica y la poes\u00eda de este gran referente del folklore, contenidas en el libro Coraz\u00f3n Alegre, publicado por el Instituto Nacional de la M\u00fasica. Se hablar\u00e1 especialmente sobre particularidades de la interpretaci\u00f3n en guitarra y canto, y se mostrar\u00e1n ejemplos de las mismas.<\/p>\n<p><strong><span style=\"color: #ff0000;\">Entre R\u00edos<\/span><\/strong><\/p>\n<p><strong>\u201cTaller de Canto y Percusi\u00f3n\u201d<\/strong><br \/>\n<strong>A cargo de Mariana Baraj<\/strong><br \/>\n17 a 20 hs. Lugar: Casa de la Cultura de Entre R\u00edos<br \/>\nDirecci\u00f3n: Carb\u00f3 194 \u2013 Paran\u00e1, Entre R\u00edos<\/p>\n<p>Un encuentro orientado a toda persona con inquietudes art\u00edsticas donde el eje del trabajo consiste en ejercitar la independencia para poder tocar y cantar. El objetivo es el de fomentar y estimular el acercamiento a la m\u00fasica desde un lugar genuino y org\u00e1nico suministrando a los asistentes los elementos para que experimentaci\u00f3n mediante puedan aplicar lo aprendido a la m\u00fasica. Los ejercicios tendr\u00e1n diferentes enfoques y se expondr\u00e1n sobre repertorio folkl\u00f3rico de Argentina (canto con caja y Recopilaciones de Leda Valladares principalmente), m\u00e9tricas irregulares y ensamble vocal e instrumental. No es necesario tener experiencia previa y no hay l\u00edmite de edad, sin embargo, se recomienda asistir con alg\u00fan elemento de percusi\u00f3n, tambor o accesorio.<\/p>\n","protected":false},"excerpt":{"rendered":"<p>Ya es el quinto a\u00f1o en el que los m\u00fasicos del pa\u00eds tienen un d\u00eda especial para celebrar su actividad. Todos los 23 de enero, en sinton\u00eda con la fecha de nacimiento de Luis Alberto Spinetta, los artistas argentinos festejan el D\u00eda Nacional del M\u00fasico. Impulsada en 2014 por el Instituto Nacional de la M\u00fasica [&hellip;]<\/p>\n","protected":false},"author":1,"featured_media":2527,"comment_status":"open","ping_status":"open","sticky":false,"template":"","format":"standard","meta":{"footnotes":""},"categories":[3],"tags":[175,32,149,111],"class_list":["post-2526","post","type-post","status-publish","format-standard","has-post-thumbnail","hentry","category-noticias","tag-dia-nacional-del-musico","tag-featured","tag-inamu","tag-tango"],"_links":{"self":[{"href":"https:\/\/www.fracturaexpuesta.com.ar\/tango\/wp-json\/wp\/v2\/posts\/2526","targetHints":{"allow":["GET"]}}],"collection":[{"href":"https:\/\/www.fracturaexpuesta.com.ar\/tango\/wp-json\/wp\/v2\/posts"}],"about":[{"href":"https:\/\/www.fracturaexpuesta.com.ar\/tango\/wp-json\/wp\/v2\/types\/post"}],"author":[{"embeddable":true,"href":"https:\/\/www.fracturaexpuesta.com.ar\/tango\/wp-json\/wp\/v2\/users\/1"}],"replies":[{"embeddable":true,"href":"https:\/\/www.fracturaexpuesta.com.ar\/tango\/wp-json\/wp\/v2\/comments?post=2526"}],"version-history":[{"count":7,"href":"https:\/\/www.fracturaexpuesta.com.ar\/tango\/wp-json\/wp\/v2\/posts\/2526\/revisions"}],"predecessor-version":[{"id":2534,"href":"https:\/\/www.fracturaexpuesta.com.ar\/tango\/wp-json\/wp\/v2\/posts\/2526\/revisions\/2534"}],"wp:featuredmedia":[{"embeddable":true,"href":"https:\/\/www.fracturaexpuesta.com.ar\/tango\/wp-json\/wp\/v2\/media\/2527"}],"wp:attachment":[{"href":"https:\/\/www.fracturaexpuesta.com.ar\/tango\/wp-json\/wp\/v2\/media?parent=2526"}],"wp:term":[{"taxonomy":"category","embeddable":true,"href":"https:\/\/www.fracturaexpuesta.com.ar\/tango\/wp-json\/wp\/v2\/categories?post=2526"},{"taxonomy":"post_tag","embeddable":true,"href":"https:\/\/www.fracturaexpuesta.com.ar\/tango\/wp-json\/wp\/v2\/tags?post=2526"}],"curies":[{"name":"wp","href":"https:\/\/api.w.org\/{rel}","templated":true}]}}