{"id":2540,"date":"2019-01-28T19:34:27","date_gmt":"2019-01-28T19:34:27","guid":{"rendered":"http:\/\/www.fracturaexpuesta.com.ar\/tango\/?p=2540"},"modified":"2019-01-29T18:19:22","modified_gmt":"2019-01-29T18:19:22","slug":"julian-peralta-hay-muchos-colegas-haciendo-musica-interesantisima-investigando-y-defendiendo-al-tango","status":"publish","type":"post","link":"https:\/\/www.fracturaexpuesta.com.ar\/tango\/julian-peralta-hay-muchos-colegas-haciendo-musica-interesantisima-investigando-y-defendiendo-al-tango\/","title":{"rendered":"Juli\u00e1n Peralta: \u00abHay muchos colegas haciendo m\u00fasica interesant\u00edsima, investigando y defendiendo al tango\u00bb"},"content":{"rendered":"<p><strong>\u00bfUn disco, un libro, una pel\u00edcula?<\/strong><\/p>\n<p><em>Guitarra negra<\/em>, de Alfredo Zitarrosa.<br \/>\n<em>El Aleph<\/em>, de Jorge Luis Borges.<br \/>\n<em>So\u00f1ar so\u00f1ar<\/em>, de Leonardo Favio. O tambi\u00e9n puede ser alguna pel\u00edcula \u201cpochoclera\u201d de turno.<\/p>\n<p><strong>\u00bfUn tango imprescindible?<\/strong><\/p>\n<p>\u201cZum\u201d, de Astor Piazzolla.<\/p>\n<p><strong>\u00bfQu\u00e9 artista o disco recomienda para conocer lo que suena hoy en el tango?<\/strong><\/p>\n<p>Hay muchos colegas que est\u00e1n haciendo m\u00fasica interesant\u00edsima, investigando profundamente y defendiendo al tango. Recomiendo arrancar por el Quinteto Criollo Gonz\u00e1lez Calo.<\/p>\n<p><strong>\u00bfUn referente cl\u00e1sico que no hay que dejar de escuchar?<\/strong><\/p>\n<p>Osvaldo Pugliese.<\/p>\n<p><script async src=\"\/\/pagead2.googlesyndication.com\/pagead\/js\/adsbygoogle.js\"><\/script><br \/>\n<ins class=\"adsbygoogle\" style=\"display: block; text-align: center;\" data-ad-layout=\"in-article\" data-ad-format=\"fluid\" data-ad-client=\"ca-pub-2103671489020353\" data-ad-slot=\"7337250265\"><\/ins><br \/>\n<script>\n     (adsbygoogle = window.adsbygoogle || []).push({});\n<\/script><\/p>\n<p><strong>\u00bfC\u00f3mo y cu\u00e1ndo oye m\u00fasica? \u00bfVinilo, CD, mp3 o plataformas digitales?<\/strong><\/p>\n<p>Escucho cuando alg\u00fan m\u00fasico me pasa algo para escuchar, en alguna reuni\u00f3n con amigos. Todos los formatos son bienvenidos.<\/p>\n<p><strong>\u00bfQu\u00e9 ama del tango? <\/strong><\/p>\n<p>La posibilidad de comunicaci\u00f3n que habilita.<\/p>\n<p><strong>\u00bfQu\u00e9 detesta del tango? <\/strong><\/p>\n<p>Los dogmas.<\/p>\n<p><strong>Si no se dedicara al tango \u00bfser\u00eda\u2026?<\/strong><\/p>\n<p>Linyera.<\/p>\n<p><strong>\u00bfCu\u00e1l fue su \u00faltimo sue\u00f1o?<\/strong><\/p>\n<p>A los 9 a\u00f1os so\u00f1\u00e9 con un camello cruzando la barrera de Amenedo, en Adrogu\u00e9. Todo lo que vino despu\u00e9s, en materia de sue\u00f1os, es olvido.<\/p>\n<p><strong>Diga lo que tenga ganas de expresar en este momento\u2026<\/strong><\/p>\n<p>Deber\u00eda charlar con mi analista el tema de no recordar los sue\u00f1os. Deber\u00eda conseguir un analista.<\/p>\n<p><iframe loading=\"lazy\" src=\"https:\/\/www.youtube.com\/embed\/SOaAHO3VznM\" width=\"560\" height=\"315\" frameborder=\"0\" allowfullscreen=\"allowfullscreen\"><\/iframe><\/p>\n<p><iframe loading=\"lazy\" src=\"https:\/\/www.youtube.com\/embed\/ixSecmg3geY\" width=\"560\" height=\"315\" frameborder=\"0\" allowfullscreen=\"allowfullscreen\"><\/iframe><\/p>\n","protected":false},"excerpt":{"rendered":"<p>\u00bfUn disco, un libro, una pel\u00edcula? Guitarra negra, de Alfredo Zitarrosa. El Aleph, de Jorge Luis Borges. So\u00f1ar so\u00f1ar, de Leonardo Favio. O tambi\u00e9n puede ser alguna pel\u00edcula \u201cpochoclera\u201d de turno. \u00bfUn tango imprescindible? \u201cZum\u201d, de Astor Piazzolla. \u00bfQu\u00e9 artista o disco recomienda para conocer lo que suena hoy en el tango? Hay muchos colegas [&hellip;]<\/p>\n","protected":false},"author":1,"featured_media":2541,"comment_status":"open","ping_status":"open","sticky":false,"template":"","format":"standard","meta":{"footnotes":""},"categories":[159],"tags":[32,177,111],"class_list":["post-2540","post","type-post","status-publish","format-standard","has-post-thumbnail","hentry","category-cuestionario-fractura-expuesta","tag-featured","tag-julian-peralta","tag-tango"],"_links":{"self":[{"href":"https:\/\/www.fracturaexpuesta.com.ar\/tango\/wp-json\/wp\/v2\/posts\/2540","targetHints":{"allow":["GET"]}}],"collection":[{"href":"https:\/\/www.fracturaexpuesta.com.ar\/tango\/wp-json\/wp\/v2\/posts"}],"about":[{"href":"https:\/\/www.fracturaexpuesta.com.ar\/tango\/wp-json\/wp\/v2\/types\/post"}],"author":[{"embeddable":true,"href":"https:\/\/www.fracturaexpuesta.com.ar\/tango\/wp-json\/wp\/v2\/users\/1"}],"replies":[{"embeddable":true,"href":"https:\/\/www.fracturaexpuesta.com.ar\/tango\/wp-json\/wp\/v2\/comments?post=2540"}],"version-history":[{"count":5,"href":"https:\/\/www.fracturaexpuesta.com.ar\/tango\/wp-json\/wp\/v2\/posts\/2540\/revisions"}],"predecessor-version":[{"id":2550,"href":"https:\/\/www.fracturaexpuesta.com.ar\/tango\/wp-json\/wp\/v2\/posts\/2540\/revisions\/2550"}],"wp:featuredmedia":[{"embeddable":true,"href":"https:\/\/www.fracturaexpuesta.com.ar\/tango\/wp-json\/wp\/v2\/media\/2541"}],"wp:attachment":[{"href":"https:\/\/www.fracturaexpuesta.com.ar\/tango\/wp-json\/wp\/v2\/media?parent=2540"}],"wp:term":[{"taxonomy":"category","embeddable":true,"href":"https:\/\/www.fracturaexpuesta.com.ar\/tango\/wp-json\/wp\/v2\/categories?post=2540"},{"taxonomy":"post_tag","embeddable":true,"href":"https:\/\/www.fracturaexpuesta.com.ar\/tango\/wp-json\/wp\/v2\/tags?post=2540"}],"curies":[{"name":"wp","href":"https:\/\/api.w.org\/{rel}","templated":true}]}}