{"id":2570,"date":"2019-02-06T21:37:43","date_gmt":"2019-02-06T21:37:43","guid":{"rendered":"http:\/\/www.fracturaexpuesta.com.ar\/tango\/?p=2570"},"modified":"2019-02-07T03:28:30","modified_gmt":"2019-02-07T03:28:30","slug":"brutal-golpiza-de-la-policia-al-musico-de-tango-damian-carracedo","status":"publish","type":"post","link":"https:\/\/www.fracturaexpuesta.com.ar\/tango\/brutal-golpiza-de-la-policia-al-musico-de-tango-damian-carracedo\/","title":{"rendered":"Brutal golpiza de la polic\u00eda al m\u00fasico de tango Dami\u00e1n Carracedo"},"content":{"rendered":"<p>A trav\u00e9s de un comunicado difundido por la Coordinadora Contra la Represi\u00f3n Policial e Institucional (CORREPI), familiares y organizaciones de la localidad bonaerense de San Cayetano -cercana a Necochea- denunciaron una salvaje golpiza por parte de polic\u00edas del Operativo Sol al m\u00fasico de tango Dami\u00e1n Carracedo.<\/p>\n<p>Carracedo es pianista y compositor de Finisterre Tango y forma parte tambi\u00e9n del grupo Juan Seren y los \u00faltimos floristas.<\/p>\n<p>El hecho ocurri\u00f3 en el balneario San Cayetano, por la madrugada, y la brutal golpiza le provoc\u00f3 fracturas en el maxilar inferior y en la mu\u00f1eca, junto a traumatismos en su cabeza y costillas. El m\u00fasico qued\u00f3 internado.<\/p>\n<p><script async src=\"\/\/pagead2.googlesyndication.com\/pagead\/js\/adsbygoogle.js\"><\/script><br \/>\n<ins class=\"adsbygoogle\" style=\"display: block; text-align: center;\" data-ad-layout=\"in-article\" data-ad-format=\"fluid\" data-ad-client=\"ca-pub-2103671489020353\" data-ad-slot=\"7337250265\"><\/ins><br \/>\n<script>\n     (adsbygoogle = window.adsbygoogle || []).push({});\n<\/script><\/p>\n<p>Seg\u00fan public\u00f3 el diario <em>P\u00e1gina\/12<\/em> luego de conversar con la novia del agredido, todo comenz\u00f3 en la puerta de un boliche cuando Carracedo fue interceptado junto con tres amigos por agentes de la Polic\u00eda Bonaerense que no se identificaron y les pidieron documentos. Tras entregar la documentaci\u00f3n, los j\u00f3venes fueron provocados y agredidos por los uniformados y se refugiaron en el local bailable.<\/p>\n<p>Roc\u00edo Dubrovsky, la novia de Dami\u00e1n, cont\u00f3 asimismo que, una vez que se retiraron del lugar, los polic\u00edas continuaron con la agresi\u00f3n y\u00a0 \u00abprovocaron y corrieron\u201d a Carracedo. \u201cSe entreg\u00f3 y le siguieron pegando\u201d, dijo la pareja del m\u00fasico. El pianista habr\u00eda sido agredido por, al menos, tres polic\u00edas.<\/p>\n<p>Organizaciones sociales y gremiales, partidos pol\u00edticos, la comunidad educativa de la Escuela de M\u00fasica Popular de Avellaneda y numerosos artistas del movimiento de tango, entre otros, manifestaron su repudio tras el ataque al compositor.<\/p>\n<p>El cantautor Juan Seren, compa\u00f1ero del m\u00fasico en uno de sus grupos, conden\u00f3 la brutalidad policial: \u201cEstamos muy tristes y con mucha bronca que desparramamos aborreciendo a los canas de mierda que le hicieron esto. Deseamos la pronta recuperaci\u00f3n de nuestro amigo y exigimos justicia para \u00e9l\u201d.<\/p>\n<figure id=\"attachment_2582\" aria-describedby=\"caption-attachment-2582\" style=\"width: 539px\" class=\"wp-caption aligncenter\"><img loading=\"lazy\" decoding=\"async\" class=\"size-full wp-image-2582\" src=\"https:\/\/www.fracturaexpuesta.com.ar\/tango\/wp-content\/uploads\/damian-carracedo-2.jpg\" alt=\"\" width=\"539\" height=\"960\" srcset=\"https:\/\/www.fracturaexpuesta.com.ar\/tango\/wp-content\/uploads\/damian-carracedo-2.jpg 539w, https:\/\/www.fracturaexpuesta.com.ar\/tango\/wp-content\/uploads\/damian-carracedo-2-168x300.jpg 168w\" sizes=\"auto, (max-width: 539px) 100vw, 539px\" \/><figcaption id=\"caption-attachment-2582\" class=\"wp-caption-text\">Foto: Facebook de Dami\u00e1n Carracedo.<\/figcaption><\/figure>\n<p><span style=\"color: #ff0000;\"><strong>El comunicado completo <\/strong><\/span><\/p>\n<p>El pasado domingo 3 de febrero en el balneario de San Cayetano, en horas de la madrugada varios polic\u00edas del Operativo Sol junto con polic\u00edas de San Cayetano atacaron injustificadamente y en patota a Damian Carracedo, golpe\u00e1ndolo salvajemente, tir\u00e1ndolo al suelo, peg\u00e1ndole pi\u00f1as y patadas hasta casi dejarlo inconsciente. C\u00f3mo producto de esto sufri\u00f3 una fractura de maxilar inferior y otra en la mu\u00f1eca, entre muchos otros traumatismos en su cabeza y costillas.<\/p>\n<p>Cabe mencionar que el Operativo Sol se enmarca en un plan de la Provincia de Buenos Aires supuestamente dirigido a garantizar seguridad a quienes veranean en sus costas, siendo responsable la gobernadora Mar\u00eda Eugenia Vidal, y su Ministro de Seguridad Cristian Ritondo.<\/p>\n<p>Ante estos aberrantes hechos la \u00fanica respuesta por parte de las autoridades del municipio fue seguir perjudicando a Dami\u00e1n y su familia, volviendo a ejercer violencia en m\u00faltiples formas:<\/p>\n<p>La polic\u00eda lo traslad\u00f3 a la salita y al puesto policial del Balneario de San Cayetano esposado tirado en la caja de una camioneta. La polic\u00eda le neg\u00f3 la posibilidad de ser higienizado, permaneciendo muchas horas ensangrentado y sucio por la golpiza.<\/p>\n<p>Ning\u00fan miembro de su familia fue informado de lo sucedido, enter\u00e1ndose por casualidad y m\u00e1s de 10 horas despu\u00e9s de lo que hab\u00eda ocurrido.<\/p>\n<p>En el hospital de San Cayetano, el Dr. Mario Esper Mendez no lo evalu\u00f3 en profundidad en primera instancia a pesar del pedido de Dami\u00e1n, quien solicitaba placas radiogr\u00e1ficas porque sent\u00eda el dolor que le provocaba la fractura; y reci\u00e9n luego de 9 horas de sucedidos los hechos y ante la insistencia de Dami\u00e1n, se lo evalu\u00f3 correctamente determinando la fractura.<\/p>\n<p>El director del hospital de San Cayetano, Ricardo Gonz\u00e1lez, le neg\u00f3 el trasladado necesario a un hospital de mayor complejidad en donde poder realizar los estudios y procedimientos necesarios para el nivel de lesiones que est\u00e1 padeciendo. De hecho pasaron m\u00e1s de 24 horas para que logre ser trasladado a un hospital en donde cuenten con tom\u00f3grafo que pueda ayudar a descartar si el severo traumatismo que le ocasionaron los golpes gener\u00f3 da\u00f1o en su cerebro. A todo esto el hospital de San Cayetano tuvo durante todo el tiempo una ambulancia estacionada en sus instalaciones, negando sistem\u00e1ticamente el traslado.<\/p>\n<p>A la represi\u00f3n sufrida por Dami\u00e1n se sum\u00f3 la criminalizaci\u00f3n con la apertura de una causa por resistencia a la autoridad, t\u00edpica figura usada para encubrir a la polic\u00eda, responsabilizando por las lesiones a la propia v\u00edctima.<\/p>\n<p>Ante esta vulneraci\u00f3n terrible de los derechos, el Intendente de San Cayetano en ning\u00fan momento dio respuesta. Su silencio no hace m\u00e1s que legitimar estas pr\u00e1cticas propias de los momentos m\u00e1s oscuros de nuestra historia, pero que hoy cuentan con plena vigencia.<\/p>\n<p>En un pa\u00eds en el que las fuerzas represivas matan a un pibe por d\u00eda mediante la ya conocida pr\u00e1ctica del gatillo f\u00e1cil, San Cayetano no es una excepci\u00f3n a esta situaci\u00f3n. El pueblo que buscan mantener prolijo y en orden, en el que la alianza cambiemos gan\u00f3 con el 75% de los votos, es cuna de sistem\u00e1ticos hechos de violencia hacia nuestrxs j\u00f3venes.<\/p>\n<p>Repudiamos los hechos de violencia que se vienen sucediendo en el pueblo y el balneario de San Cayetano. Hacemos cargo directamente a la gobernadora Mar\u00eda Eugenia Vidal, al intendente de San Cayetano Miguel \u00c1ngel Gargaglione y al coordinador de seguridad Guillermo Devincenti, al comisario a cargo Emilio L\u00f3pez de lo sucedido, por no tomar las medidas necesarias para que las calles de nuestro pueblo puedan ser transitadas con tranquilidad. Y hacemos responsables a los arriba mencionados y al comisario Pablo Campo (de vacaciones en esa fecha); de cualquier otro episodio de violencia y vulneraci\u00f3n de derechos que se sucedan pr\u00f3ximamente.<\/p>\n<p>La familia radic\u00f3 la denuncia correspondiente en la UFI N\u00famero 3 de Necochea, a cargo del Dr. Guillermo Sabatini.<\/p>\n<p>Agradecemos la solidaridad de cientos de vecinos y vecinas de San Cayetano, de Mar del Plata, de Necochea y Buenos Aires que se preocuparon desde un primer momento por el estado de salud de Dami\u00e1n manifestando enojo ante esta injusticia. Tambi\u00e9n agradecemos el profesionalismo y responsabilidad con que<br \/>\nla Dra. Graciela Casares, el Dr. Ezequiel Fainberg y las enfermeras atendieron a Dami\u00e1n.<\/p>\n<p>Hoy las y los sancayetanenses caminamos con miedo.<br \/>\n\u00a1Basta de represi\u00f3n y persecuci\u00f3n!<\/p>\n<p><em>Les Violetas \u2013 Colectivo Feminista de San Cayetano<br \/>\nColectiva Feminista de Adolfo Gonz\u00e1les Chaves<br \/>\nESCA (Educadores de San Cayetano Asociados)<br \/>\nVecinos y vecinas de San Cayetano, Mar del Plata, Necochea y Buenos Aires<\/em><\/p>\n","protected":false},"excerpt":{"rendered":"<p>A trav\u00e9s de un comunicado difundido por la Coordinadora Contra la Represi\u00f3n Policial e Institucional (CORREPI), familiares y organizaciones de la localidad bonaerense de San Cayetano -cercana a Necochea- denunciaron una salvaje golpiza por parte de polic\u00edas del Operativo Sol al m\u00fasico de tango Dami\u00e1n Carracedo. Carracedo es pianista y compositor de Finisterre Tango y [&hellip;]<\/p>\n","protected":false},"author":1,"featured_media":2571,"comment_status":"open","ping_status":"open","sticky":false,"template":"","format":"standard","meta":{"footnotes":""},"categories":[3],"tags":[178,179,169,111],"class_list":["post-2570","post","type-post","status-publish","format-standard","has-post-thumbnail","hentry","category-noticias","tag-damian-carracedo","tag-finisterre-tango","tag-juan-seren","tag-tango"],"_links":{"self":[{"href":"https:\/\/www.fracturaexpuesta.com.ar\/tango\/wp-json\/wp\/v2\/posts\/2570","targetHints":{"allow":["GET"]}}],"collection":[{"href":"https:\/\/www.fracturaexpuesta.com.ar\/tango\/wp-json\/wp\/v2\/posts"}],"about":[{"href":"https:\/\/www.fracturaexpuesta.com.ar\/tango\/wp-json\/wp\/v2\/types\/post"}],"author":[{"embeddable":true,"href":"https:\/\/www.fracturaexpuesta.com.ar\/tango\/wp-json\/wp\/v2\/users\/1"}],"replies":[{"embeddable":true,"href":"https:\/\/www.fracturaexpuesta.com.ar\/tango\/wp-json\/wp\/v2\/comments?post=2570"}],"version-history":[{"count":11,"href":"https:\/\/www.fracturaexpuesta.com.ar\/tango\/wp-json\/wp\/v2\/posts\/2570\/revisions"}],"predecessor-version":[{"id":2584,"href":"https:\/\/www.fracturaexpuesta.com.ar\/tango\/wp-json\/wp\/v2\/posts\/2570\/revisions\/2584"}],"wp:featuredmedia":[{"embeddable":true,"href":"https:\/\/www.fracturaexpuesta.com.ar\/tango\/wp-json\/wp\/v2\/media\/2571"}],"wp:attachment":[{"href":"https:\/\/www.fracturaexpuesta.com.ar\/tango\/wp-json\/wp\/v2\/media?parent=2570"}],"wp:term":[{"taxonomy":"category","embeddable":true,"href":"https:\/\/www.fracturaexpuesta.com.ar\/tango\/wp-json\/wp\/v2\/categories?post=2570"},{"taxonomy":"post_tag","embeddable":true,"href":"https:\/\/www.fracturaexpuesta.com.ar\/tango\/wp-json\/wp\/v2\/tags?post=2570"}],"curies":[{"name":"wp","href":"https:\/\/api.w.org\/{rel}","templated":true}]}}