{"id":2585,"date":"2019-02-15T11:02:21","date_gmt":"2019-02-15T11:02:21","guid":{"rendered":"http:\/\/www.fracturaexpuesta.com.ar\/tango\/?p=2585"},"modified":"2019-02-18T01:22:13","modified_gmt":"2019-02-18T01:22:13","slug":"abre-una-nueva-convocatoria-de-la-orquesta-escuela-emilio-balcarce","status":"publish","type":"post","link":"https:\/\/www.fracturaexpuesta.com.ar\/tango\/abre-una-nueva-convocatoria-de-la-orquesta-escuela-emilio-balcarce\/","title":{"rendered":"Abre una nueva convocatoria de la Orquesta Escuela Emilio Balcarce"},"content":{"rendered":"\n<p class=\"wp-block-paragraph\">La Orquesta Escuela de Tango Emilio Balcarce abri\u00f3 una nueva convocatoria a m\u00fasicos que quieran participar del espacio de formaci\u00f3n en estilos musicales de tango. <\/p>\n\n\n\n<p class=\"wp-block-paragraph\">La inscripci\u00f3n y postulaci\u00f3n es para ocupar los puestos de int\u00e9rpretes de bandone\u00f3n, viola, viol\u00edn, cello, contrabajo y piano. Podr\u00e1n ser parte m\u00fasicos de hasta 35 a\u00f1os, inclusive.<\/p>\n\n\n\n<p class=\"wp-block-paragraph\">La inscripci\u00f3n comenz\u00f3 el 11 de febrero y se extender\u00e1 hasta el 20 de marzo, mientras que el periodo de audiciones est\u00e1 previsto desde el 21 hasta el 29 de marzo.<\/p>\n\n\n\n<p class=\"wp-block-paragraph\">Los interesados que quieran formar parte de la 15\u00ba camada de la orquesta podr\u00e1n solicitar los requerimientos a trav\u00e9s de <em>aditoro@tangovia.org<\/em><\/p>\n\n\n<p><script async=\"\" src=\"\/\/pagead2.googlesyndication.com\/pagead\/js\/adsbygoogle.js\"><\/script><br>\n<ins class=\"adsbygoogle\" style=\"display: block; text-align: center;\" data-ad-layout=\"in-article\" data-ad-format=\"fluid\" data-ad-client=\"ca-pub-2103671489020353\" data-ad-slot=\"7337250265\"><\/ins><br>\n<script><br \/>\n     (adsbygoogle = window.adsbygoogle || []).push({});<br \/>\n<\/script><\/p>\n\n\n<p class=\"wp-block-paragraph\"><\/p>\n\n\n\n<p class=\"wp-block-paragraph\">La Orquesta Escuela de Tango Emilio Balcarce es una iniciativa pedag\u00f3gica creada en el a\u00f1o 2000 que propicia la reuni\u00f3n de distintas generaciones de m\u00fasicos, posibilitando la transmisi\u00f3n del legado cultural de los grandes maestros. <\/p>\n\n\n\n<p class=\"wp-block-paragraph\">En \u201cLa Balcarce\u201d, los estudiantes tienen la oportunidad de tocar los arreglos originales de las orquestas de los a\u00f1os &#8217;40 y &#8217;50, aprendiendo de la mano de los m\u00fasicos de aquella \u00e9poca -que hoy siguen en actividad- y asimilando contenidos a trav\u00e9s de la experiencia de importantes profesionales de la nueva generaci\u00f3n.<\/p>\n\n\n\n<p class=\"wp-block-paragraph\">Actualmente, la direcci\u00f3n del cuerpo est\u00e1 a cargo de V\u00edctor Lavall\u00e9n y la direcci\u00f3n art\u00edstica es de Ignacio Varchausky.<\/p>\n\n\n<p><iframe loading=\"lazy\" width=\"560\" height=\"315\" src=\"https:\/\/www.youtube.com\/embed\/-NXkYH7zt8I\" frameborder=\"0\" allow=\"accelerometer; autoplay; encrypted-media; gyroscope; picture-in-picture\" allowfullscreen=\"\"><\/iframe><\/p>","protected":false},"excerpt":{"rendered":"<p>La inscripci\u00f3n se extiende hasta el 20 de marzo.<\/p>\n","protected":false},"author":1,"featured_media":2621,"comment_status":"open","ping_status":"open","sticky":false,"template":"","format":"standard","meta":{"footnotes":""},"categories":[5],"tags":[32,182,111],"class_list":["post-2585","post","type-post","status-publish","format-standard","has-post-thumbnail","hentry","category-buzon","tag-featured","tag-orquesta-escuela-de-tango-emilio-balcarce","tag-tango"],"_links":{"self":[{"href":"https:\/\/www.fracturaexpuesta.com.ar\/tango\/wp-json\/wp\/v2\/posts\/2585","targetHints":{"allow":["GET"]}}],"collection":[{"href":"https:\/\/www.fracturaexpuesta.com.ar\/tango\/wp-json\/wp\/v2\/posts"}],"about":[{"href":"https:\/\/www.fracturaexpuesta.com.ar\/tango\/wp-json\/wp\/v2\/types\/post"}],"author":[{"embeddable":true,"href":"https:\/\/www.fracturaexpuesta.com.ar\/tango\/wp-json\/wp\/v2\/users\/1"}],"replies":[{"embeddable":true,"href":"https:\/\/www.fracturaexpuesta.com.ar\/tango\/wp-json\/wp\/v2\/comments?post=2585"}],"version-history":[{"count":14,"href":"https:\/\/www.fracturaexpuesta.com.ar\/tango\/wp-json\/wp\/v2\/posts\/2585\/revisions"}],"predecessor-version":[{"id":2662,"href":"https:\/\/www.fracturaexpuesta.com.ar\/tango\/wp-json\/wp\/v2\/posts\/2585\/revisions\/2662"}],"wp:featuredmedia":[{"embeddable":true,"href":"https:\/\/www.fracturaexpuesta.com.ar\/tango\/wp-json\/wp\/v2\/media\/2621"}],"wp:attachment":[{"href":"https:\/\/www.fracturaexpuesta.com.ar\/tango\/wp-json\/wp\/v2\/media?parent=2585"}],"wp:term":[{"taxonomy":"category","embeddable":true,"href":"https:\/\/www.fracturaexpuesta.com.ar\/tango\/wp-json\/wp\/v2\/categories?post=2585"},{"taxonomy":"post_tag","embeddable":true,"href":"https:\/\/www.fracturaexpuesta.com.ar\/tango\/wp-json\/wp\/v2\/tags?post=2585"}],"curies":[{"name":"wp","href":"https:\/\/api.w.org\/{rel}","templated":true}]}}