{"id":2594,"date":"2019-02-12T18:24:41","date_gmt":"2019-02-12T18:24:41","guid":{"rendered":"http:\/\/www.fracturaexpuesta.com.ar\/tango\/?p=2594"},"modified":"2019-02-18T01:23:48","modified_gmt":"2019-02-18T01:23:48","slug":"impresiones-portenas-lo-nuevo-de-la-orquesta-de-tango-de-la-una","status":"publish","type":"post","link":"https:\/\/www.fracturaexpuesta.com.ar\/tango\/impresiones-portenas-lo-nuevo-de-la-orquesta-de-tango-de-la-una\/","title":{"rendered":"\u201cImpresiones porte\u00f1as\u201d, lo nuevo de la Orquesta de Tango de la UNA"},"content":{"rendered":"\n<p class=\"wp-block-paragraph\">Lanzado en formato digital, <em>Impresiones porte\u00f1as<\/em> es el tercer disco de la Orquesta de Tango de la Universidad Nacional de las Artes (UNA), una formaci\u00f3n integrada por estudiantes y j\u00f3venes m\u00fasicos que evoca la sonoridad de las grandes orquestas t\u00edpicas con una est\u00e9tica renovadora.<\/p>\n\n\n\n<p class=\"wp-block-paragraph\">Luego de <em>Rejunte<\/em> (2015), que obtuvo el Premio Gardel como \u00abMejor Nuevo Artista de Tango\u00bb, y <em>Mixturas<\/em> (2016), nominado a los premios <em>Latin Grammy<\/em>, ahora la orquesta presenta un disco que \u201cpropone explorar nuevas sonoridades con aproximaciones sinf\u00f3nicas y composiciones originales\u201d, bajo la direcci\u00f3n del pianista Ariel Pirotti y con la voz de Lautaro Mazza.<\/p>\n\n\n<p>\n<script src=\"\/\/pagead2.googlesyndication.com\/pagead\/js\/adsbygoogle.js\" async=\"\"><\/script><br>\n<br><ins class=\"adsbygoogle\" style=\"display: block; text-align: center;\" data-ad-layout=\"in-article\" data-ad-format=\"fluid\" data-ad-client=\"ca-pub-2103671489020353\" data-ad-slot=\"7337250265\"><\/ins><br>\n<script><br \/>\n     (adsbygoogle = window.adsbygoogle || []).push({});<br \/>\n<\/script>\n<\/p>\n\n\n<p class=\"wp-block-paragraph\"><\/p>\n\n\n\n<p class=\"wp-block-paragraph\"><em>Impresiones porte\u00f1as<\/em> incluye cl\u00e1sicos del g\u00e9nero como \u201cEl ultimo caf\u00e9\u201d o \u201cSoledad\u201d junto a \u00abRetazos Troileanos\u00bb, una aproximaci\u00f3n de Pirotti -en tres partes- a la obra del legendario bandoneonista y compositor. <\/p>\n\n\n\n<p class=\"wp-block-paragraph\">\u201cLa obra original de Troilo, o mejor dicho retazos de la misma, es tomada como materia prima para la construcci\u00f3n de un nuevo lenguaje. No se trata de un arreglo o de un popurr\u00ed\u201d, aclara Pirotti para encuadrar su trabajo de rearmado y creaci\u00f3n a partir de la obra de \u00abPichuco\u00bb.<\/p>\n\n\n\n<p class=\"wp-block-paragraph\">El disco ya se puede escuchar a <a rel=\"noreferrer noopener\" aria-label=\"trav\u00e9s de la plataforma Spotify (abre en una nueva pesta\u00f1a)\" href=\"https:\/\/open.spotify.com\/album\/3aWH1R2auSEpQaZ0oRjaoS\" target=\"_blank\">trav\u00e9s de la plataforma Spotify<\/a> al tiempo que se anunci\u00f3 asimismo la pr\u00f3xima salida en formato f\u00edsico del material.<\/p>\n\n\n<p><iframe loading=\"lazy\" src=\"https:\/\/www.youtube.com\/embed\/72iCBJT2ihc\" width=\"560\" height=\"315\" frameborder=\"0\" allowfullscreen=\"allowfullscreen\"><\/iframe><\/p>\n<h3><strong><span style=\"color: #ff0000;\">Ficha t\u00e9cnica<\/span><\/strong><\/h3>\n\n\n<p class=\"wp-block-paragraph\"><strong>Temas<\/strong><\/p>\n\n\n\n<p class=\"wp-block-paragraph\">1. \u00abEl ultimo caf\u00e9\u00bb &#8211; M\u00fasica: H\u00e9ctor Stamponi (versi\u00f3n instrumental, arreglo Ariel Pirotti)<br>2. \u00abAfiches\u00bb &#8211; M\u00fasica: Atilio Stampone (versi\u00f3n instrumental, arreglo Ariel Pirotti) <br>3. \u00abAbsurdo\u00bb &#8211; M\u00fasica: Virgilio Exp\u00f3sito. Letra: Homero Exp\u00f3sito (Canta Lautaro Mazza, arreglo Ariel Pirotti) <br>4. \u00abOjos Negros\u00bb &#8211; M\u00fasica: Vicente Greco (versi\u00f3n instrumental, arreglo Ariel Pirotti) <br>5.&nbsp; \u00abLa \u00faltima curda\u00bb &#8211; M\u00fasica: An\u00edbal Troilo. Letra: C\u00e1tulo Castillo (Canta Lautaro Mazza, arreglo Ariel Pirotti) <br>6. \u00abSoledad\u00bb &#8211; M\u00fasica: Carlos Gardel (versi\u00f3n instrumental, arreglo Ariel Pirotti) <br>7.&nbsp;\u00abRetazos Troileanos 1\u00bb &#8211; M\u00fasica: Ariel Pirotti <br>8. \u00abRetazos Troileanos 2\u00bb &#8211; M\u00fasica: Ariel Pirotti <br>9. \u00abRetazos Troileanos 3\u00bb &#8211; M\u00fasica: Ariel Pirotti<\/p>\n\n\n\n<figure class=\"wp-block-image\"><img loading=\"lazy\" decoding=\"async\" width=\"960\" height=\"640\" src=\"https:\/\/www.fracturaexpuesta.com.ar\/tango\/wp-content\/uploads\/orquesta-tango-una.jpg\" alt=\"\" class=\"wp-image-2603\" srcset=\"https:\/\/www.fracturaexpuesta.com.ar\/tango\/wp-content\/uploads\/orquesta-tango-una.jpg 960w, https:\/\/www.fracturaexpuesta.com.ar\/tango\/wp-content\/uploads\/orquesta-tango-una-300x200.jpg 300w, https:\/\/www.fracturaexpuesta.com.ar\/tango\/wp-content\/uploads\/orquesta-tango-una-768x512.jpg 768w\" sizes=\"auto, (max-width: 960px) 100vw, 960px\" \/><figcaption> La orquesta congrega a j\u00f3venes m\u00fasicos de la UNA.<\/figcaption><\/figure>\n\n\n\n<p class=\"wp-block-paragraph\"><strong>M\u00fasicos<\/strong><\/p>\n\n\n\n<p class=\"wp-block-paragraph\">Violines: Demir Lulja, Humberto Ridolfi,\nGuillermo Rubino, Gast\u00f3n Orlando, Valeria Vel\u00e1zquez, Laura Hackstein, Pedro\nBustamante Zurita, Laura Stezano, Federico Noriega, Dalila \u00c1lvarez, Gustavo\nVajsejtl.&nbsp; <\/p>\n\n\n\n<p class=\"wp-block-paragraph\">Gu\u00eda de Segundos: Guillermo Olgu\u00edn, Ir\u00e1n\nLovazzano, Roc\u00edo Hilen Alves, Eugenia Navmoran, Silvana Monteoliva, Emilio\nDemar\u00eda, Jonnathan Vargas, Anahi Mel\u00e9ndez.<\/p>\n\n\n\n<p class=\"wp-block-paragraph\">Violas: Rub\u00e9n Jurado, Maite\nUnzurrunzaga, Leonardo Abildgaard, Esteban Fioroni, Flor G\u00f3mez, Diana Unzaga.<\/p>\n\n\n\n<p class=\"wp-block-paragraph\">Violonchelos: Magdalena Collado, Ignacio\nMena, Veronika Neuwirth, Noelia Capucho, Pablo Peralta.<\/p>\n\n\n\n<p class=\"wp-block-paragraph\">Contrabajos: Hern\u00e1n Fridman, Nicolas\nAcosta.<\/p>\n\n\n\n<p class=\"wp-block-paragraph\">Bandoneones: Santiago Segret, Federico\nSiksnys, Matias Juanatey, Alejandro Giro, Jos\u00e9 Alcobruni.<\/p>\n\n\n\n<p class=\"wp-block-paragraph\">Flauta: Bel\u00e9n N\u00fa\u00f1ez.<\/p>\n\n\n\n<p class=\"wp-block-paragraph\">Oboe: Sebasti\u00e1n German Valencia Stuardo.<\/p>\n\n\n\n<p class=\"wp-block-paragraph\">Clarinete: Patricia Maya.<\/p>\n\n\n\n<p class=\"wp-block-paragraph\">Fagot: Martin Nicieza, Karen Andrea\nOlivares L\u00f3pez.<\/p>\n\n\n\n<p class=\"wp-block-paragraph\">Corno Franc\u00e9s: Melina Ram\u00edrez, Carolina\nBarri.<\/p>\n\n\n\n<p class=\"wp-block-paragraph\">Arpa: Natalia Soledad Olivera.<\/p>\n\n\n\n<p class=\"wp-block-paragraph\">Vibr\u00e1fono: Marina Calzado Linage.<\/p>\n\n\n\n<p class=\"wp-block-paragraph\">Percusi\u00f3n: Nicol\u00e1s Ezequiel Pe\u00f1a.<\/p>\n\n\n\n<p class=\"wp-block-paragraph\">Cantante solista: Lautaro Mazza.<\/p>\n\n\n\n<p class=\"wp-block-paragraph\">Piano, arreglos y composici\u00f3n: Ariel\nPirotti.<\/p>\n\n\n\n<p class=\"wp-block-paragraph\">Direcci\u00f3n Orquestal: Ariel Pirotti:<\/p>\n\n\n\n<p class=\"wp-block-paragraph\">Grabado en 2018 en Fort Music<br>T\u00e9cnico de grabaci\u00f3n: Norberto Villagra<br>Estudios ION &#8211; T\u00e9cnico de grabaci\u00f3n: Hern\u00e1n \u201cNano\u201d Grasso   Ingeniero de mezcla y mastering: Hern\u00e1n \u201cNano\u201d Grasso<\/p>\n\n\n\n<p class=\"wp-block-paragraph\">Dise\u00f1o de tapa: Sofia Pera Guryn<\/p>\n","protected":false},"excerpt":{"rendered":"<p>El material de la formaci\u00f3n integrada por m\u00fasicos de la Universidad Nacional de las Artes (UNA) desembarca con cl\u00e1sicos y nueva obra.<\/p>\n","protected":false},"author":1,"featured_media":2597,"comment_status":"open","ping_status":"open","sticky":false,"template":"","format":"standard","meta":{"footnotes":""},"categories":[4],"tags":[32,180,111],"class_list":["post-2594","post","type-post","status-publish","format-standard","has-post-thumbnail","hentry","category-discos","tag-featured","tag-orquesta-de-tango-de-la-una","tag-tango"],"_links":{"self":[{"href":"https:\/\/www.fracturaexpuesta.com.ar\/tango\/wp-json\/wp\/v2\/posts\/2594","targetHints":{"allow":["GET"]}}],"collection":[{"href":"https:\/\/www.fracturaexpuesta.com.ar\/tango\/wp-json\/wp\/v2\/posts"}],"about":[{"href":"https:\/\/www.fracturaexpuesta.com.ar\/tango\/wp-json\/wp\/v2\/types\/post"}],"author":[{"embeddable":true,"href":"https:\/\/www.fracturaexpuesta.com.ar\/tango\/wp-json\/wp\/v2\/users\/1"}],"replies":[{"embeddable":true,"href":"https:\/\/www.fracturaexpuesta.com.ar\/tango\/wp-json\/wp\/v2\/comments?post=2594"}],"version-history":[{"count":20,"href":"https:\/\/www.fracturaexpuesta.com.ar\/tango\/wp-json\/wp\/v2\/posts\/2594\/revisions"}],"predecessor-version":[{"id":2641,"href":"https:\/\/www.fracturaexpuesta.com.ar\/tango\/wp-json\/wp\/v2\/posts\/2594\/revisions\/2641"}],"wp:featuredmedia":[{"embeddable":true,"href":"https:\/\/www.fracturaexpuesta.com.ar\/tango\/wp-json\/wp\/v2\/media\/2597"}],"wp:attachment":[{"href":"https:\/\/www.fracturaexpuesta.com.ar\/tango\/wp-json\/wp\/v2\/media?parent=2594"}],"wp:term":[{"taxonomy":"category","embeddable":true,"href":"https:\/\/www.fracturaexpuesta.com.ar\/tango\/wp-json\/wp\/v2\/categories?post=2594"},{"taxonomy":"post_tag","embeddable":true,"href":"https:\/\/www.fracturaexpuesta.com.ar\/tango\/wp-json\/wp\/v2\/tags?post=2594"}],"curies":[{"name":"wp","href":"https:\/\/api.w.org\/{rel}","templated":true}]}}