{"id":2634,"date":"2019-02-17T23:18:36","date_gmt":"2019-02-17T23:18:36","guid":{"rendered":"http:\/\/www.fracturaexpuesta.com.ar\/tango\/?p=2634"},"modified":"2019-02-17T23:21:17","modified_gmt":"2019-02-17T23:21:17","slug":"viviana-scarlassa-me-gusta-que-cada-vez-haya-mas-visibilidad-de-las-mujeres-musicas","status":"publish","type":"post","link":"https:\/\/www.fracturaexpuesta.com.ar\/tango\/viviana-scarlassa-me-gusta-que-cada-vez-haya-mas-visibilidad-de-las-mujeres-musicas\/","title":{"rendered":"Viviana Scarlassa: \u201cMe gusta que cada vez haya m\u00e1s visibilidad de las mujeres m\u00fasicas\u201d"},"content":{"rendered":"\n<p class=\"wp-block-paragraph\"><strong>\u00bfUn disco, un libro, una pel\u00edcula? <\/strong><\/p>\n\n\n\n<p class=\"wp-block-paragraph\"><em>Las ra\u00edces de mi canto<\/em>, de Ruben Ju\u00e1rez y Roberto Grela. Ahora estoy leyendo <em>Discepol\u00edn<\/em>, de Horarcio Ferrer y Luis Sierra, un libro hermos\u00edsimo. Soy adicta al cine, as\u00ed que elegir est\u00e1 complicado pero voy con <em>Asphalte<\/em>, una pel\u00edcula francesa de 2015 escrita y dirigida por Samuel Benchetrit.<\/p>\n\n\n\n<p class=\"wp-block-paragraph\"><strong>\u00bfUn tango imprescindible?<\/strong><\/p>\n\n\n\n<p class=\"wp-block-paragraph\">\u201cGar\u00faa\u201d. Creo que si Gardel lo hubiese conocido, lo\nhabr\u00eda grabado.<\/p>\n\n\n\n<p class=\"wp-block-paragraph\"><strong>\u00bfQu\u00e9 artista o disco recomienda para conocer lo que suena hoy en el tango?<\/strong><\/p>\n\n\n\n<p class=\"wp-block-paragraph\">Hay much\u00edsimos y son todos tremendamente talentosos. Me encanta la nueva generaci\u00f3n de cantoras. Nazarena C\u00e1ceres, por ejemplo, me gusta much\u00edsimo. Me gusta que cada vez haya m\u00e1s visibilidad de las mujeres m\u00fasicas, como por ejemplo La Espiral de Mujeres Guitarristas, Las Cuarenta y dem\u00e1s. Como disco recomiendo mi \u00faltimo trabajo, <em>Suelo Natal<\/em>. Aunque suene a autobombo, me da mucho orgullo haber logrado editar ese CD en el que ven\u00edamos trabajando con Diego Schissi hac\u00eda ya un tiempo y finalmente pudo ver la luz.<\/p>\n\n\n\n<p class=\"wp-block-paragraph\"><strong>\u00bfUn referente cl\u00e1sico que no hay que dejar de escuchar?<\/strong><\/p>\n\n\n\n<p class=\"wp-block-paragraph\">No podr\u00eda elegir uno solo, creo que An\u00edbal Troilo, Horacio Salg\u00e1n, Carlos Gardel, Rub\u00e9n Ju\u00e1rez, Grela, Nelly Omar, Mercedes Simone, la orquesta de Di Sarli, la de Carlos Garc\u00eda, Charlo, la tana Rinaldi y Mar\u00eda Gra\u00f1a como para empezar a hablar\u2026<\/p>\n\n\n\n<p class=\"wp-block-paragraph\"><strong>\u00bfC\u00f3mo y cu\u00e1ndo oye m\u00fasica? \u00bfVinilo, CD, mp3 o plataformas digitales?<\/strong><\/p>\n\n\n\n<p class=\"wp-block-paragraph\">Escucho todos los d\u00edas, ahora m\u00e1s en plataformas digitales\npor un tema de comodidad pero compro vinilos y cds, me gusta tener el objeto,\nla gr\u00e1fica sin duda completa la obra pero adem\u00e1s tiene info fundamental. Soy de\nlas que creen que si no hay un concepto el disco pierde consistencia. Por eso\nno soy muy del modo playlist. Y prefiero escuchar discos completos.<\/p>\n\n\n\n<p class=\"wp-block-paragraph\"><strong>\u00bfQu\u00e9 ama del tango?<\/strong><\/p>\n\n\n\n<p class=\"wp-block-paragraph\">Que sea un modo vida y no solamente un g\u00e9nero musical. Que nos interpele como lo hace, todo el tiempo. Que nos d\u00e9 ra\u00edces en este mundo tan superficial. Que nos conecte con la profundidad. <\/p>\n\n\n\n<p class=\"wp-block-paragraph\"><strong>\u00bfQu\u00e9 detesta del tango?<\/strong><\/p>\n\n\n\n<p class=\"wp-block-paragraph\">El clich\u00e9. El tanguero con funyi y lengue poniendo la boquita torcida que congela al tango en una \u00e9poca que caricaturizan, en lugar de mostrarlo como obra viva.<\/p>\n\n\n\n<p class=\"wp-block-paragraph\"><strong>Si no se dedicara al tango \u00bfser\u00eda\u2026?<\/strong><\/p>\n\n\n\n<p class=\"wp-block-paragraph\">Si no se me hubiera cruzado tan clara la oportunidad de una carrera profesional dentro del tango definitivamente hubiese continuado con mi carrera de actriz que, dicho sea de paso, a veces extra\u00f1o much\u00edsimo.<\/p>\n\n\n\n<p class=\"wp-block-paragraph\"><strong>\u00bfCu\u00e1l fue su \u00faltimo sue\u00f1o?<\/strong><\/p>\n\n\n\n<p class=\"wp-block-paragraph\">Yo estaba lista para salir a escena en una especie de festival, el n\u00famero anterior ya estaba terminando y faltaba poco para que me llamen. Lo curioso del sue\u00f1o es que se trataba del escenario de Cemento, el boliche de Omar Chab\u00e1n al que supe ir cuando era adolescente, all\u00e1 por los &#8217;80.<\/p>\n\n\n\n<p class=\"wp-block-paragraph\"><strong>Diga lo que tenga ganas de expresar en este momento\u2026<\/strong><\/p>\n\n\n\n<p class=\"wp-block-paragraph\"> #LaCulturaNoSeClausura #ElArteCallejeroNoEsDelito #LaCulturaNoSeAchica\u00a0 <\/p>\n\n\n<iframe loading=\"lazy\" width=\"560\" height=\"315\" src=\"https:\/\/www.youtube.com\/embed\/VZTfwb9jam8\" frameborder=\"0\" allow=\"accelerometer; autoplay; encrypted-media; gyroscope; picture-in-picture\" allowfullscreen=\"\"><\/iframe>\n\n\n<p class=\"wp-block-paragraph\"><\/p>\n","protected":false},"excerpt":{"rendered":"<p>La cantante contesta las 10 preguntas del \u00abCuestionario Fractura Expuesta\u00bb.<\/p>\n","protected":false},"author":1,"featured_media":2635,"comment_status":"open","ping_status":"open","sticky":false,"template":"","format":"standard","meta":{"footnotes":""},"categories":[159],"tags":[32,111,121],"class_list":["post-2634","post","type-post","status-publish","format-standard","has-post-thumbnail","hentry","category-cuestionario-fractura-expuesta","tag-featured","tag-tango","tag-viviana-scarlassa"],"_links":{"self":[{"href":"https:\/\/www.fracturaexpuesta.com.ar\/tango\/wp-json\/wp\/v2\/posts\/2634","targetHints":{"allow":["GET"]}}],"collection":[{"href":"https:\/\/www.fracturaexpuesta.com.ar\/tango\/wp-json\/wp\/v2\/posts"}],"about":[{"href":"https:\/\/www.fracturaexpuesta.com.ar\/tango\/wp-json\/wp\/v2\/types\/post"}],"author":[{"embeddable":true,"href":"https:\/\/www.fracturaexpuesta.com.ar\/tango\/wp-json\/wp\/v2\/users\/1"}],"replies":[{"embeddable":true,"href":"https:\/\/www.fracturaexpuesta.com.ar\/tango\/wp-json\/wp\/v2\/comments?post=2634"}],"version-history":[{"count":4,"href":"https:\/\/www.fracturaexpuesta.com.ar\/tango\/wp-json\/wp\/v2\/posts\/2634\/revisions"}],"predecessor-version":[{"id":2639,"href":"https:\/\/www.fracturaexpuesta.com.ar\/tango\/wp-json\/wp\/v2\/posts\/2634\/revisions\/2639"}],"wp:featuredmedia":[{"embeddable":true,"href":"https:\/\/www.fracturaexpuesta.com.ar\/tango\/wp-json\/wp\/v2\/media\/2635"}],"wp:attachment":[{"href":"https:\/\/www.fracturaexpuesta.com.ar\/tango\/wp-json\/wp\/v2\/media?parent=2634"}],"wp:term":[{"taxonomy":"category","embeddable":true,"href":"https:\/\/www.fracturaexpuesta.com.ar\/tango\/wp-json\/wp\/v2\/categories?post=2634"},{"taxonomy":"post_tag","embeddable":true,"href":"https:\/\/www.fracturaexpuesta.com.ar\/tango\/wp-json\/wp\/v2\/tags?post=2634"}],"curies":[{"name":"wp","href":"https:\/\/api.w.org\/{rel}","templated":true}]}}