{"id":2661,"date":"2019-03-03T21:12:16","date_gmt":"2019-03-03T21:12:16","guid":{"rendered":"http:\/\/www.fracturaexpuesta.com.ar\/tango\/?p=2661"},"modified":"2019-03-03T21:29:14","modified_gmt":"2019-03-03T21:29:14","slug":"vuelve-la-hora-del-tango-en-su-segunda-temporada","status":"publish","type":"post","link":"https:\/\/www.fracturaexpuesta.com.ar\/tango\/vuelve-la-hora-del-tango-en-su-segunda-temporada\/","title":{"rendered":"Vuelve La Hora del Tango en su segunda temporada"},"content":{"rendered":"\n<p class=\"wp-block-paragraph\">Luego del ciclo 2018 que tuvo 13 episodios por la pantalla de la TV P\u00fablica, el programa La Hora del Tango comienza las grabaciones en vivo, con p\u00fablico, de su segunda temporada.<\/p>\n\n\n\n<p class=\"wp-block-paragraph\">Esta vez, la conductora ser\u00e1 la cantante Sandra Mihanovich, en reemplazo de Luis Brandoni y Sandra Guida, anfitriones de la primera temporada.<\/p>\n\n\n\n<p class=\"wp-block-paragraph\">Seg\u00fan informaron desde el CCK, espacio en el que se registrar\u00e1n los nuevos cap\u00edtulos del programa musical, La Hora del Tango contar\u00e1 con las presentaciones de artistas como Susana Rinaldi, Mar\u00eda Gra\u00f1a, Lidia Borda, Elena Roger, Hern\u00e1n Lucero y \u00abCucuza\u00bb Castiello.<\/p>\n\n\n<p><script async=\"\" src=\"\/\/pagead2.googlesyndication.com\/pagead\/js\/adsbygoogle.js\"><\/script><br><ins class=\"adsbygoogle\" style=\"display: block; text-align: center;\" data-ad-layout=\"in-article\" data-ad-format=\"fluid\" data-ad-client=\"ca-pub-2103671489020353\" data-ad-slot=\"7337250265\"><\/ins><br><script><br \/>\n     (adsbygoogle = window.adsbygoogle || []).push({});<br \/>\n<\/script><\/p>\n\n\n<p class=\"wp-block-paragraph\">Est\u00e1n confirmadas adem\u00e1s las participaciones de Osvaldo Piro, Julio Pane, Walter R\u00edos y de artistas de otros g\u00e9neros como Litto Nebbia, Daniel Melingo, Pedro Aznar, Soledad Villamil, Alejandra Radano y Leo Garc\u00eda. <\/p>\n\n\n\n<p class=\"wp-block-paragraph\">Entre las orquestas y grupos estar\u00e1n El Arranque, Color\nTango, el septeto de V\u00edctor Lavall\u00e9n, Tanghetto y el sexteto de Andr\u00e9s\nLinetzky.<\/p>\n\n\n\n<p class=\"wp-block-paragraph\">En cuanto al baile, la nueva temporada tendr\u00e1 la presencia, entre\notros, de la reconocida Ana Mar\u00eda Stekelman y TangoKinesis, la compa\u00f1\u00eda de\nGerm\u00e1n Cornejo, Laura Roatta con el Ballet \u201cPies desnudos\u201d, Chicho Frumboli,\nLos B\u00f3rquez y Ollantay Rojas.<\/p>\n\n\n\n<p class=\"wp-block-paragraph\">Las grabaciones con p\u00fablico comenzar\u00e1n el jueves 14 de marzo, en la Sala Sinf\u00f3nica del CCK y ser\u00e1n gratuitas, sin requerir reserva previa. Se ingresar\u00e1 por orden de llegada, hasta agotar la capacidad de la sala.<\/p>\n","protected":false},"excerpt":{"rendered":"<p>Participar\u00e1n artistas como Susana Rinaldi, Lidia Borda, \u00abCucuza\u00bb Castiello, Hern\u00e1n Lucero y Osvaldo Piro, entre muchos otros.<\/p>\n","protected":false},"author":1,"featured_media":2663,"comment_status":"open","ping_status":"open","sticky":false,"template":"","format":"standard","meta":{"footnotes":""},"categories":[3],"tags":[32,184,111],"class_list":["post-2661","post","type-post","status-publish","format-standard","has-post-thumbnail","hentry","category-noticias","tag-featured","tag-la-hora-del-tango","tag-tango"],"_links":{"self":[{"href":"https:\/\/www.fracturaexpuesta.com.ar\/tango\/wp-json\/wp\/v2\/posts\/2661","targetHints":{"allow":["GET"]}}],"collection":[{"href":"https:\/\/www.fracturaexpuesta.com.ar\/tango\/wp-json\/wp\/v2\/posts"}],"about":[{"href":"https:\/\/www.fracturaexpuesta.com.ar\/tango\/wp-json\/wp\/v2\/types\/post"}],"author":[{"embeddable":true,"href":"https:\/\/www.fracturaexpuesta.com.ar\/tango\/wp-json\/wp\/v2\/users\/1"}],"replies":[{"embeddable":true,"href":"https:\/\/www.fracturaexpuesta.com.ar\/tango\/wp-json\/wp\/v2\/comments?post=2661"}],"version-history":[{"count":4,"href":"https:\/\/www.fracturaexpuesta.com.ar\/tango\/wp-json\/wp\/v2\/posts\/2661\/revisions"}],"predecessor-version":[{"id":2668,"href":"https:\/\/www.fracturaexpuesta.com.ar\/tango\/wp-json\/wp\/v2\/posts\/2661\/revisions\/2668"}],"wp:featuredmedia":[{"embeddable":true,"href":"https:\/\/www.fracturaexpuesta.com.ar\/tango\/wp-json\/wp\/v2\/media\/2663"}],"wp:attachment":[{"href":"https:\/\/www.fracturaexpuesta.com.ar\/tango\/wp-json\/wp\/v2\/media?parent=2661"}],"wp:term":[{"taxonomy":"category","embeddable":true,"href":"https:\/\/www.fracturaexpuesta.com.ar\/tango\/wp-json\/wp\/v2\/categories?post=2661"},{"taxonomy":"post_tag","embeddable":true,"href":"https:\/\/www.fracturaexpuesta.com.ar\/tango\/wp-json\/wp\/v2\/tags?post=2661"}],"curies":[{"name":"wp","href":"https:\/\/api.w.org\/{rel}","templated":true}]}}