{"id":2671,"date":"2019-03-07T13:59:45","date_gmt":"2019-03-07T13:59:45","guid":{"rendered":"http:\/\/www.fracturaexpuesta.com.ar\/tango\/?p=2671"},"modified":"2019-03-22T20:25:30","modified_gmt":"2019-03-22T20:25:30","slug":"el-tango-no-escapa-a-la-construccion-patriarcal","status":"publish","type":"post","link":"https:\/\/www.fracturaexpuesta.com.ar\/tango\/el-tango-no-escapa-a-la-construccion-patriarcal\/","title":{"rendered":"\u201cEl tango no escapa a la construcci\u00f3n patriarcal\u201d"},"content":{"rendered":"\n<p class=\"wp-block-paragraph\">Impulsado por el colectivo de mujeres Tango Hembra, este s\u00e1bado comenzar\u00e1 la primera edici\u00f3n del Festival Feminista de Tango, una iniciativa que servir\u00e1 como epicentro para abordar la cuesti\u00f3n de g\u00e9nero en esa escena cultural.<\/p>\n\n\n\n<p class=\"wp-block-paragraph\">Con el madrinazgo de Susana Rinaldi, el festival tendr\u00e1 conciertos, charlas, pr\u00e1cticas de bailes y lecturas a trav\u00e9s de una grilla que re\u00fane a m\u00e1s de 50 mujeres y grupos mixtos. Las sedes ser\u00e1n el Espacio Cultural Oliverio Girondo (Vera 574) y el Galp\u00f3n B (Cochabamba 2536).  <\/p>\n\n\n\n<p class=\"wp-block-paragraph\">\u201cEste es un espacio de encuentro, de acciones y de debate que busca promover lazos entre las distintas generaciones de mujeres que integran el tango\u201d, explic\u00f3, sobre el colectivo Tango Hembra, la cantante Floru Ubertalli en la conferencia de prensa que se brind\u00f3 d\u00edas atr\u00e1s para lanzar el festival.<\/p>\n\n\n<p><script async=\"\" src=\"\/\/pagead2.googlesyndication.com\/pagead\/js\/adsbygoogle.js\"><\/script><br><ins class=\"adsbygoogle\" style=\"display: block; text-align: center;\" data-ad-layout=\"in-article\" data-ad-format=\"fluid\" data-ad-client=\"ca-pub-2103671489020353\" data-ad-slot=\"7337250265\"><\/ins><br><script><br \/>\n     (adsbygoogle = window.adsbygoogle || []).push({});<br \/>\n<\/script><\/p>\n\n\n<p class=\"wp-block-paragraph\">Es que la cuesti\u00f3n de g\u00e9nero tiene un cap\u00edtulo aparte en una escena como la del  tango que ha sido construido a gran escala bajo el imaginario del \u201cmacho\u201d. Esa es una de las tareas que Tango Hembra y el festival buscan desenlazar junto con una serie de objetivos que pudieron conocerse a trav\u00e9s de la cantante Marisa V\u00e1zquez, principal impulsora del espacio.<\/p>\n\n\n\n<p class=\"wp-block-paragraph\">V\u00e1zquez detall\u00f3 algunas de las problem\u00e1ticas que atraviesan las mujeres en el \u00e1mbito tanguero. La cantante mencion\u00f3 la necesidad de un marco de difusi\u00f3n m\u00e1s amplio para las artistas de tango, reclam\u00f3 por el cupo en festivales oficiales e independientes -sostuvo que solo el 10 por ciento es participaci\u00f3n femenina- y mencion\u00f3 al bulling que sufren instrumentistas de guitarra o bandone\u00f3n en diversos espacios educativos.<\/p>\n\n\n\n<p class=\"wp-block-paragraph\">\u201cEl tango no escapa a la construcci\u00f3n patriarcal y todo esto repercute directamente sobre nuestras posibilidades econ\u00f3micas, influye en la posibilidad de crecer en nuestros espect\u00e1culos y en nuestra formaci\u00f3n\u201d, sostuvo V\u00e1zquez.<\/p>\n\n\n\n<p class=\"wp-block-paragraph\">Lo que se proponen Tango Hembra y el festival es la igualdad de posibilidades para desarrollar arte en la escena tanguera. A esa demanda tambi\u00e9n se agrega la cuesti\u00f3n del abuso. \u201cQueremos trabajar con el tema del maltrato y el abuso, apoyando las denuncias o las demandas que pueda generar alguna compa\u00f1era. O simplemente advirti\u00e9ndonos acerca de abusadores o de maltrato\u201d, cont\u00f3 V\u00e1zquez en la conferencia.<\/p>\n\n\n\n<p class=\"wp-block-paragraph\">La cantante indic\u00f3 tambi\u00e9n que \u201cno nos queremos hacer cargo del pretendido aspecto f\u00edsico, de las tareas de servidumbre o de los favores sexuales que hay que hacer dentro del ambiente para acceder a ciertos escenarios o ciertas programaciones\u201d.<\/p>\n\n\n\n<p class=\"wp-block-paragraph\">Con ese horizonte de demandas, las integrantes del colectivo feminista y tanguero mencionaron tambi\u00e9n \u201csue\u00f1os\u201d y proyectos como la creaci\u00f3n de una productora que difunda a artistas mujeres, la concreci\u00f3n de un espacio propio para conciertos y un programa de radio.<\/p>\n\n\n\n<p class=\"wp-block-paragraph\">\u201cEl espacio est\u00e1 abierto para todas las compa\u00f1eras que quieran acercarse. Queremos seguir construyendo un tango que realmente nos incluya a todes, a todas y a todos\u201d, resumi\u00f3 la cantante Delfina Daverio sobre una iniciativa que dar\u00e1 un nuevo paso con la primera edici\u00f3n de Festival Feminista de Tango.<\/p>\n\n\n<figure id=\"attachment_2678\" aria-describedby=\"caption-attachment-2678\" style=\"width: 862px\" class=\"wp-caption aligncenter\"><img loading=\"lazy\" decoding=\"async\" class=\"size-full wp-image-2678\" src=\"https:\/\/www.fracturaexpuesta.com.ar\/tango\/wp-content\/uploads\/tango-feminismo-2.jpg\" alt=\"\" width=\"862\" height=\"960\" srcset=\"https:\/\/www.fracturaexpuesta.com.ar\/tango\/wp-content\/uploads\/tango-feminismo-2.jpg 862w, https:\/\/www.fracturaexpuesta.com.ar\/tango\/wp-content\/uploads\/tango-feminismo-2-269x300.jpg 269w, https:\/\/www.fracturaexpuesta.com.ar\/tango\/wp-content\/uploads\/tango-feminismo-2-768x855.jpg 768w\" sizes=\"auto, (max-width: 862px) 100vw, 862px\" \/><figcaption id=\"caption-attachment-2678\" class=\"wp-caption-text\">Foto gentileza Veronique Pestoni y Daniela Carreira.<\/figcaption><\/figure>\n<p><strong><span style=\"color: #ff0000;\">La programaci\u00f3n<\/span><\/strong><\/p>\n\n\n<p class=\"wp-block-paragraph\"><strong>S\u00e1bado 9 de marzo<\/strong><br>Oliverio Girondo Espacio Cultural (Vera 574)<\/p>\n\n\n\n<p class=\"wp-block-paragraph\">17 hs.<br>Charla debate \u00abApuntes para repensar la historia del tango con perspectiva de g\u00e9nero\u00bb, a cargo de la investigadora Mercedes Liska.<\/p>\n\n\n\n<p class=\"wp-block-paragraph\">18 hs.<br>Pr\u00e1ctica de tango con intercambio de roles, a cargo de Liliana Furi\u00f3 y Soledad Nani. Musicaliza: Amancay Sal. Coordina: Movimiento Feminista del Tango (MFT).<\/p>\n\n\n\n<p class=\"wp-block-paragraph\">19.30 hs.<br>\nPalabras de apertura del festival a cargo de Susana \u00abla Tana\u00bb Rinaldi.<\/p>\n\n\n\n<p class=\"wp-block-paragraph\">20 hs. <br>\nM\u00fasica en vivo<\/p>\n\n\n\n<p class=\"wp-block-paragraph\">Cantoras:<br>\nPatricia Malanca, Lucrecia Merico, Julieta Fern\u00e1ndez, Gabriela Novaro, Paola Fontana, Eleonora Barletta, Carolina Winograd, Victoria Di Raimondo.<\/p>\n\n\n\n<p class=\"wp-block-paragraph\">Instrumentistas:<br>\nLaura Zilber, Andrea Zurita, Lina Agrima, Brela Gerlach (guitarras), Laura Canteros (clarinete y clar\u00f3n).<\/p>\n\n\n\n<p class=\"wp-block-paragraph\">Grupos y solistas:<br>\nClaudia Levy<br>\nAnal\u00eda Goldberg tr\u00edo y Marina R\u00edos<br>\nLas Chifladas<br>\nLas Orillas<br>\nLa Rantifusa<\/p>\n\n\n\n<p class=\"wp-block-paragraph\">Lecturas a cargo de Marta Pizzo<\/p>\n\n\n\n<p class=\"wp-block-paragraph\">Presentadora: Gabriela R\u00e1dice<\/p>\n\n\n\n<p class=\"wp-block-paragraph\"><strong>Domingo 10 de marzo<\/strong><br>Galp\u00f3n B (Cochabamba 2536)<\/p>\n\n\n\n<p class=\"wp-block-paragraph\">17 hs.<br>Charla debate \u00abLey de cupo femenino en festivales y escenarios\u00bb, a cargo de Celsa Mel Gowland (ex presidenta del INAMU).<\/p>\n\n\n\n<p class=\"wp-block-paragraph\">18 hs.<br>Pr\u00e1ctica de tango con intercambio de roles a cargo de Susana Aguilar y Alejandra Thoa. Musicaliza: Susana Aguilar. Coordina: Movimiento Feminista del Tango (MFT).<\/p>\n\n\n\n<p class=\"wp-block-paragraph\">20 hs.<br>M\u00fasica en vivo<\/p>\n\n\n\n<p class=\"wp-block-paragraph\">Cantoras:<br>Lidia Borda, Marisa V\u00e1zquez, Natalia Bril, Ana Stamponi, Floru Ubertalli, Vivi Verri, Patricia Andrade, Nidia.<\/p>\n\n\n\n<p class=\"wp-block-paragraph\">Instrumentistas:<br>Lina Agrima, Andrea Zurita, Laura Zilber, Elisa Sanda, Lola Rosa V\u00e1zquez, Roc\u00edo Dubuisson (guitarras), Aldana Bozzo (flauta).<\/p>\n\n\n\n<p class=\"wp-block-paragraph\">Grupos y solistas:<br>\nMirta \u00c1lvarez<br>\nNoelia Sinkunas<br>\nEl Mot\u00edn<br>\nLa Vagabunda<br>\nLas Cuarenta<\/p>\n\n\n\n<p class=\"wp-block-paragraph\">Lecturas a cargo de Coni Ban\u00fas y Liliana Daunes<\/p>\n\n\n\n<p class=\"wp-block-paragraph\">Presentadora: Mariana Fossati<\/p>\n","protected":false},"excerpt":{"rendered":"<p>El s\u00e1bado 9 y el domingo 10 se pondr\u00e1 en marcha el Primer Festival Feminista de Tango.<\/p>\n","protected":false},"author":1,"featured_media":2672,"comment_status":"open","ping_status":"open","sticky":false,"template":"","format":"standard","meta":{"footnotes":""},"categories":[3],"tags":[32,185,111],"class_list":["post-2671","post","type-post","status-publish","format-standard","has-post-thumbnail","hentry","category-noticias","tag-featured","tag-feminismo","tag-tango"],"_links":{"self":[{"href":"https:\/\/www.fracturaexpuesta.com.ar\/tango\/wp-json\/wp\/v2\/posts\/2671","targetHints":{"allow":["GET"]}}],"collection":[{"href":"https:\/\/www.fracturaexpuesta.com.ar\/tango\/wp-json\/wp\/v2\/posts"}],"about":[{"href":"https:\/\/www.fracturaexpuesta.com.ar\/tango\/wp-json\/wp\/v2\/types\/post"}],"author":[{"embeddable":true,"href":"https:\/\/www.fracturaexpuesta.com.ar\/tango\/wp-json\/wp\/v2\/users\/1"}],"replies":[{"embeddable":true,"href":"https:\/\/www.fracturaexpuesta.com.ar\/tango\/wp-json\/wp\/v2\/comments?post=2671"}],"version-history":[{"count":7,"href":"https:\/\/www.fracturaexpuesta.com.ar\/tango\/wp-json\/wp\/v2\/posts\/2671\/revisions"}],"predecessor-version":[{"id":2715,"href":"https:\/\/www.fracturaexpuesta.com.ar\/tango\/wp-json\/wp\/v2\/posts\/2671\/revisions\/2715"}],"wp:featuredmedia":[{"embeddable":true,"href":"https:\/\/www.fracturaexpuesta.com.ar\/tango\/wp-json\/wp\/v2\/media\/2672"}],"wp:attachment":[{"href":"https:\/\/www.fracturaexpuesta.com.ar\/tango\/wp-json\/wp\/v2\/media?parent=2671"}],"wp:term":[{"taxonomy":"category","embeddable":true,"href":"https:\/\/www.fracturaexpuesta.com.ar\/tango\/wp-json\/wp\/v2\/categories?post=2671"},{"taxonomy":"post_tag","embeddable":true,"href":"https:\/\/www.fracturaexpuesta.com.ar\/tango\/wp-json\/wp\/v2\/tags?post=2671"}],"curies":[{"name":"wp","href":"https:\/\/api.w.org\/{rel}","templated":true}]}}