{"id":2699,"date":"2019-03-19T20:22:34","date_gmt":"2019-03-19T20:22:34","guid":{"rendered":"http:\/\/www.fracturaexpuesta.com.ar\/tango\/?p=2699"},"modified":"2019-03-19T20:22:36","modified_gmt":"2019-03-19T20:22:36","slug":"juan-pablo-gallardo-presenta-de-culto-y-popular","status":"publish","type":"post","link":"https:\/\/www.fracturaexpuesta.com.ar\/tango\/juan-pablo-gallardo-presenta-de-culto-y-popular\/","title":{"rendered":"Juan Pablo Gallardo presenta \u00abDe culto y popular\u00bb"},"content":{"rendered":"\n<p class=\"wp-block-paragraph\">A Gallardo ya se lo conoc\u00eda por sus trabajos en el Tr\u00edo Boero-Gallardo-G\u00f3mez,\u00a0en Amores Tangos y en la\u00a0Orquesta T\u00edpica Almagro, entre otros. <\/p>\n\n\n\n<p class=\"wp-block-paragraph\">Pero ahora, y luego de casi tres a\u00f1os de constituir su orquesta, llega el turno de su debut en CD al frente de una formaci\u00f3n con m\u00e1s de 30 m\u00fasicos. Una orquesta que cuenta con algunas particularidades sonoras como la amplia secci\u00f3n de cuerdas y una fila de metales (dos trompetas y dos trombones) que le otorgan el sello personal a la m\u00fasica de Gallardo.<\/p>\n\n\n\n<p class=\"wp-block-paragraph\">Con una jornada doble que contar\u00e1 tambi\u00e9n con el concierto de La Siniestra, el pianista y director exhibir\u00e1 los temas de un disco que contiene cl\u00e1sicos como \u00abEl amanecer\u00bb, \u00abCatamarca\u00bb, \u00abNido gaucho\u00bb -cantado a d\u00fao por Eliana Sosa y Roberto Decarre-, \u00abFueye\u00bb y \u00abPercal\u00bb junto a un tango (\u00abLa huella\u00bb) y una milonga (\u00abMilonga roja\u00bb), obras de propia factor\u00eda de Gallardo. A ese material se suman \u00abZamba de los humildes\u00bb con la voz de Sosa y la musette \u00abIndifference\u00bb.<\/p>\n\n\n\n<p class=\"wp-block-paragraph\">La presentaci\u00f3n ser\u00e1 en la Usina del Arte (A. Caffarena 1), este viernes 22 a las 21, con entrada gratuita y reservas previas.<\/p>\n\n\n<p><iframe loading=\"lazy\" src=\"https:\/\/www.youtube.com\/embed\/dk9NCpjVoLo\" width=\"560\" height=\"315\" frameborder=\"0\" allowfullscreen=\"allowfullscreen\"><\/iframe><\/p>","protected":false},"excerpt":{"rendered":"<p>Es el debut solista del pianista y compositor. El disco se dar\u00e1 a conocer con un concierto compartido con La Siniestra.<\/p>\n","protected":false},"author":1,"featured_media":2702,"comment_status":"open","ping_status":"open","sticky":false,"template":"","format":"standard","meta":{"footnotes":""},"categories":[5],"tags":[32,188,111],"class_list":["post-2699","post","type-post","status-publish","format-standard","has-post-thumbnail","hentry","category-buzon","tag-featured","tag-juan-pablo-gallardo","tag-tango"],"_links":{"self":[{"href":"https:\/\/www.fracturaexpuesta.com.ar\/tango\/wp-json\/wp\/v2\/posts\/2699","targetHints":{"allow":["GET"]}}],"collection":[{"href":"https:\/\/www.fracturaexpuesta.com.ar\/tango\/wp-json\/wp\/v2\/posts"}],"about":[{"href":"https:\/\/www.fracturaexpuesta.com.ar\/tango\/wp-json\/wp\/v2\/types\/post"}],"author":[{"embeddable":true,"href":"https:\/\/www.fracturaexpuesta.com.ar\/tango\/wp-json\/wp\/v2\/users\/1"}],"replies":[{"embeddable":true,"href":"https:\/\/www.fracturaexpuesta.com.ar\/tango\/wp-json\/wp\/v2\/comments?post=2699"}],"version-history":[{"count":5,"href":"https:\/\/www.fracturaexpuesta.com.ar\/tango\/wp-json\/wp\/v2\/posts\/2699\/revisions"}],"predecessor-version":[{"id":2706,"href":"https:\/\/www.fracturaexpuesta.com.ar\/tango\/wp-json\/wp\/v2\/posts\/2699\/revisions\/2706"}],"wp:featuredmedia":[{"embeddable":true,"href":"https:\/\/www.fracturaexpuesta.com.ar\/tango\/wp-json\/wp\/v2\/media\/2702"}],"wp:attachment":[{"href":"https:\/\/www.fracturaexpuesta.com.ar\/tango\/wp-json\/wp\/v2\/media?parent=2699"}],"wp:term":[{"taxonomy":"category","embeddable":true,"href":"https:\/\/www.fracturaexpuesta.com.ar\/tango\/wp-json\/wp\/v2\/categories?post=2699"},{"taxonomy":"post_tag","embeddable":true,"href":"https:\/\/www.fracturaexpuesta.com.ar\/tango\/wp-json\/wp\/v2\/tags?post=2699"}],"curies":[{"name":"wp","href":"https:\/\/api.w.org\/{rel}","templated":true}]}}