{"id":2737,"date":"2019-04-17T20:16:35","date_gmt":"2019-04-17T20:16:35","guid":{"rendered":"http:\/\/www.fracturaexpuesta.com.ar\/tango\/?p=2737"},"modified":"2019-04-17T20:16:38","modified_gmt":"2019-04-17T20:16:38","slug":"premios-gardel-2019-los-nominados-en-tango","status":"publish","type":"post","link":"https:\/\/www.fracturaexpuesta.com.ar\/tango\/premios-gardel-2019-los-nominados-en-tango\/","title":{"rendered":"Premios Gardel 2019: los nominados en tango"},"content":{"rendered":"\n<p class=\"wp-block-paragraph\">Con una ceremonia realizada en el CCK, la c\u00e1mara que nuclea a los productores discogr\u00e1ficos (CAPIF) dio a conocer la lista de artistas y grupos nominados a los Premios Gardel para la edici\u00f3n 2019.<\/p>\n\n\n\n<p class=\"wp-block-paragraph\">Este a\u00f1o, una de las novedades de los galardones es su lugar de entrega. La premiaci\u00f3n ser\u00e1 en Mendoza, el 14 de mayo en el Auditorio \u00c1ngel Bustelo.<\/p>\n\n\n\n<p class=\"wp-block-paragraph\">Adem\u00e1s, seg\u00fan informaron los organizadores, tambi\u00e9n aumentaron las postulaciones, llegando a 2000 presentaciones de discos frente a 1400 del a\u00f1o pasado.<\/p>\n\n\n\n<p class=\"wp-block-paragraph\">En las categor\u00edas dedicadas al tango, las nominaciones se reparten entre propuestas renovadoras y abordajes de corte cl\u00e1sico.<\/p>\n\n\n<figure id=\"attachment_2738\" aria-describedby=\"caption-attachment-2738\" style=\"width: 800px\" class=\"wp-caption aligncenter\"><img loading=\"lazy\" decoding=\"async\" class=\"size-full wp-image-2738\" src=\"https:\/\/www.fracturaexpuesta.com.ar\/tango\/wp-content\/uploads\/Nominados-Gardel-2019-qnlb.jpg\" alt=\"\" width=\"800\" height=\"533\" srcset=\"https:\/\/www.fracturaexpuesta.com.ar\/tango\/wp-content\/uploads\/Nominados-Gardel-2019-qnlb.jpg 800w, https:\/\/www.fracturaexpuesta.com.ar\/tango\/wp-content\/uploads\/Nominados-Gardel-2019-qnlb-300x200.jpg 300w, https:\/\/www.fracturaexpuesta.com.ar\/tango\/wp-content\/uploads\/Nominados-Gardel-2019-qnlb-768x512.jpg 768w\" sizes=\"auto, (max-width: 800px) 100vw, 800px\" \/><figcaption id=\"caption-attachment-2738\" class=\"wp-caption-text\">El Quinteto Negro La Boca es uno de los grupos nominados por su disco \u00abCruces urbanos\u00bb.<\/figcaption><\/figure>\n\n\n<p class=\"wp-block-paragraph\"><strong>Mejor \u00e1lbum orquesta y\/o grupo de tango y\/o instrumental<\/strong><\/p>\n\n\n\n<p class=\"wp-block-paragraph\">Diego Schissi Quinteto \u2013 <em>Tanguera<\/em><br>Orquesta T\u00edpica Fern\u00e1ndez Fierro \u2013 <em>Ahora y siempre<\/em><br>Juan Pablo Navarro Sexteto \u2013 <em>Tangos de la posverdad<\/em><br>Quinteto Negro La Boca \u2013 <em>Cruces urbanos<\/em><br>Bernardo Monk Orquesta \u2013 <em>At\u00edpico<\/em><\/p>\n\n\n\n<p class=\"wp-block-paragraph\"><strong>Mejor \u00e1lbum artista femenina de tango<\/strong><\/p>\n\n\n\n<p class=\"wp-block-paragraph\">Lidia Borda \u2013 <em>Pu\u00f1al de sombra<\/em><br>Julieta Laso \u2013 <em>Martingala<\/em><br>Mar\u00eda Laura Antonelli \u2013 <em>Argent\u00edgena<\/em><br>Alicia Vignola \u2013 <em>Azsulado<\/em><br>Eva Fiori Orquesta \u2013 <em>En la boca del le\u00f3n<\/em><\/p>\n\n\n\n<p class=\"wp-block-paragraph\"><strong>Mejor \u00e1lbum artista masculino de tango<\/strong><\/p>\n\n\n\n<p class=\"wp-block-paragraph\">Omar Mollo \u2013 <em>Tango cosmopolita<\/em><br>Jorge V\u00e1zquez \u2013 <em>Pasional<\/em><br>Roberto Siri \u2013 <em>70 a\u00f1os de tango<\/em><br>Enrique Campos \u2013 <em>Roto<\/em><br>Cristian Chinellato \u2013 <em>Todo es amor<\/em><\/p>\n\n\n\n<p class=\"wp-block-paragraph\">Otros artistas nominados con ra\u00edces en el tango son Noelia Sinkunas, con su disco <em>Escenas de la nada mirar<\/em> (Mejor nuevo artista) y Las Rositas con <em>Universo paralelo<\/em> (Mejor \u00e1lbum m\u00fasica electr\u00f3nica).<\/p>\n","protected":false},"excerpt":{"rendered":"<p>Este a\u00f1o la premiaci\u00f3n ser\u00e1 en Mendoza. Propuestas renovadoras y cl\u00e1sicas integran las categor\u00edas de tango.<\/p>\n","protected":false},"author":1,"featured_media":2739,"comment_status":"open","ping_status":"open","sticky":false,"template":"","format":"standard","meta":{"footnotes":""},"categories":[3],"tags":[32,193,111],"class_list":["post-2737","post","type-post","status-publish","format-standard","has-post-thumbnail","hentry","category-noticias","tag-featured","tag-premios-gardel","tag-tango"],"_links":{"self":[{"href":"https:\/\/www.fracturaexpuesta.com.ar\/tango\/wp-json\/wp\/v2\/posts\/2737","targetHints":{"allow":["GET"]}}],"collection":[{"href":"https:\/\/www.fracturaexpuesta.com.ar\/tango\/wp-json\/wp\/v2\/posts"}],"about":[{"href":"https:\/\/www.fracturaexpuesta.com.ar\/tango\/wp-json\/wp\/v2\/types\/post"}],"author":[{"embeddable":true,"href":"https:\/\/www.fracturaexpuesta.com.ar\/tango\/wp-json\/wp\/v2\/users\/1"}],"replies":[{"embeddable":true,"href":"https:\/\/www.fracturaexpuesta.com.ar\/tango\/wp-json\/wp\/v2\/comments?post=2737"}],"version-history":[{"count":1,"href":"https:\/\/www.fracturaexpuesta.com.ar\/tango\/wp-json\/wp\/v2\/posts\/2737\/revisions"}],"predecessor-version":[{"id":2740,"href":"https:\/\/www.fracturaexpuesta.com.ar\/tango\/wp-json\/wp\/v2\/posts\/2737\/revisions\/2740"}],"wp:featuredmedia":[{"embeddable":true,"href":"https:\/\/www.fracturaexpuesta.com.ar\/tango\/wp-json\/wp\/v2\/media\/2739"}],"wp:attachment":[{"href":"https:\/\/www.fracturaexpuesta.com.ar\/tango\/wp-json\/wp\/v2\/media?parent=2737"}],"wp:term":[{"taxonomy":"category","embeddable":true,"href":"https:\/\/www.fracturaexpuesta.com.ar\/tango\/wp-json\/wp\/v2\/categories?post=2737"},{"taxonomy":"post_tag","embeddable":true,"href":"https:\/\/www.fracturaexpuesta.com.ar\/tango\/wp-json\/wp\/v2\/tags?post=2737"}],"curies":[{"name":"wp","href":"https:\/\/api.w.org\/{rel}","templated":true}]}}