{"id":2798,"date":"2019-05-07T01:56:42","date_gmt":"2019-05-07T01:56:42","guid":{"rendered":"http:\/\/www.fracturaexpuesta.com.ar\/tango\/?p=2798"},"modified":"2019-05-07T01:56:45","modified_gmt":"2019-05-07T01:56:45","slug":"evamerica-evita-segun-catulo-castillo-y-en-clave-teatral","status":"publish","type":"post","link":"https:\/\/www.fracturaexpuesta.com.ar\/tango\/evamerica-evita-segun-catulo-castillo-y-en-clave-teatral\/","title":{"rendered":"Evam\u00e9rica: Evita seg\u00fan C\u00e1tulo Castillo y en clave teatral"},"content":{"rendered":"\n<p class=\"wp-block-paragraph\">Este martes, cuando se cumplan 100 a\u00f1os del nacimiento de\nEvita, se pondr\u00e1 en escena la obra Evam\u00e9rica, una \u00abcantata\nl\u00edrico-popular\u00bb creada por el legendario poeta del tango C\u00e1tulo Castillo.<\/p>\n\n\n\n<p class=\"wp-block-paragraph\">Se trata de una obra in\u00e9dita, escrita en 1969 por Castillo y con la m\u00fasica de Rub\u00e9n Mazza, que tendr\u00e1 por primera vez su representaci\u00f3n en las tablas porte\u00f1as bajo la direcci\u00f3n de Guillermo Asencio y un elenco que conforman los cantantes Constanza Leone y Juan Feico, el actor Osvaldo Malizia, acompa\u00f1ados de coro y orquesta, y la direcci\u00f3n musical de Mar\u00eda In\u00e9s Natalucci.<\/p>\n\n\n\n<figure class=\"wp-block-image\"><img loading=\"lazy\" decoding=\"async\" width=\"800\" height=\"559\" src=\"https:\/\/www.fracturaexpuesta.com.ar\/tango\/wp-content\/uploads\/EVAMERICA-ELENCO.jpg\" alt=\"\" class=\"wp-image-2799\" srcset=\"https:\/\/www.fracturaexpuesta.com.ar\/tango\/wp-content\/uploads\/EVAMERICA-ELENCO.jpg 800w, https:\/\/www.fracturaexpuesta.com.ar\/tango\/wp-content\/uploads\/EVAMERICA-ELENCO-300x210.jpg 300w, https:\/\/www.fracturaexpuesta.com.ar\/tango\/wp-content\/uploads\/EVAMERICA-ELENCO-768x537.jpg 768w\" sizes=\"auto, (max-width: 800px) 100vw, 800px\" \/><figcaption>El elenco de Evam\u00e9rica.<\/figcaption><\/figure>\n\n\n\n<p class=\"wp-block-paragraph\">Evam\u00e9rica surgi\u00f3 del v\u00ednculo entre C\u00e1tulo y Mazza, viejos conocidos que, desde la d\u00e9cada del 50, compartieron distintos trabajos musicales para luego combinar fuerzas en una cantata que recorre po\u00e9ticamente la vida de Eva Per\u00f3n. All\u00ed aparecen momentos como la infancia de Eva en Jun\u00edn, el encuentro con Magaldi, la llegada a Buenos Aires, su v\u00ednculo con Per\u00f3n y su vida pol\u00edtica, entre otros.<\/p>\n\n\n\n<p class=\"wp-block-paragraph\"><em>Relato de malones y mangrullos \/ y patriadas y lanzas y centauros \/ bautizan esta historia, comenzada en mayo \/ Cinco hermanos, la casa, algunos yuyos \/ y la heredad sin lauros en Los Toldos \/ con carreteras de bueyes que llevan a Jun\u00edn<\/em>, relata la obertura de la obra cuando \u201cel pueblo espera el nacimiento de Eva\u201d.<\/p>\n\n\n\n<p class=\"wp-block-paragraph\">\u201cHace 50 a\u00f1os que se escribi\u00f3 esta obra que nunca se pudo\nestrenar formalmente en la Argentina, lo cual habla de nuestra historia de\nprohibiciones mezquinas y opresivas\u201d, remarca Asencio sobre Evam\u00e9rica.<\/p>\n\n\n\n<p class=\"wp-block-paragraph\">\u201cEn esta puesta en escena, donde rescatamos el nombre b\u00edblico de Mar\u00eda Eva, el pueblo es protagonista en las voces del coro y los solistas relatan, con la palabra sabia de C\u00e1tulo, la historia de esa et\u00e9rea figura que nace de un ser bien carnal, para luego transformarse en muchas hip\u00f3tesis imaginarias, en la vida del pueblo\u201d, agrega el director sobre \u00a0su trabajo con la obra de Castillo.<\/p>\n\n\n\n<p class=\"wp-block-paragraph\">Evam\u00e9rica se estrenar\u00e1 este martes, a las 21, en el\nTeatro Empire (Hip\u00f3lito Yrigoyen 1934) y luego tendr\u00e1 funciones los jueves a\nlas 21 y los domingos a las 20.<\/p>\n","protected":false},"excerpt":{"rendered":"<p>Se estrena en el Teatro Empire una cantata de C\u00e1tulo Castillo dedicada a la figura de Eva Per\u00f3n.<\/p>\n","protected":false},"author":1,"featured_media":2800,"comment_status":"open","ping_status":"open","sticky":false,"template":"","format":"standard","meta":{"footnotes":""},"categories":[5],"tags":[196,195,32,111],"class_list":["post-2798","post","type-post","status-publish","format-standard","has-post-thumbnail","hentry","category-buzon","tag-evamerica","tag-evita","tag-featured","tag-tango"],"_links":{"self":[{"href":"https:\/\/www.fracturaexpuesta.com.ar\/tango\/wp-json\/wp\/v2\/posts\/2798","targetHints":{"allow":["GET"]}}],"collection":[{"href":"https:\/\/www.fracturaexpuesta.com.ar\/tango\/wp-json\/wp\/v2\/posts"}],"about":[{"href":"https:\/\/www.fracturaexpuesta.com.ar\/tango\/wp-json\/wp\/v2\/types\/post"}],"author":[{"embeddable":true,"href":"https:\/\/www.fracturaexpuesta.com.ar\/tango\/wp-json\/wp\/v2\/users\/1"}],"replies":[{"embeddable":true,"href":"https:\/\/www.fracturaexpuesta.com.ar\/tango\/wp-json\/wp\/v2\/comments?post=2798"}],"version-history":[{"count":1,"href":"https:\/\/www.fracturaexpuesta.com.ar\/tango\/wp-json\/wp\/v2\/posts\/2798\/revisions"}],"predecessor-version":[{"id":2801,"href":"https:\/\/www.fracturaexpuesta.com.ar\/tango\/wp-json\/wp\/v2\/posts\/2798\/revisions\/2801"}],"wp:featuredmedia":[{"embeddable":true,"href":"https:\/\/www.fracturaexpuesta.com.ar\/tango\/wp-json\/wp\/v2\/media\/2800"}],"wp:attachment":[{"href":"https:\/\/www.fracturaexpuesta.com.ar\/tango\/wp-json\/wp\/v2\/media?parent=2798"}],"wp:term":[{"taxonomy":"category","embeddable":true,"href":"https:\/\/www.fracturaexpuesta.com.ar\/tango\/wp-json\/wp\/v2\/categories?post=2798"},{"taxonomy":"post_tag","embeddable":true,"href":"https:\/\/www.fracturaexpuesta.com.ar\/tango\/wp-json\/wp\/v2\/tags?post=2798"}],"curies":[{"name":"wp","href":"https:\/\/api.w.org\/{rel}","templated":true}]}}