{"id":2803,"date":"2019-05-12T22:30:19","date_gmt":"2019-05-12T22:30:19","guid":{"rendered":"http:\/\/www.fracturaexpuesta.com.ar\/tango\/?p=2803"},"modified":"2019-05-12T22:37:57","modified_gmt":"2019-05-12T22:37:57","slug":"oxidada-argentina-del-quinteto-negro-la-boca","status":"publish","type":"post","link":"https:\/\/www.fracturaexpuesta.com.ar\/tango\/oxidada-argentina-del-quinteto-negro-la-boca\/","title":{"rendered":"\u00abOxidada Argentina\u00bb, del Quinteto Negro La Boca"},"content":{"rendered":"\n<p class=\"wp-block-paragraph\">Tras conocerse su nominaci\u00f3n a los Premios Gardel en la categor\u00eda \u00abMejor \u00e1lbum orquesta y\/o grupo de tango y\/o instrumental\u00bb, el Quinteto Negro La Boca lanz\u00f3 un nuevo video.<\/p>\n\n\n\n<p class=\"wp-block-paragraph\">Se trata del tango \u00abOxidada Argentina\u00bb, un composici\u00f3n del bandoneonista Pablo Bernaba, perteneciente al disco <em>Cruces Urbanos<\/em>.<\/p>\n\n\n\n<p class=\"wp-block-paragraph\">Recientemente divulgado a trav\u00e9s las redes sociales del grupo, el video cuenta con la participaci\u00f3n \u00abPiti\u00bb Fern\u00e1ndez (Las Pastillas del Abuelo) que canta junto a Hern\u00e1n Fern\u00e1ndez, habitual cantor del quinteto.<\/p>\n\n\n\n<p class=\"wp-block-paragraph\">\u00abOxidada Argentina\u00bb contin\u00faa en la l\u00ednea de tangos sociales que el QNLB perfil\u00f3 desde sus primeros discos. \u00ab<em>Y se vive cuando el recuerdo no est\u00e1 \/ con la soga al cuello juntando migas de pan \/ dinero, delirio y pasi\u00f3n \/ Evita y el Che, olvido y un gol\u00bb,\u00a0<\/em>dice\u00a0el\u00a0tema\u00a0del grupo porte\u00f1o.<\/p>\n\n\n\n<p class=\"wp-block-paragraph\">Participan tambi\u00e9n del clip, Josefina Blanco y Pepa C\u00f3rdoba (AcroTango), Pablo Bernaba, Guillermo Borghi, Brisa Videla, Mart\u00edn Quintana, Oscar Pittana, Sebasti\u00e1n Colavecchia y Gustavo Arch<\/p>\n","protected":false},"excerpt":{"rendered":"<p>El nuevo video del grupo llega con la participaci\u00f3n especial de \u00abPiti\u00bb Fern\u00e1ndez de Las Pastillas del Abuelo.<\/p>\n","protected":false},"author":1,"featured_media":2804,"comment_status":"open","ping_status":"open","sticky":false,"template":"","format":"standard","meta":{"footnotes":""},"categories":[2],"tags":[32,112,111],"class_list":["post-2803","post","type-post","status-publish","format-standard","has-post-thumbnail","hentry","category-videos","tag-featured","tag-quinteto-negro-la-boca","tag-tango"],"_links":{"self":[{"href":"https:\/\/www.fracturaexpuesta.com.ar\/tango\/wp-json\/wp\/v2\/posts\/2803","targetHints":{"allow":["GET"]}}],"collection":[{"href":"https:\/\/www.fracturaexpuesta.com.ar\/tango\/wp-json\/wp\/v2\/posts"}],"about":[{"href":"https:\/\/www.fracturaexpuesta.com.ar\/tango\/wp-json\/wp\/v2\/types\/post"}],"author":[{"embeddable":true,"href":"https:\/\/www.fracturaexpuesta.com.ar\/tango\/wp-json\/wp\/v2\/users\/1"}],"replies":[{"embeddable":true,"href":"https:\/\/www.fracturaexpuesta.com.ar\/tango\/wp-json\/wp\/v2\/comments?post=2803"}],"version-history":[{"count":6,"href":"https:\/\/www.fracturaexpuesta.com.ar\/tango\/wp-json\/wp\/v2\/posts\/2803\/revisions"}],"predecessor-version":[{"id":2811,"href":"https:\/\/www.fracturaexpuesta.com.ar\/tango\/wp-json\/wp\/v2\/posts\/2803\/revisions\/2811"}],"wp:featuredmedia":[{"embeddable":true,"href":"https:\/\/www.fracturaexpuesta.com.ar\/tango\/wp-json\/wp\/v2\/media\/2804"}],"wp:attachment":[{"href":"https:\/\/www.fracturaexpuesta.com.ar\/tango\/wp-json\/wp\/v2\/media?parent=2803"}],"wp:term":[{"taxonomy":"category","embeddable":true,"href":"https:\/\/www.fracturaexpuesta.com.ar\/tango\/wp-json\/wp\/v2\/categories?post=2803"},{"taxonomy":"post_tag","embeddable":true,"href":"https:\/\/www.fracturaexpuesta.com.ar\/tango\/wp-json\/wp\/v2\/tags?post=2803"}],"curies":[{"name":"wp","href":"https:\/\/api.w.org\/{rel}","templated":true}]}}