{"id":2902,"date":"2019-06-13T17:47:26","date_gmt":"2019-06-13T17:47:26","guid":{"rendered":"http:\/\/www.fracturaexpuesta.com.ar\/tango\/?p=2902"},"modified":"2019-06-14T01:36:22","modified_gmt":"2019-06-14T01:36:22","slug":"picadito-de-tango-2-lidia-borda-ilustre-y-caravana-en-concierto","status":"publish","type":"post","link":"https:\/\/www.fracturaexpuesta.com.ar\/tango\/picadito-de-tango-2-lidia-borda-ilustre-y-caravana-en-concierto\/","title":{"rendered":"Picadito de tango #2: Lidia Borda ilustre y Caravana en concierto"},"content":{"rendered":"\n<p class=\"wp-block-paragraph\"><strong>Lidia Borda ser\u00e1 reconocida como \u00abciudadana ilustre\u00bb de Buenos Aires<\/strong><\/p>\n\n\n\n<p class=\"wp-block-paragraph\">Este viernes 14, a las 18.30, la cantante Lidia Borda, recientemente ganadora de su tercer Premio Gardel, recibir\u00e1 el reconocimiento de \u00abciudadana ilustre\u00bb en el Sal\u00f3n Dorado de la legislatura porte\u00f1a. <\/p>\n\n\n\n<p class=\"wp-block-paragraph\">\u00abEsta es la ciudad que habito, que vivo, que siento m\u00eda, que odio y amo casi por igual y cada cosa que hago con la m\u00fasica y el canto es lo que sale de lo m\u00e1s profundo de m\u00ed y que siento enlazada \u00edntimamente a esta geograf\u00eda. Si eso, que es lo poco y m\u00e1s amado que hago, justifica este reconocimiento que hoy me honra, bienvenido sea\u00bb, expres\u00f3 la cantante.<\/p>\n\n\n\n<p class=\"wp-block-paragraph\"><strong>Caravana: de tango, concierto y disco<\/strong><\/p>\n\n\n\n<p class=\"wp-block-paragraph\">El grupo contin\u00faa presentando los temas de su reciente EP <em>Amor y capitalismo<\/em>. El material reune composiciones propias en un formato de tango-canci\u00f3n y de fuerte impronta contempor\u00e1nea: \u00abuna po\u00e9tica surgida del amor, el desencuentro, las luchas y la vor\u00e1gine diaria que transita una persona en estos tiempos\u00bb. <\/p>\n\n\n\n<p class=\"wp-block-paragraph\">Caravana tocar\u00e1 el mi\u00e9rcoles 19 en el Centro Cultural Padre Mugica, a las 22, en un concierto doble que compartir\u00e1 con el Cuarteto La P\u00faa &amp; Victoria Di Raimondo.<\/p>\n\n\n\n<figure class=\"wp-block-embed-youtube wp-block-embed is-type-video is-provider-youtube wp-embed-aspect-16-9 wp-has-aspect-ratio\"><div class=\"wp-block-embed__wrapper\">\n<iframe loading=\"lazy\" title=\"Caravana - Amor y Capitalismo (Full Ep, 2019)\" width=\"640\" height=\"360\" src=\"https:\/\/www.youtube.com\/embed\/r1ckC4kWWQ8?feature=oembed\" frameborder=\"0\" allow=\"accelerometer; autoplay; clipboard-write; encrypted-media; gyroscope; picture-in-picture; web-share\" referrerpolicy=\"strict-origin-when-cross-origin\" allowfullscreen><\/iframe>\n<\/div><figcaption>\u00abAmor y capitalismo\u00bb, el EP completo de Caravana.<\/figcaption><\/figure>\n\n\n\n<p class=\"wp-block-paragraph\">\n\nConsult\u00e1 m\u00e1s conciertos en la&nbsp;<a rel=\"noreferrer noopener\" href=\"https:\/\/www.fracturaexpuesta.com.ar\/tango\/index.php\/agenda-de-tango\/\" target=\"_blank\">agenda de tango de Fractura Expuesta.<\/a><\/p>\n","protected":false},"excerpt":{"rendered":"<p>La cantante ser\u00e1 reconocida este viernes y el grupo de tango sigue presentando Amor y capitalismo.<\/p>\n","protected":false},"author":1,"featured_media":2901,"comment_status":"open","ping_status":"open","sticky":false,"template":"","format":"standard","meta":{"footnotes":""},"categories":[3],"tags":[203,32,202,201,111],"class_list":["post-2902","post","type-post","status-publish","format-standard","has-post-thumbnail","hentry","category-noticias","tag-caravana","tag-featured","tag-lidia-borda","tag-picadito","tag-tango"],"_links":{"self":[{"href":"https:\/\/www.fracturaexpuesta.com.ar\/tango\/wp-json\/wp\/v2\/posts\/2902","targetHints":{"allow":["GET"]}}],"collection":[{"href":"https:\/\/www.fracturaexpuesta.com.ar\/tango\/wp-json\/wp\/v2\/posts"}],"about":[{"href":"https:\/\/www.fracturaexpuesta.com.ar\/tango\/wp-json\/wp\/v2\/types\/post"}],"author":[{"embeddable":true,"href":"https:\/\/www.fracturaexpuesta.com.ar\/tango\/wp-json\/wp\/v2\/users\/1"}],"replies":[{"embeddable":true,"href":"https:\/\/www.fracturaexpuesta.com.ar\/tango\/wp-json\/wp\/v2\/comments?post=2902"}],"version-history":[{"count":5,"href":"https:\/\/www.fracturaexpuesta.com.ar\/tango\/wp-json\/wp\/v2\/posts\/2902\/revisions"}],"predecessor-version":[{"id":2913,"href":"https:\/\/www.fracturaexpuesta.com.ar\/tango\/wp-json\/wp\/v2\/posts\/2902\/revisions\/2913"}],"wp:featuredmedia":[{"embeddable":true,"href":"https:\/\/www.fracturaexpuesta.com.ar\/tango\/wp-json\/wp\/v2\/media\/2901"}],"wp:attachment":[{"href":"https:\/\/www.fracturaexpuesta.com.ar\/tango\/wp-json\/wp\/v2\/media?parent=2902"}],"wp:term":[{"taxonomy":"category","embeddable":true,"href":"https:\/\/www.fracturaexpuesta.com.ar\/tango\/wp-json\/wp\/v2\/categories?post=2902"},{"taxonomy":"post_tag","embeddable":true,"href":"https:\/\/www.fracturaexpuesta.com.ar\/tango\/wp-json\/wp\/v2\/tags?post=2902"}],"curies":[{"name":"wp","href":"https:\/\/api.w.org\/{rel}","templated":true}]}}