{"id":2925,"date":"2019-06-19T20:15:20","date_gmt":"2019-06-19T20:15:20","guid":{"rendered":"http:\/\/www.fracturaexpuesta.com.ar\/tango\/?p=2925"},"modified":"2019-06-19T20:20:20","modified_gmt":"2019-06-19T20:20:20","slug":"negro-latini-lo-importante-es-seguir-transformandonos-con-libertad","status":"publish","type":"post","link":"https:\/\/www.fracturaexpuesta.com.ar\/tango\/negro-latini-lo-importante-es-seguir-transformandonos-con-libertad\/","title":{"rendered":"\u00abNegro\u00bb Latini: \u00abLo importante es seguir transform\u00e1ndonos con libertad\u00bb"},"content":{"rendered":"\n<p class=\"wp-block-paragraph\"><strong> \u00bfUn disco, un libro, una pel\u00edcula?<\/strong><br><br><em>Manal<\/em> (La Bomba del 70), de Manal.<br><em>Operaci\u00f3n Masacre, <\/em>de Rodolfo Walsh.<br><em>Dead Man,<\/em> de Jim Jarmusch.<\/p>\n\n\n\n<p class=\"wp-block-paragraph\"><strong>\u00bfUn tango imprescindible?<\/strong><\/p>\n\n\n\n<p class=\"wp-block-paragraph\">\u00abTriunfal\u00bb, de Piazzolla por la orquesta de Troilo.<\/p>\n\n\n\n<p class=\"wp-block-paragraph\"><strong>\u00bfQu\u00e9 artista o disco recomienda para conocer lo que suena hoy en el tango?<\/strong><\/p>\n\n\n\n<p class=\"wp-block-paragraph\">Derrotas Cadenas, Cuarteto La P\u00faa con Victoria Di Raimondo, Taxxi Tango XXI, Pulice-DeVicenzo, Pittana&#8217;s Tango, Caravana (<em>Amor y Capitalismo<\/em>) y discos que ya tienen varios a\u00f1os como <em>Mucha Mierda<\/em> (OT Fern\u00e1ndez Fierro), <em>Bombay Bs.As<\/em>. (Bombay Bs.As.) y <em>Tango Agazapado<\/em> (La Chicana)<br><\/p>\n\n\n\n<script async=\"\" src=\"https:\/\/pagead2.googlesyndication.com\/pagead\/js\/adsbygoogle.js\"><\/script>\n<ins class=\"adsbygoogle\" style=\"display:block; text-align:center;\" data-ad-layout=\"in-article\" data-ad-format=\"fluid\" data-ad-client=\"ca-pub-2103671489020353\" data-ad-slot=\"7337250265\"><\/ins>\n<script>\n     (adsbygoogle = window.adsbygoogle || []).push({});\n<\/script>\n\n\n\n<p class=\"wp-block-paragraph\"><\/p>\n\n\n\n<p class=\"wp-block-paragraph\"><strong>\u00bfUn referente cl\u00e1sico que no hay que dejar de escuchar? <\/strong><\/p>\n\n\n\n<p class=\"wp-block-paragraph\">Roberto \u00abPolaco\u00bb Goyeneche por su interpretaci\u00f3n. Y si se me permite otro, por fuera del tango, Atahualpa Yupanqui.<br><\/p>\n\n\n\n<p class=\"wp-block-paragraph\"><strong>\u00bfC\u00f3mo y cu\u00e1ndo oye m\u00fasica? \u00bfVinilo, CD, mp3 o plataformas digitales? <\/strong><\/p>\n\n\n\n<p class=\"wp-block-paragraph\">En casa, cuando cocino o laburo, sino tirado en el sof\u00e1, casi siempre de noche o madrugada.\u00a0Uso mucho YouTube, a sabiendas de odiar sus publicidades y enganch\u00e1ndome de a poco con Spotify. Sino alg\u00fan que otro CD o vinilo.<\/p>\n\n\n\n<p class=\"wp-block-paragraph\"><strong>\u00bfQu\u00e9 ama del tango?<\/strong><\/p>\n\n\n\n<p class=\"wp-block-paragraph\">Su capacidad de atravesar el mundo, aunque ac\u00e1 no le den tanta bola y el espacio que se merece. Su resistencia a no oxidarse. Su manera de amalgamar. Sus estilos musicales y sus l\u00edricas. Su baile y el abrazo que lo hacen \u00fanico. Que siga naciendo hoy por hoy y, como dijo Marechal, sea \u00abuna posibilidad infinita\u00bb.<br><\/p>\n\n\n\n<p class=\"wp-block-paragraph\"><strong>\u00bfQu\u00e9 detesta del tango? <\/strong><\/p>\n\n\n\n<p class=\"wp-block-paragraph\">Del tango en s\u00ed, como m\u00fasica, nada. El tema somos nosotros. Todav\u00eda se sigue comparando y eso no sirve. Parece que rondar\u00eda alg\u00fan tipo de temor a ponerle o\u00eddo a lo actual, as\u00ed sea arrancando por un arreglo hasta una nueva composici\u00f3n. Hay mucha historia en el tango para aprender y lo importante no es solamente repetir lo bueno o \u00abexitoso\u00bb sino seguir transform\u00e1ndonos con total libertad.<\/p>\n\n\n\n<p class=\"wp-block-paragraph\"><strong>Si no se dedicara al tango \u00bfser\u00eda\u2026? <\/strong><\/p>\n\n\n\n<p class=\"wp-block-paragraph\">Dibujante, carpintero, ciclista.<\/p>\n\n\n\n<p class=\"wp-block-paragraph\"><strong>\u00bfCu\u00e1l fue su \u00faltimo sue\u00f1o? <\/strong><\/p>\n\n\n\n<p class=\"wp-block-paragraph\">No lo recuerdo. Vengo durmiendo profundo.<br><\/p>\n\n\n\n<p class=\"wp-block-paragraph\"><strong>Diga lo que tenga ganas de expresar en este momento\u2026 <\/strong><\/p>\n\n\n\n<p class=\"wp-block-paragraph\">\u00a1Viva la m\u00fasica! \u00a1Educaci\u00f3n P\u00fablica, Salud P\u00fablica y Trabajo para todxs! Pensemos en el otro, en lo colectivo. En estos meses, apoyemos un proyecto pol\u00edtico que genere inclusi\u00f3n y bienestar social y que permita el desarrollo desde todo punto de vista. Apaguen la tele y no voten pol\u00edticas neoliberales, vendepatria y negacionistas.<\/p>\n\n\n\n<iframe loading=\"lazy\" width=\"560\" height=\"315\" src=\"https:\/\/www.youtube.com\/embed\/r1ckC4kWWQ8\" frameborder=\"0\" allow=\"accelerometer; autoplay; encrypted-media; gyroscope; picture-in-picture\" allowfullscreen><\/iframe>\n\n\n\n<p class=\"wp-block-paragraph\"><\/p>\n","protected":false},"excerpt":{"rendered":"<p>Jorge \u00abNegro\u00bb Latini es cantor e integrante del grupo Caravana. Se suma a responder nuestro cuestionario.<\/p>\n","protected":false},"author":1,"featured_media":2926,"comment_status":"open","ping_status":"open","sticky":false,"template":"","format":"standard","meta":{"footnotes":""},"categories":[159],"tags":[32,204,111],"class_list":["post-2925","post","type-post","status-publish","format-standard","has-post-thumbnail","hentry","category-cuestionario-fractura-expuesta","tag-featured","tag-negro-latini","tag-tango"],"_links":{"self":[{"href":"https:\/\/www.fracturaexpuesta.com.ar\/tango\/wp-json\/wp\/v2\/posts\/2925","targetHints":{"allow":["GET"]}}],"collection":[{"href":"https:\/\/www.fracturaexpuesta.com.ar\/tango\/wp-json\/wp\/v2\/posts"}],"about":[{"href":"https:\/\/www.fracturaexpuesta.com.ar\/tango\/wp-json\/wp\/v2\/types\/post"}],"author":[{"embeddable":true,"href":"https:\/\/www.fracturaexpuesta.com.ar\/tango\/wp-json\/wp\/v2\/users\/1"}],"replies":[{"embeddable":true,"href":"https:\/\/www.fracturaexpuesta.com.ar\/tango\/wp-json\/wp\/v2\/comments?post=2925"}],"version-history":[{"count":6,"href":"https:\/\/www.fracturaexpuesta.com.ar\/tango\/wp-json\/wp\/v2\/posts\/2925\/revisions"}],"predecessor-version":[{"id":2933,"href":"https:\/\/www.fracturaexpuesta.com.ar\/tango\/wp-json\/wp\/v2\/posts\/2925\/revisions\/2933"}],"wp:featuredmedia":[{"embeddable":true,"href":"https:\/\/www.fracturaexpuesta.com.ar\/tango\/wp-json\/wp\/v2\/media\/2926"}],"wp:attachment":[{"href":"https:\/\/www.fracturaexpuesta.com.ar\/tango\/wp-json\/wp\/v2\/media?parent=2925"}],"wp:term":[{"taxonomy":"category","embeddable":true,"href":"https:\/\/www.fracturaexpuesta.com.ar\/tango\/wp-json\/wp\/v2\/categories?post=2925"},{"taxonomy":"post_tag","embeddable":true,"href":"https:\/\/www.fracturaexpuesta.com.ar\/tango\/wp-json\/wp\/v2\/tags?post=2925"}],"curies":[{"name":"wp","href":"https:\/\/api.w.org\/{rel}","templated":true}]}}