{"id":2935,"date":"2019-06-24T21:10:41","date_gmt":"2019-06-24T21:10:41","guid":{"rendered":"http:\/\/www.fracturaexpuesta.com.ar\/tango\/?p=2935"},"modified":"2019-06-25T00:33:20","modified_gmt":"2019-06-25T00:33:20","slug":"se-estrena-un-disparo-en-la-noche-ii","status":"publish","type":"post","link":"https:\/\/www.fracturaexpuesta.com.ar\/tango\/se-estrena-un-disparo-en-la-noche-ii\/","title":{"rendered":"Se estrena \u00abUn disparo en la noche II\u00bb"},"content":{"rendered":"\n<p class=\"wp-block-paragraph\">El documental que profundiza en la mirada de los creadores del \u00abnuevo tango-canci\u00f3n\u00bb tendr\u00e1 su estreno este viernes.<\/p>\n\n\n\n<p class=\"wp-block-paragraph\">Con direccion del vide\u00f3grafo y documentalista Alejandro Diez, <em>Un disparo en la noche II<\/em> registra las opiniones de los artistas que formaron parte de la grabaci\u00f3n del disco hom\u00f3nimo de la Orquesta T\u00edpica Juli\u00e1n Peralta y traza un cuadro acerca de los nuevos tiempos del tango.<\/p>\n\n\n\n<script async=\"\" src=\"https:\/\/pagead2.googlesyndication.com\/pagead\/js\/adsbygoogle.js\"><\/script>\n<ins class=\"adsbygoogle\" style=\"display:block; text-align:center;\" data-ad-layout=\"in-article\" data-ad-format=\"fluid\" data-ad-client=\"ca-pub-2103671489020353\" data-ad-slot=\"7337250265\"><\/ins>\n<script>\n     (adsbygoogle = window.adsbygoogle || []).push({});\n<\/script>\n\n\n\n<p class=\"wp-block-paragraph\"><\/p>\n\n\n\n<p class=\"wp-block-paragraph\">El film re\u00fane -con textos y entrevistas del cantautor Juan Seren- los testimonios de artistas como Dolores Sol\u00e1, el \u00abChino\u00bb Laborde, Victoria Di Raimondo, \u00abCucuza\u00bb Castiello, Alejandro Guyot y Mariano Gonz\u00e1lez Calo, entre muchos otros. Se suman las opiniones de periodistas como Mariano Del Mazo, V\u00edctor Hugo Morales y Andr\u00e9s Valenzuela.<\/p>\n\n\n<p><iframe loading=\"lazy\" width=\"560\" height=\"315\" src=\"https:\/\/www.youtube.com\/embed\/8kY_-CMN-CY\" frameborder=\"0\" allow=\"accelerometer; autoplay; encrypted-media; gyroscope; picture-in-picture\" allowfullscreen=\"\"><\/iframe><\/p>\n\n\n<p class=\"wp-block-paragraph\"><\/p>\n\n\n\n<p class=\"wp-block-paragraph\">\u00abHay algo de cierto en eso que se dice acerca de que vivimos una nueva \u00e9poca dorada del tango\u00bb, expresa Juan Seren en el documental que va creando una trama de hip\u00f3tesis que intentan configurar un panorama acerca de la vida actual del g\u00e9nero.<\/p>\n\n\n\n<p class=\"wp-block-paragraph\">Lo cierto es que \u00abse escuchan los disparos en la noche\u00bb. Son nuevos tangos. Son las se\u00f1ales de que quienes hacen el tango de hoy. <\/p>\n\n\n\n<p class=\"wp-block-paragraph\">\u00ab\u00bfUna nueva \u00e9poca de oro del tango en la Argentina o una \u00e9poca donde el tango resiste y nadie se entera?\u00bb, interpela el documental. La respuesta est\u00e1 en sus protagonistas.<\/p>\n\n\n\n<p class=\"has-background has-pale-cyan-blue-background-color wp-block-paragraph\"><strong>Un disparo en la noche II <\/strong>se estrena este viernes 28, a las 19, en el auditorio Leonardo Favio de la Biblioteca del Congreso de la Naci\u00f3n (Adolfo Alsina 1835).<\/p>\n","protected":false},"excerpt":{"rendered":"<p>La pel\u00edcula retrata la opini\u00f3n de los nuevos artistas de tango y configura un panorama de la escena actual.<\/p>\n","protected":false},"author":1,"featured_media":2940,"comment_status":"open","ping_status":"open","sticky":false,"template":"","format":"standard","meta":{"footnotes":""},"categories":[5],"tags":[32,111,205],"class_list":["post-2935","post","type-post","status-publish","format-standard","has-post-thumbnail","hentry","category-buzon","tag-featured","tag-tango","tag-un-disparo-en-la-noche"],"_links":{"self":[{"href":"https:\/\/www.fracturaexpuesta.com.ar\/tango\/wp-json\/wp\/v2\/posts\/2935","targetHints":{"allow":["GET"]}}],"collection":[{"href":"https:\/\/www.fracturaexpuesta.com.ar\/tango\/wp-json\/wp\/v2\/posts"}],"about":[{"href":"https:\/\/www.fracturaexpuesta.com.ar\/tango\/wp-json\/wp\/v2\/types\/post"}],"author":[{"embeddable":true,"href":"https:\/\/www.fracturaexpuesta.com.ar\/tango\/wp-json\/wp\/v2\/users\/1"}],"replies":[{"embeddable":true,"href":"https:\/\/www.fracturaexpuesta.com.ar\/tango\/wp-json\/wp\/v2\/comments?post=2935"}],"version-history":[{"count":16,"href":"https:\/\/www.fracturaexpuesta.com.ar\/tango\/wp-json\/wp\/v2\/posts\/2935\/revisions"}],"predecessor-version":[{"id":2955,"href":"https:\/\/www.fracturaexpuesta.com.ar\/tango\/wp-json\/wp\/v2\/posts\/2935\/revisions\/2955"}],"wp:featuredmedia":[{"embeddable":true,"href":"https:\/\/www.fracturaexpuesta.com.ar\/tango\/wp-json\/wp\/v2\/media\/2940"}],"wp:attachment":[{"href":"https:\/\/www.fracturaexpuesta.com.ar\/tango\/wp-json\/wp\/v2\/media?parent=2935"}],"wp:term":[{"taxonomy":"category","embeddable":true,"href":"https:\/\/www.fracturaexpuesta.com.ar\/tango\/wp-json\/wp\/v2\/categories?post=2935"},{"taxonomy":"post_tag","embeddable":true,"href":"https:\/\/www.fracturaexpuesta.com.ar\/tango\/wp-json\/wp\/v2\/tags?post=2935"}],"curies":[{"name":"wp","href":"https:\/\/api.w.org\/{rel}","templated":true}]}}