{"id":2978,"date":"2019-07-01T14:06:39","date_gmt":"2019-07-01T14:06:39","guid":{"rendered":"http:\/\/www.fracturaexpuesta.com.ar\/tango\/?p=2978"},"modified":"2019-07-01T14:08:45","modified_gmt":"2019-07-01T14:08:45","slug":"guerrero-no-me-dedico-al-tango-soy-tango","status":"publish","type":"post","link":"https:\/\/www.fracturaexpuesta.com.ar\/tango\/guerrero-no-me-dedico-al-tango-soy-tango\/","title":{"rendered":"Agust\u00edn Guerrero: \u00abNo me dedico al tango, soy tango\u00bb"},"content":{"rendered":"\n<p class=\"wp-block-paragraph\"><strong>\u00bfUn disco, un libro, una pel\u00edcula?<\/strong><\/p>\n\n\n\n<p class=\"wp-block-paragraph\"><em>Boulez Conducts Zappa: The Perfect Stranger<\/em>, de Frank Zappa. <br><em>Cartas<\/em>, de Arnold Sch\u00f6enberg. <br><em>Mart\u00edn Fierro<\/em>, de Leopoldo Torre Nilson.<\/p>\n\n\n\n<p class=\"wp-block-paragraph\"><strong>\u00bfUn tango imprescindible?<\/strong><\/p>\n\n\n\n<p class=\"wp-block-paragraph\">\u00abSerial Dodecaf\u00f3nico\u00bb, de Eduardo Rovira.<\/p>\n\n\n\n<p class=\"wp-block-paragraph\">\u00bf<strong>Qu\u00e9 artista o disco recomienda para conocer lo que suena hoy en el tango?<\/strong><\/p>\n\n\n\n<p class=\"wp-block-paragraph\">Ni un artista ni un disco alcanza para eso. M\u00e1s que recomendar, invito a escuchar la obra instrumental de Diego Schissi Quinteto y la obra cantada de Leonel Capitano.<\/p>\n\n\n\n<p class=\"wp-block-paragraph\"><strong>\u00bfUn referente cl\u00e1sico que no hay que dejar de escuchar?<\/strong><\/p>\n\n\n\n<p class=\"wp-block-paragraph\">Dos&#8230; Gardel y Salg\u00e1n.<\/p>\n\n\n\n<script async=\"\" src=\"https:\/\/pagead2.googlesyndication.com\/pagead\/js\/adsbygoogle.js\"><\/script>\n<ins class=\"adsbygoogle\" style=\"display:block; text-align:center;\" data-ad-layout=\"in-article\" data-ad-format=\"fluid\" data-ad-client=\"ca-pub-2103671489020353\" data-ad-slot=\"7337250265\"><\/ins>\n<script>\n     (adsbygoogle = window.adsbygoogle || []).push({});\n<\/script>\n\n\n\n<p class=\"wp-block-paragraph\"><\/p>\n\n\n\n<p class=\"wp-block-paragraph\"><strong>\u00bfC\u00f3mo y cu\u00e1ndo oye m\u00fasica? \u00bfVinilo, CD, mp3 o plataformas digitales?<\/strong><\/p>\n\n\n\n<p class=\"wp-block-paragraph\">Por plataformas digitales. Cuando como, lavo los platos o descubro algo que me obliga a sentarme solo a escuchar atentamente.<\/p>\n\n\n\n<p class=\"wp-block-paragraph\"><strong>\u00bfQu\u00e9 ama del tango?<\/strong><\/p>\n\n\n\n<p class=\"wp-block-paragraph\">Cuando uno ama algo, lo ama por completo.<\/p>\n\n\n\n<p class=\"wp-block-paragraph\"><strong>\u00bfQu\u00e9 detesta del tango?<\/strong><\/p>\n\n\n\n<p class=\"wp-block-paragraph\">Del tango nada, del tanguero casi todo.<\/p>\n\n\n\n<p class=\"wp-block-paragraph\"><strong>Si no se dedicara al tango \u00bfser\u00eda\u2026?<\/strong><\/p>\n\n\n\n<p class=\"wp-block-paragraph\">No me dedico al tango, \u00absoy tango\u00bb y me dedico a la m\u00fasica.<\/p>\n\n\n\n<p class=\"wp-block-paragraph\"><strong>\u00bfCu\u00e1l fue su \u00faltimo sue\u00f1o?<\/strong><\/p>\n\n\n\n<p class=\"wp-block-paragraph\">Ir a buscar a mi compa\u00f1era que llegaba del laburo a la parada del bondi por las calles del barrio El Gaucho, de Burzaco.<\/p>\n\n\n\n<p class=\"wp-block-paragraph\"><strong>Diga lo que tenga ganas de expresar en este momento\u2026<\/strong><\/p>\n\n\n\n<p class=\"wp-block-paragraph\"><\/p>\n\n\n\n<p class=\"wp-block-paragraph\">SOL, SIb, RE, FA#, LA, DO, MI, SOL#, SI, DO#, RE# Y FA.<\/p>\n\n\n<iframe loading=\"lazy\" width=\"600\" height=\"355\" src=\"https:\/\/www.youtube.com\/embed\/TBcOVdMmOCw\" frameborder=\"0\" allow=\"accelerometer; autoplay; encrypted-media; gyroscope; picture-in-picture\" allowfullscreen=\"\"><\/iframe>\n\n\n<p class=\"has-background has-pale-cyan-blue-background-color wp-block-paragraph\"><strong>Se viene \u00abEstupidez\u00bb<\/strong><br><br>Tras varios a\u00f1os de trabajo compositivo, Agust\u00edn Guerrero presentar\u00e1 en julio y agosto su obra conceptual Estupidez. Junto a su quinteto, mostrar\u00e1 los temas de una propuesta integral y renovadora que re\u00fane m\u00fasica, poes\u00eda y artes visuales.<br><br>\u25cf Buenos Aires \/ viernes 19 de julio, a las 22.30<br> Presentaci\u00f3n en el Ciclo Nuevo Tango Baires, Espacio Cultural Oliverio Girondo, Vera 574.<br>\u25cf Rosario \/ domingo 21 de julio, a las 21<br>Complejo Cultural Atlas, Mitre 645.<br>\u25cf La Plata \/ Viernes 2 de agosto, a las 21:30<br>Estaci\u00f3n Provincial, 17 y 71 (sala A).<br>\u25cf Temperley \/ S\u00e1bado 3 de agosto, a las 22<br>El Padilla \u2013 Espacio Cultural, Meeks 1058.<br><\/p>\n\n\n\n<p class=\"wp-block-paragraph\"><br><\/p>\n","protected":false},"excerpt":{"rendered":"<p>A poco de estrenar los temas de su obra Estupidez, el pianista y compositor respondi\u00f3 el \u00abCuestionario Fractura Expuesta\u00bb <\/p>\n","protected":false},"author":1,"featured_media":2979,"comment_status":"open","ping_status":"open","sticky":false,"template":"","format":"standard","meta":{"footnotes":""},"categories":[159],"tags":[167,32,111],"class_list":["post-2978","post","type-post","status-publish","format-standard","has-post-thumbnail","hentry","category-cuestionario-fractura-expuesta","tag-agustin-guerrero-quinteto","tag-featured","tag-tango"],"_links":{"self":[{"href":"https:\/\/www.fracturaexpuesta.com.ar\/tango\/wp-json\/wp\/v2\/posts\/2978","targetHints":{"allow":["GET"]}}],"collection":[{"href":"https:\/\/www.fracturaexpuesta.com.ar\/tango\/wp-json\/wp\/v2\/posts"}],"about":[{"href":"https:\/\/www.fracturaexpuesta.com.ar\/tango\/wp-json\/wp\/v2\/types\/post"}],"author":[{"embeddable":true,"href":"https:\/\/www.fracturaexpuesta.com.ar\/tango\/wp-json\/wp\/v2\/users\/1"}],"replies":[{"embeddable":true,"href":"https:\/\/www.fracturaexpuesta.com.ar\/tango\/wp-json\/wp\/v2\/comments?post=2978"}],"version-history":[{"count":9,"href":"https:\/\/www.fracturaexpuesta.com.ar\/tango\/wp-json\/wp\/v2\/posts\/2978\/revisions"}],"predecessor-version":[{"id":2989,"href":"https:\/\/www.fracturaexpuesta.com.ar\/tango\/wp-json\/wp\/v2\/posts\/2978\/revisions\/2989"}],"wp:featuredmedia":[{"embeddable":true,"href":"https:\/\/www.fracturaexpuesta.com.ar\/tango\/wp-json\/wp\/v2\/media\/2979"}],"wp:attachment":[{"href":"https:\/\/www.fracturaexpuesta.com.ar\/tango\/wp-json\/wp\/v2\/media?parent=2978"}],"wp:term":[{"taxonomy":"category","embeddable":true,"href":"https:\/\/www.fracturaexpuesta.com.ar\/tango\/wp-json\/wp\/v2\/categories?post=2978"},{"taxonomy":"post_tag","embeddable":true,"href":"https:\/\/www.fracturaexpuesta.com.ar\/tango\/wp-json\/wp\/v2\/tags?post=2978"}],"curies":[{"name":"wp","href":"https:\/\/api.w.org\/{rel}","templated":true}]}}