{"id":2996,"date":"2019-07-09T14:48:00","date_gmt":"2019-07-09T14:48:00","guid":{"rendered":"http:\/\/www.fracturaexpuesta.com.ar\/tango\/?p=2996"},"modified":"2019-07-09T14:50:26","modified_gmt":"2019-07-09T14:50:26","slug":"con-el-video-de-gato-el-qnlb-adelanta-su-proximo-disco","status":"publish","type":"post","link":"https:\/\/www.fracturaexpuesta.com.ar\/tango\/con-el-video-de-gato-el-qnlb-adelanta-su-proximo-disco\/","title":{"rendered":"Con el video de \u00abGato\u00bb, el QNLB adelanta su pr\u00f3ximo disco"},"content":{"rendered":"\n<p class=\"wp-block-paragraph\">El Quinteto Negro La Boca lanz\u00f3 recientemente su tema \u00abGato\u00bb, una composici\u00f3n que fusiona cumbia y tango y que refuerza su propuesta de intercambio entre la m\u00fasica ciudadana y distintos estilos musicales.<\/p>\n\n\n\n<p class=\"wp-block-paragraph\">Con alusiones al actual contexto pol\u00edtico, econ\u00f3mico y social de la Argentina, el QNLB adelanta as\u00ed parte del material que ser\u00e1 incluido en su disco Cruces Urbanos II.<\/p>\n\n\n\n<p class=\"wp-block-paragraph\">Interpretado por los cantantes Hern\u00e1n Fern\u00e1ndez y Brisa Videla y compuesto por el bandoneonista Pablo Bernaba, \u00abGato\u00bb muestra a comerciantes, jubilados y docentes que exponen temas como el recorte de salarios, la deuda externa y el ensanchamiento de la pobreza.<\/p>\n\n\n\n<p class=\"wp-block-paragraph\">\u00abEs que la gente ya no tiene un carajo para morfar\u00bb, dice el nuevo tema del Quinteto Negro La Boca que vuelve a mostrar, como ya lo hizo en \u00abRuido\u00bb, globos amarillos que enmarcan la cr\u00edtica del grupo..<\/p>\n\n\n\n<p class=\"wp-block-paragraph\"><\/p>\n\n\n\n<iframe loading=\"lazy\" width=\"600\" height=\"355\" src=\"https:\/\/www.youtube.com\/embed\/UHa7ElfNT0E\" frameborder=\"0\" allow=\"accelerometer; autoplay; encrypted-media; gyroscope; picture-in-picture\" allowfullscreen=\"\"><\/iframe>\n\n\n\n<p class=\"wp-block-paragraph\"><\/p>\n","protected":false},"excerpt":{"rendered":"<p>El nuevo tema del grupo da cuenta del contexto social y econ\u00f3mico que atraviesa el pa\u00eds.<\/p>\n","protected":false},"author":1,"featured_media":2997,"comment_status":"open","ping_status":"open","sticky":false,"template":"","format":"standard","meta":{"footnotes":""},"categories":[2],"tags":[32,112,111],"class_list":["post-2996","post","type-post","status-publish","format-standard","has-post-thumbnail","hentry","category-videos","tag-featured","tag-quinteto-negro-la-boca","tag-tango"],"_links":{"self":[{"href":"https:\/\/www.fracturaexpuesta.com.ar\/tango\/wp-json\/wp\/v2\/posts\/2996","targetHints":{"allow":["GET"]}}],"collection":[{"href":"https:\/\/www.fracturaexpuesta.com.ar\/tango\/wp-json\/wp\/v2\/posts"}],"about":[{"href":"https:\/\/www.fracturaexpuesta.com.ar\/tango\/wp-json\/wp\/v2\/types\/post"}],"author":[{"embeddable":true,"href":"https:\/\/www.fracturaexpuesta.com.ar\/tango\/wp-json\/wp\/v2\/users\/1"}],"replies":[{"embeddable":true,"href":"https:\/\/www.fracturaexpuesta.com.ar\/tango\/wp-json\/wp\/v2\/comments?post=2996"}],"version-history":[{"count":10,"href":"https:\/\/www.fracturaexpuesta.com.ar\/tango\/wp-json\/wp\/v2\/posts\/2996\/revisions"}],"predecessor-version":[{"id":3007,"href":"https:\/\/www.fracturaexpuesta.com.ar\/tango\/wp-json\/wp\/v2\/posts\/2996\/revisions\/3007"}],"wp:featuredmedia":[{"embeddable":true,"href":"https:\/\/www.fracturaexpuesta.com.ar\/tango\/wp-json\/wp\/v2\/media\/2997"}],"wp:attachment":[{"href":"https:\/\/www.fracturaexpuesta.com.ar\/tango\/wp-json\/wp\/v2\/media?parent=2996"}],"wp:term":[{"taxonomy":"category","embeddable":true,"href":"https:\/\/www.fracturaexpuesta.com.ar\/tango\/wp-json\/wp\/v2\/categories?post=2996"},{"taxonomy":"post_tag","embeddable":true,"href":"https:\/\/www.fracturaexpuesta.com.ar\/tango\/wp-json\/wp\/v2\/tags?post=2996"}],"curies":[{"name":"wp","href":"https:\/\/api.w.org\/{rel}","templated":true}]}}