{"id":3008,"date":"2019-07-11T19:34:44","date_gmt":"2019-07-11T19:34:44","guid":{"rendered":"http:\/\/www.fracturaexpuesta.com.ar\/tango\/?p=3008"},"modified":"2019-07-11T19:44:09","modified_gmt":"2019-07-11T19:44:09","slug":"arranca-la-nueva-edicion-del-certamen-hugo-del-carril-con-importantes-invitados","status":"publish","type":"post","link":"https:\/\/www.fracturaexpuesta.com.ar\/tango\/arranca-la-nueva-edicion-del-certamen-hugo-del-carril-con-importantes-invitados\/","title":{"rendered":"Arranca otra edici\u00f3n del Certamen Hugo del Carril con importantes invitados"},"content":{"rendered":"\n<p class=\"wp-block-paragraph\">A partir del 21 de julio, comenzar\u00e1n las rondas clasificatorias de la 25\u00ba edici\u00f3n del Certamen de Tango Hugo del Carril.<\/p>\n\n\n\n<p class=\"wp-block-paragraph\">La iniciativa se realizar\u00e1 esta vez en espacios culturales de los barrios de San Crist\u00f3bal, Chacarita, Boedo, V\u00e9lez Sarsfield (Flores\/Floresta), Villa Urquiza y Caballito. All\u00ed se llevar\u00e1n a cabo las clasificaciones que conducir\u00e1n a los artistas a la etapa final.<\/p>\n\n\n\n<p class=\"wp-block-paragraph\">El certamen incluir\u00e1 adem\u00e1s la participaci\u00f3n de destacados artistas, varios de ellos ganadores del concurso, como Hern\u00e1n Lucero, Hern\u00e1n \u00abCucuza\u00bb Castiello (ganador 2005), Guillermo Fern\u00e1ndez, \u00abCardenal\u00bb Dom\u00ednguez (ganador 1996), Noelia Moncada (ganadora 2001), Lidia Borda y la Orquesta del Tango de Buenos Aires.<\/p>\n\n\n\n<script async=\"\" src=\"https:\/\/pagead2.googlesyndication.com\/pagead\/js\/adsbygoogle.js\"><\/script>\n<ins class=\"adsbygoogle\" style=\"display:block; text-align:center;\" data-ad-layout=\"in-article\" data-ad-format=\"fluid\" data-ad-client=\"ca-pub-2103671489020353\" data-ad-slot=\"7337250265\"><\/ins>\n<script>\n     (adsbygoogle = window.adsbygoogle || []).push({});\n<\/script>\n\n\n\n<p class=\"wp-block-paragraph\"><\/p>\n\n\n\n<p class=\"wp-block-paragraph\">Para la nueva edici\u00f3n, el jurado estar\u00e1 integrado por Nicol\u00e1s Ledesma (composici\u00f3n), Claudia Bozzo (danza), Patricia Barone (canto), Esteban Riera (canto) y Mat\u00edas Mauricio (letra).<\/p>\n\n\n\n<p class=\"wp-block-paragraph\">Los m\u00fasicos acompa\u00f1antes ser\u00e1n Juli\u00e1n Hermida (guitarra), Mat\u00edas Feij\u00edn (teclados) y Mart\u00edn Cecconi (bandone\u00f3n) y la conducci\u00f3n del certamen estar\u00e1 a cargo de la locutora Mariana Fossatti.<\/p>\n\n\n\n<p class=\"wp-block-paragraph\"><strong>El cronograma de rondas<\/strong><\/p>\n\n\n\n<ul class=\"wp-block-list\"><li>1ra. Ronda<br>Domingo 21 de julio a las 19.30 hs.<br>Espacio Cultural Resurgimiento. Gral. Jos\u00e9 Gervasio Artigas 2262 \/ Villa del Parque.<br>Artista invitado: Hern\u00e1n Lucero<\/li><\/ul>\n\n\n\n<ul class=\"wp-block-list\"><li>2da. Ronda<br>S\u00e1bado 7 de septiembre a las 20 hs.<br>Espacio Cultural Juli\u00e1n Centeya. Av. San Juan 3255 \/ San Crist\u00f3bal.<br>Artista invitado: Hern\u00e1n \u201cCucuza\u201d Castiello<\/li><\/ul>\n\n\n\n<ul class=\"wp-block-list\"><li>3ra. Ronda<br>Domingo 15 de septiembre a las 19 hs.<br>Espacio Cultural Carlos Gardel. Olleros 3640 \/ Chacarita.<br>D\u00fao Guillermo Fern\u00e1ndez \/ C\u00e9sar Angeleri<\/li><\/ul>\n\n\n\n<ul class=\"wp-block-list\"><li>4ta. Ronda<br>S\u00e1bado 5 de octubre a las 17 hs.<br>Esquina Homero Manzi. Av. San Juan 3601 \/ Boedo<br>Artista invitado: Cardenal Dom\u00ednguez<\/li><\/ul>\n\n\n\n<ul class=\"wp-block-list\"><li>Ronda Semifinal<br>Domingo 20 de octubre a las 20 hs.<br>Teatro Gran Rivadavia. Av. Rivadavia 8636 \/ V\u00e9lez Sarsfield<br>Artista invitada: Noelia Moncada<\/li><\/ul>\n\n\n\n<ul class=\"wp-block-list\"><li>Ronda Final<br>S\u00e1bado 16 de noviembre a las 16.30 hs.<br>Teatro 25 de Mayo. Av. Triunvirato 4444 \/ Villa Urquiza<br>Artista invitada: Lidia Borda<\/li><\/ul>\n\n\n\n<ul class=\"wp-block-list\"><li>Premiaci\u00f3n<br>Mi\u00e9rcoles 11 de diciembre a las 20 hs.<br>Anfiteatro del Parque Centenario. Av. Lillo y Leopoldo Marechal \/ Caballito<br>Orquesta del Tango de Buenos Aires<\/li><\/ul>\n\n\n\n<p class=\"wp-block-paragraph\">El anuncio de los ganadores se realizar\u00e1 al final de cada ronda y habr\u00e1 milonga abierta.<\/p>\n\n\n\n<p class=\"wp-block-paragraph\"><strong>Los premios<\/strong><\/p>\n\n\n\n<p class=\"wp-block-paragraph\">Para las categor\u00edas Canto y Danza, el premio consistir\u00e1 en una actuaci\u00f3n junto a la Orquesta del Tango de Buenos Aires a concretarse el 11 de diciembre, fecha en que se conmemora el D\u00eda del Tango. Se realizar\u00e1 adem\u00e1s, durante 2019, una actuaci\u00f3n junto a la Orquesta del Tango de Buenos Aires, donde ser\u00e1n anunciados como \u201cNuevos Talentos\u201d y una actuaci\u00f3n en el D\u00eda de la M\u00fasica.<\/p>\n\n\n\n<p class=\"wp-block-paragraph\">Para Canto femenino y masculino se realizar\u00e1 una grabaci\u00f3n \u201cdemo\u201d en Estudio Urbano.<\/p>\n\n\n\n<p class=\"wp-block-paragraph\">En Letra, la obra ganadora ser\u00e1 le\u00edda durante la premiaci\u00f3n del certamen, el 11 de diciembre.<\/p>\n\n\n\n<p class=\"wp-block-paragraph\">En Composici\u00f3n, el autor\/autora ser\u00e1 convocado para interpretar la obra durante la premiaci\u00f3n del certamen.<\/p>\n","protected":false},"excerpt":{"rendered":"<p>El tradicional concurso reconocer\u00e1 a artistas en las categor\u00edas Canto, Danza, Letra y Composici\u00f3n.<\/p>\n","protected":false},"author":1,"featured_media":3010,"comment_status":"open","ping_status":"open","sticky":false,"template":"","format":"standard","meta":{"footnotes":""},"categories":[5],"tags":[32,208,111],"class_list":["post-3008","post","type-post","status-publish","format-standard","has-post-thumbnail","hentry","category-buzon","tag-featured","tag-hugo-del-carril","tag-tango"],"_links":{"self":[{"href":"https:\/\/www.fracturaexpuesta.com.ar\/tango\/wp-json\/wp\/v2\/posts\/3008","targetHints":{"allow":["GET"]}}],"collection":[{"href":"https:\/\/www.fracturaexpuesta.com.ar\/tango\/wp-json\/wp\/v2\/posts"}],"about":[{"href":"https:\/\/www.fracturaexpuesta.com.ar\/tango\/wp-json\/wp\/v2\/types\/post"}],"author":[{"embeddable":true,"href":"https:\/\/www.fracturaexpuesta.com.ar\/tango\/wp-json\/wp\/v2\/users\/1"}],"replies":[{"embeddable":true,"href":"https:\/\/www.fracturaexpuesta.com.ar\/tango\/wp-json\/wp\/v2\/comments?post=3008"}],"version-history":[{"count":6,"href":"https:\/\/www.fracturaexpuesta.com.ar\/tango\/wp-json\/wp\/v2\/posts\/3008\/revisions"}],"predecessor-version":[{"id":3017,"href":"https:\/\/www.fracturaexpuesta.com.ar\/tango\/wp-json\/wp\/v2\/posts\/3008\/revisions\/3017"}],"wp:featuredmedia":[{"embeddable":true,"href":"https:\/\/www.fracturaexpuesta.com.ar\/tango\/wp-json\/wp\/v2\/media\/3010"}],"wp:attachment":[{"href":"https:\/\/www.fracturaexpuesta.com.ar\/tango\/wp-json\/wp\/v2\/media?parent=3008"}],"wp:term":[{"taxonomy":"category","embeddable":true,"href":"https:\/\/www.fracturaexpuesta.com.ar\/tango\/wp-json\/wp\/v2\/categories?post=3008"},{"taxonomy":"post_tag","embeddable":true,"href":"https:\/\/www.fracturaexpuesta.com.ar\/tango\/wp-json\/wp\/v2\/tags?post=3008"}],"curies":[{"name":"wp","href":"https:\/\/api.w.org\/{rel}","templated":true}]}}