{"id":3037,"date":"2019-07-18T19:24:41","date_gmt":"2019-07-18T19:24:41","guid":{"rendered":"http:\/\/www.fracturaexpuesta.com.ar\/tango\/?p=3037"},"modified":"2021-10-27T02:05:44","modified_gmt":"2021-10-27T02:05:44","slug":"picadito-de-tango-3-el-muro-laborde-kvitko-y-la-biaba","status":"publish","type":"post","link":"https:\/\/www.fracturaexpuesta.com.ar\/tango\/picadito-de-tango-3-el-muro-laborde-kvitko-y-la-biaba\/","title":{"rendered":"Picadito de tango #3: El Muro, Laborde-Kvitko y La Biaba"},"content":{"rendered":"\n<p class=\"wp-block-paragraph\"><strong>El Muro y un concierto especial en Holanda<\/strong><\/p>\n\n\n\n<p class=\"wp-block-paragraph\">El quinteto noruego-argentino se presentar\u00e1 el 4 de agosto en el prestigioso teatro holand\u00e9s Royal Concertgebouw. Junto al cantor Juan Villarreal llevar\u00e1n adelante un repertorio de tangos cl\u00e1sicos y contempor\u00e1neos.<\/p>\n\n\n\n<p class=\"wp-block-paragraph\">\u00abTocar en Concertgebouw es un momento destacado de nuestra carrera y es algo que estuvimos esperando con ansias durante bastante tiempo\u00bb, dijo el pianista Juan Pablo de Lucca, nieto del legendario cantante y actor Alberto Castillo.<\/p>\n\n\n\n<p class=\"wp-block-paragraph\">\u201cTocaremos una o dos piezas de Piazzolla pero el enfoque principal estar\u00e1 en composiciones originales y tangos tradicionales en arreglos propios. La gente puede esperar mucha energ\u00eda y bellas melod\u00edas\u201d, adelant\u00f3 de Lucca.<\/p>\n\n\n\n<script async=\"\" src=\"https:\/\/pagead2.googlesyndication.com\/pagead\/js\/adsbygoogle.js\"><\/script>\n<ins class=\"adsbygoogle\" style=\"display:block; text-align:center;\" data-ad-layout=\"in-article\" data-ad-format=\"fluid\" data-ad-client=\"ca-pub-2103671489020353\" data-ad-slot=\"7337250265\"><\/ins>\n<script>\n     (adsbygoogle = window.adsbygoogle || []).push({});\n<\/script>\n\n\n\n<p class=\"wp-block-paragraph\"><\/p>\n\n\n\n<p class=\"wp-block-paragraph\"><strong>\u2018Ntend\u00e9?<\/strong><\/p>\n\n\n\n<p class=\"wp-block-paragraph\">El cantor \u201cChino\u201d Laborde y el guitarrista \u201cDipi\u201d Kvitko anunciaron la salida de <em>Tango Tango Vol. 5 \u2018Ntend\u00e9?<\/em>, el nuevo material de uno de los d\u00faos m\u00e1s s\u00f3lidos que componen el panorama actual del g\u00e9nero.<\/p>\n\n\n\n<p class=\"wp-block-paragraph\">El disco contiene tangos incunables como \u201cLas cuarenta\u201d -con Adriana Varela como invitada- \u201cTristezas de la calle Corrientes\u201d o \u201cAcquaforte\u201d y otras gemas como \u201cDesaz\u00f3n\u201d y \u201cUn aire\u201d.<\/p>\n\n\n\n<p class=\"wp-block-paragraph\">El material est\u00e1 disponible en plataformas digitales y en CD.<\/p>\n\n\n\n<iframe loading=\"lazy\" src=\"https:\/\/open.spotify.com\/embed\/album\/6YNDl7V3SNfFFzJ3AkGqyV\" width=\"600\" height=\"450\" frameborder=\"0\" allowtransparency=\"true\"><\/iframe>\n\n\n\n<p class=\"wp-block-paragraph\"><\/p>\n\n\n\n<p class=\"wp-block-paragraph\"><strong>Una selecci\u00f3n de tango santafesino<\/strong><\/p>\n\n\n\n<p class=\"wp-block-paragraph\">El sexteto rosarino La Biaba estrenar\u00e1 el 14 de agosto su disco <em>El mismo r\u00edo<\/em>. Ser\u00e1 en la Usina del Arte, en el marco del Festival de Tango de Buenos Aires.<\/p>\n\n\n\n<p class=\"wp-block-paragraph\">El CD re\u00fane composiciones instrumentales y cantadas de diferentes autores santafesinos contempor\u00e1neos como Lucas Querini (Rafaela), Mariano Asato (Rosario), Ramiro Gallo (Santa Fe), Omar Torres (Las Rosas), Agust\u00edn Casenove (Santa Fe) y Luciano Tobaldi (Berabeb\u00fa), entre otros.<\/p>\n\n\n\n<p class=\"wp-block-paragraph\">En disco, producido art\u00edsticamente por el m\u00fasico Ignacio Varchausky, cuenta con la participaci\u00f3n de Ramiro Gallo en viol\u00edn y Luciano Tobaldi en bandone\u00f3n y voz.<\/p>\n\n\n\n<iframe loading=\"lazy\" width=\"600\" height=\"355\" src=\"https:\/\/www.youtube.com\/embed\/WB2WKd9nEjo\" frameborder=\"0\" allow=\"accelerometer; autoplay; encrypted-media; gyroscope; picture-in-picture\" allowfullscreen=\"\"><\/iframe>\n\n\n\n<p class=\"wp-block-paragraph\"><\/p>\n","protected":false},"excerpt":{"rendered":"<p>Nuevos discos y conciertos especiales.<\/p>\n","protected":false},"author":1,"featured_media":3038,"comment_status":"open","ping_status":"open","sticky":false,"template":"","format":"standard","meta":{"footnotes":""},"categories":[3],"tags":[105,32,213,211,212,201,111],"class_list":["post-3037","post","type-post","status-publish","format-standard","has-post-thumbnail","hentry","category-noticias","tag-el-muro","tag-featured","tag-kvitko","tag-la-biaba","tag-laborde","tag-picadito","tag-tango"],"_links":{"self":[{"href":"https:\/\/www.fracturaexpuesta.com.ar\/tango\/wp-json\/wp\/v2\/posts\/3037","targetHints":{"allow":["GET"]}}],"collection":[{"href":"https:\/\/www.fracturaexpuesta.com.ar\/tango\/wp-json\/wp\/v2\/posts"}],"about":[{"href":"https:\/\/www.fracturaexpuesta.com.ar\/tango\/wp-json\/wp\/v2\/types\/post"}],"author":[{"embeddable":true,"href":"https:\/\/www.fracturaexpuesta.com.ar\/tango\/wp-json\/wp\/v2\/users\/1"}],"replies":[{"embeddable":true,"href":"https:\/\/www.fracturaexpuesta.com.ar\/tango\/wp-json\/wp\/v2\/comments?post=3037"}],"version-history":[{"count":10,"href":"https:\/\/www.fracturaexpuesta.com.ar\/tango\/wp-json\/wp\/v2\/posts\/3037\/revisions"}],"predecessor-version":[{"id":3052,"href":"https:\/\/www.fracturaexpuesta.com.ar\/tango\/wp-json\/wp\/v2\/posts\/3037\/revisions\/3052"}],"wp:featuredmedia":[{"embeddable":true,"href":"https:\/\/www.fracturaexpuesta.com.ar\/tango\/wp-json\/wp\/v2\/media\/3038"}],"wp:attachment":[{"href":"https:\/\/www.fracturaexpuesta.com.ar\/tango\/wp-json\/wp\/v2\/media?parent=3037"}],"wp:term":[{"taxonomy":"category","embeddable":true,"href":"https:\/\/www.fracturaexpuesta.com.ar\/tango\/wp-json\/wp\/v2\/categories?post=3037"},{"taxonomy":"post_tag","embeddable":true,"href":"https:\/\/www.fracturaexpuesta.com.ar\/tango\/wp-json\/wp\/v2\/tags?post=3037"}],"curies":[{"name":"wp","href":"https:\/\/api.w.org\/{rel}","templated":true}]}}