{"id":3061,"date":"2019-07-28T13:57:16","date_gmt":"2019-07-28T13:57:16","guid":{"rendered":"http:\/\/www.fracturaexpuesta.com.ar\/tango\/?p=3061"},"modified":"2019-07-31T14:13:33","modified_gmt":"2019-07-31T14:13:33","slug":"pugliese-10-reflexiones-de-un-tornillo-clave-de-la-maquina-tanguera","status":"publish","type":"post","link":"https:\/\/www.fracturaexpuesta.com.ar\/tango\/pugliese-10-reflexiones-de-un-tornillo-clave-de-la-maquina-tanguera\/","title":{"rendered":"Pugliese: 10 reflexiones de un tornillo clave de la m\u00e1quina tanguera"},"content":{"rendered":"\n<p style=\"color:#ff0000\" class=\"has-text-color wp-block-paragraph\"><strong>Abajo los egos<\/strong><\/p>\n\n\n\n<p class=\"wp-block-paragraph\"><strong>1.<\/strong> \u201cMe llaman maestro\u2026 \u00bfQu\u00e9 pretensi\u00f3n voy a tener de sentirme maestro, sentirme artista, si cuando yo voy caminando veo a la gente que est\u00e1 con la pala, otros que est\u00e1n en un negocio, otros barriendo las calles. \u00bfCon qu\u00e9 ventaja? Si yo me siento un laburante como cualquiera. La pelota la entiendo de esa manera, de otra no\u201d.<\/p>\n\n\n\n<p style=\"color:#ff0000\" class=\"has-text-color wp-block-paragraph\"><strong>De la escuela a la imprenta y de la imprenta al piano<\/strong><\/p>\n\n\n\n<p class=\"wp-block-paragraph\"><strong>2.<\/strong>\u201cA mi viejo nunca le gustaba que yo tocara el viol\u00edn, ya lo hac\u00edan mis hermanos. Un d\u00eda, al mediod\u00eda, le digo que a la escuela no quer\u00eda ir m\u00e1s, estaba en cuarto o quinto grado. No me gustaba y me hacia la rabona d\u00eda por medio. Un atorrante. Le dije que quer\u00eda trabajar y me mand\u00f3 a una imprenta que era de un pianista que se llamaba Mazzone, que quedaba en la calle Triunvirato. En ese \u00ednterin, el viejo me regal\u00f3 un piano. Me dijo, \u2018es para vos, es para que comiences a estudiar, atorrante\u2019\u201d.<\/p>\n\n\n\n<p style=\"color:#ff0004\" class=\"has-text-color wp-block-paragraph\"><strong>Un tornillo de la m\u00e1quina tanguera<\/strong><\/p>\n\n\n\n<p class=\"wp-block-paragraph\"><strong>3.<\/strong> \u201cNosotros somos un poroto de la m\u00e1quina tanguera, un tornillo de esta m\u00e1quina. En alg\u00fan momento podemos ser \u00fatil y, en otros, no\u201d.<\/p>\n\n\n\n<p style=\"color:#ff0004\" class=\"has-text-color wp-block-paragraph\"><strong>La clave para sostener un proyecto<\/strong><\/p>\n\n\n\n<p class=\"wp-block-paragraph\"><strong>4.<\/strong> \u201cMe pasaron muchas cosas pero me sostuvo la f\u00e9rrea voluntad de mantener la m\u00fasica popular. Otros con menos car\u00e1cter hubieran abandonado, \u00e9se fue uno de los factores. El otro fue el sistema de la orquesta. Por ser una cooperativa, todos peleaban por su subsistencia, no era solo el director que peleaba por su nombre\u201d.<\/p>\n\n\n\n<figure><iframe loading=\"lazy\" width=\"560\" height=\"315\" src=\"https:\/\/www.youtube.com\/embed\/pcu-NOf3XC8\" allowfullscreen=\"\"><\/iframe><\/figure>\n\n\n\n<p class=\"wp-block-paragraph\"><\/p>\n\n\n\n<p style=\"color:#ff0004\" class=\"has-text-color wp-block-paragraph\"><strong>Abajo los egos II<\/strong><\/p>\n\n\n\n<p class=\"wp-block-paragraph\"><strong>5.<\/strong> \u201cLo que yo he llegado a ser por propia voluntad y tambi\u00e9n con mi esfuerzo, se lo debo a todos mis compa\u00f1eros de trabajo que, desde el a\u00f1o 39, estamos trabajando en el tango\u201d.<\/p>\n\n\n\n<p style=\"color:#ff0004\" class=\"has-text-color wp-block-paragraph\"><strong>\u201cLa soberan\u00eda no solo se defiende con armas\u201d<\/strong><\/p>\n\n\n\n<p class=\"wp-block-paragraph\"><strong>6.<\/strong> \u201cPese a todas las cosas, el tango va a salir adelante como nuestro pa\u00eds porque tienen reservas. Nadie puede luchar contra el sentimiento del pueblo y la soberan\u00eda nacional no solo se defiende con las armas sino tambi\u00e9n con la cultura\u201d.<\/p>\n\n\n\n<script async=\"\" src=\"https:\/\/pagead2.googlesyndication.com\/pagead\/js\/adsbygoogle.js\"><\/script>\n<ins class=\"adsbygoogle\" style=\"display:block; text-align:center;\" data-ad-layout=\"in-article\" data-ad-format=\"fluid\" data-ad-client=\"ca-pub-2103671489020353\" data-ad-slot=\"7337250265\"><\/ins>\n<script>\n     (adsbygoogle = window.adsbygoogle || []).push({});\n<\/script>\n\n\n\n<p class=\"wp-block-paragraph\"><\/p>\n\n\n\n<p style=\"color:#ff0004\" class=\"has-text-color wp-block-paragraph\"><strong>Nacido y criado<\/strong><\/p>\n\n\n\n<p class=\"wp-block-paragraph\"><strong>7.<\/strong> \u201cYo nac\u00ed en el barrio de Villa Crespo, el mejor barrio seg\u00fan mi concepto\u201d.<\/p>\n\n\n\n<p style=\"color:#ff0004\" class=\"has-text-color wp-block-paragraph\"><strong>Contra las grietas<\/strong><\/p>\n\n\n\n<p class=\"wp-block-paragraph\"><strong>8.<\/strong> \u201cNo reniego contra Stampone, Piazzolla, al contrario. Son excelentes m\u00fasicos y los admiro porque son estudiosos, han dedicado su vida a esto y la siguen dedicando en nombre del tango (\u2026) No quiero entrar en pol\u00e9mica porque muchas veces se han querido aprovechar las diferencias que hay entre profesionales para crear un tipo de publicidad que no hace bien ni al que lo escribe, ni a los profesionales, ni al tango. Si se trata de estar en una mesa redonda donde se pueda compartir opiniones es distinto, porque todos juntos podemos hablar y decir cada uno lo que quiere\u201d.<\/p>\n\n\n\n<figure><iframe loading=\"lazy\" width=\"560\" height=\"315\" src=\"https:\/\/www.youtube.com\/embed\/cy-JYLXlHe8\" allowfullscreen=\"\"><\/iframe><\/figure>\n\n\n\n<p class=\"wp-block-paragraph\"><\/p>\n\n\n\n<p style=\"color:#ff0004\" class=\"has-text-color wp-block-paragraph\"><strong>El tango y la pol\u00edtica cultural<\/strong><\/p>\n\n\n\n<p class=\"wp-block-paragraph\"><strong>9.<\/strong> \u201cEl pa\u00eds, desde el punto de vista de una pol\u00edtica cultural, ha sufrido muchos tropiezos porque hay una pol\u00edtica destinada a aplastar todos los rasgos nacionales de nuestra cultura popular. Se debe, en mayor parte, a la puesta en marcha de un plan econ\u00f3mico. No lo podemos negar, porque no nos podemos poner un chupete en la boca, cerrar los ojos y decir que Mart\u00ednez de Hoz es un hombre buenito, que quiere a los argentinos, o que le abri\u00f3 la puerta a los argentinos para que trabajen y se puedan ganar la vida. No, no es as\u00ed, al contrario. Vino la invasi\u00f3n de la m\u00fasica envasada, la invasi\u00f3n del ruido y no del sonido\u201d.<\/p>\n\n\n\n<p style=\"color:#ff0004\" class=\"has-text-color wp-block-paragraph\"><strong>El futuro del tango<\/strong><\/p>\n\n\n\n<p class=\"wp-block-paragraph\"><strong>10.<\/strong> \u201cEl futuro del tango obedece al mismo futuro de la econom\u00eda del pa\u00eds, al progreso y al orden econ\u00f3mico. Pero fundamentalmente hay que seguir luchando para romper la influencia y la penetraci\u00f3n, desde afuera y desde adentro, de los monopolios. Especialmente el monopolio del disco. Y as\u00ed el tango va a adquirir, con el talento de los que vengan y los que est\u00e1n, nuevas formas que surgen del medio donde se desarrolla el ambiente social\u201d.<\/p>\n","protected":false},"excerpt":{"rendered":"<p>Prefer\u00eda definirse como trabajador de la cultura antes que como artista. Pugliese dej\u00f3 con su obra y pensamiento un legado imborrable dentro del tango.<\/p>\n","protected":false},"author":1,"featured_media":3062,"comment_status":"open","ping_status":"open","sticky":false,"template":"","format":"standard","meta":{"footnotes":""},"categories":[3],"tags":[32,171,111],"class_list":["post-3061","post","type-post","status-publish","format-standard","has-post-thumbnail","hentry","category-noticias","tag-featured","tag-osvaldo-pugliese","tag-tango"],"_links":{"self":[{"href":"https:\/\/www.fracturaexpuesta.com.ar\/tango\/wp-json\/wp\/v2\/posts\/3061","targetHints":{"allow":["GET"]}}],"collection":[{"href":"https:\/\/www.fracturaexpuesta.com.ar\/tango\/wp-json\/wp\/v2\/posts"}],"about":[{"href":"https:\/\/www.fracturaexpuesta.com.ar\/tango\/wp-json\/wp\/v2\/types\/post"}],"author":[{"embeddable":true,"href":"https:\/\/www.fracturaexpuesta.com.ar\/tango\/wp-json\/wp\/v2\/users\/1"}],"replies":[{"embeddable":true,"href":"https:\/\/www.fracturaexpuesta.com.ar\/tango\/wp-json\/wp\/v2\/comments?post=3061"}],"version-history":[{"count":5,"href":"https:\/\/www.fracturaexpuesta.com.ar\/tango\/wp-json\/wp\/v2\/posts\/3061\/revisions"}],"predecessor-version":[{"id":3067,"href":"https:\/\/www.fracturaexpuesta.com.ar\/tango\/wp-json\/wp\/v2\/posts\/3061\/revisions\/3067"}],"wp:featuredmedia":[{"embeddable":true,"href":"https:\/\/www.fracturaexpuesta.com.ar\/tango\/wp-json\/wp\/v2\/media\/3062"}],"wp:attachment":[{"href":"https:\/\/www.fracturaexpuesta.com.ar\/tango\/wp-json\/wp\/v2\/media?parent=3061"}],"wp:term":[{"taxonomy":"category","embeddable":true,"href":"https:\/\/www.fracturaexpuesta.com.ar\/tango\/wp-json\/wp\/v2\/categories?post=3061"},{"taxonomy":"post_tag","embeddable":true,"href":"https:\/\/www.fracturaexpuesta.com.ar\/tango\/wp-json\/wp\/v2\/tags?post=3061"}],"curies":[{"name":"wp","href":"https:\/\/api.w.org\/{rel}","templated":true}]}}