{"id":3078,"date":"2019-08-02T13:38:06","date_gmt":"2019-08-02T13:38:06","guid":{"rendered":"http:\/\/www.fracturaexpuesta.com.ar\/tango\/?p=3078"},"modified":"2019-08-11T14:31:24","modified_gmt":"2019-08-11T14:31:24","slug":"comienza-tango-ba-festival-y-mundial-2019","status":"publish","type":"post","link":"https:\/\/www.fracturaexpuesta.com.ar\/tango\/comienza-tango-ba-festival-y-mundial-2019\/","title":{"rendered":"Comienza Tango BA Festival y Mundial 2019"},"content":{"rendered":"\n<p class=\"wp-block-paragraph\">Desde el jueves 8 de agosto se pondr\u00e1 en marcha la nueva edici\u00f3n de Tango BA Festival y Mundial. Ser\u00e1n 13 d\u00edas y m\u00e1s de 200 actividades que incluir\u00e1n la presentaci\u00f3n de artistas y grupos como Ra\u00fal Lavi\u00e9, Amelita Baltar, V\u00edctor Lavall\u00e9n, El Arranque, Quinteto Negro La Boca y Rodolfo Mederos.<\/p>\n\n\n\n<p class=\"wp-block-paragraph\">Entre las novedades que se dieron a conocer se encuentra la apertura con <em>Aqu\u00ed cant\u00f3 Gardel<\/em>, una pieza teatral con orquesta en vivo en homenaje a Carlos Gardel. A eso se suman un nuevo circuito de Polos Tangueros en diferentes barrios, varios homenajes a los 50 a\u00f1os del estreno de <em>Balada para un loco<\/em>, el Mundial de Baile y un micr\u00f3fono abierto.<\/p>\n\n\n\n<p class=\"wp-block-paragraph\">Asimismo, la edici\u00f3n 2019 ofrecer\u00e1 intervenciones en\nespacios no tradicionales como Estaciones de Subte, Aeropuertos y en la\nEstaci\u00f3n de Retiro (ferrocarril Mitre) y dos propuestas de g\u00e9nero de la mano de\ncolectivos feministas: una charla a cargo del Movimiento Feminista de Tango\nsobre el Protocolo para milongas y un espect\u00e1culo de Tango Hembra.<\/p>\n\n\n\n<script async=\"\" src=\"https:\/\/pagead2.googlesyndication.com\/pagead\/js\/adsbygoogle.js\"><\/script>\n<ins class=\"adsbygoogle\" style=\"display:block; text-align:center;\" data-ad-layout=\"in-article\" data-ad-format=\"fluid\" data-ad-client=\"ca-pub-2103671489020353\" data-ad-slot=\"7337250265\"><\/ins>\n<script>\n     (adsbygoogle = window.adsbygoogle || []).push({});\n<\/script>\n\n\n\n<p class=\"wp-block-paragraph\"><\/p>\n\n\n\n<p class=\"wp-block-paragraph\">Todos los d\u00edas, en la Usina del Arte, se desarrollar\u00e1 la Milonga del Sal\u00f3n Mayor y habr\u00e1 milongas en espacios culturales.<\/p>\n\n\n\n<p class=\"wp-block-paragraph\">En cuanto a las visitas internacionales, esta edici\u00f3n\ncontar\u00e1 con la presencia del Tr\u00edo Mosalini (Argentina\/Francia), el pianista y\ncompositor italiano Fabrizio Mocata junto al violinista Fabi\u00e1n Bertero y la\ncantante uruguaya Olga Delgrossi.<\/p>\n\n\n\n<p class=\"wp-block-paragraph\">Los cruces musicales tendr\u00e1n como protagonistas a Argentina Tango Rap, el Quinteto Negro La Boca y el ciclo Jazzolog\u00eda presentar\u00e1 a Pablo Aslan para interpretar el disco <em>Piazzolla en Brooklyn<\/em>.<\/p>\n\n\n\n<figure class=\"wp-block-image\"><img loading=\"lazy\" decoding=\"async\" width=\"1024\" height=\"683\" src=\"https:\/\/www.fracturaexpuesta.com.ar\/tango\/wp-content\/uploads\/Tango-BA-05-Creditos-Festivales-GCBA-1024x683.jpg\" alt=\"\" class=\"wp-image-3081\" srcset=\"https:\/\/www.fracturaexpuesta.com.ar\/tango\/wp-content\/uploads\/Tango-BA-05-Creditos-Festivales-GCBA-1024x683.jpg 1024w, https:\/\/www.fracturaexpuesta.com.ar\/tango\/wp-content\/uploads\/Tango-BA-05-Creditos-Festivales-GCBA-300x200.jpg 300w, https:\/\/www.fracturaexpuesta.com.ar\/tango\/wp-content\/uploads\/Tango-BA-05-Creditos-Festivales-GCBA-768x512.jpg 768w\" sizes=\"auto, (max-width: 1024px) 100vw, 1024px\" \/><figcaption> Las finales del Mundial de Baile ser\u00e1n el martes 20 y mi\u00e9rcoles 21 <\/figcaption><\/figure>\n\n\n\n<p class=\"wp-block-paragraph\">El Mundial de Baile comenzar\u00e1 con las rondas\nclasificatorias el lunes 12 de agosto en la Usina del Arte. Las semifinales\nser\u00e1n los d\u00edas 17 y 18 de agosto y las finales -de donde saldr\u00e1n los Campeones\nMundiales de Tango de Pista y Tango Escenario- el martes 20 y mi\u00e9rcoles 21 de\nagosto en el Luna Park, con presentaciones en vivo del humorista y m\u00fasico Hugo\nVarela y de Escalandrum junto a Jairo.<\/p>\n\n\n\n<p class=\"wp-block-paragraph\">Adem\u00e1s, habr\u00e1 premieres de largometrajes, obras teatrales, exhibiciones y talleres del Programa Arte en Barrios, clases de baile, cl\u00ednicas de m\u00fasica, actividades en Bares Notables, transmisi\u00f3n en vivo por la 2&#215;4 FM y feria de productos.<\/p>\n\n\n\n<p style=\"text-align:center\" class=\"has-background has-pale-cyan-blue-background-color wp-block-paragraph\"><strong><a rel=\"noreferrer noopener\" aria-label=\"DESCARGAR PROGRAMACI\u00d3N COMPLETA (abre en una nueva pesta\u00f1a)\" href=\"https:\/\/www.fracturaexpuesta.com.ar\/tango\/wp-content\/uploads\/Catalogo-Tango-Buenos-Aires-Festival-y-Mundial_compressed.pdf\" target=\"_blank\">DESCARGAR PROGRAMACI\u00d3N COMPLETA<\/a><\/strong><br><\/p>\n\n\n\n<p class=\"wp-block-paragraph\"><strong>Las entradas<\/strong><\/p>\n\n\n\n<p class=\"wp-block-paragraph\">Las entradas para todos los espect\u00e1culos y actividades de\nTango Buenos Aires Festival y Mundial son gratuitas. Algunas requieren reserva\no inscripci\u00f3n previa.<\/p>\n\n\n\n<p class=\"wp-block-paragraph\"><strong>Reserva online<\/strong><\/p>\n\n\n\n<p class=\"wp-block-paragraph\">Para presenciar Cant\u00e1 en el Festival y disfrutar de las\nSemifinales del Mundial de Baile en la Usina del Arte y de los espect\u00e1culos del\nFestival programados en las siguientes sedes, la reserva de entradas es online:\nUsina del Arte (en Sala de C\u00e1mara y Auditorio), Museo del Cine Pablo Ducr\u00f3s\nHicken, Centro Cultural 25 de Mayo, El Cultural San Mart\u00edn, Espacio Cultural\nJuli\u00e1n Centeya, Espacio Cultural Carlos Gardel, Espacio Cultural Resurgimiento,\nEspacio Cultural Ad\u00e1n Buenosayres, El Moderno, Teatro Margarita Xirgu &#8211; Espacio\nUNTREF, Teatro Monteviejo, Academia Nacional del Tango y Academia Porte\u00f1a del\nLunfardo.<\/p>\n\n\n\n<p class=\"wp-block-paragraph\">&#8211; Se podr\u00e1 reservar 1 (una) entrada por persona por funci\u00f3n.\nLas entradas reservadas se podr\u00e1n retirar desde 2 (dos) horas antes del\ncomienzo del espect\u00e1culo en el Puesto de Informes de cada sede. Las reservas\ntendr\u00e1n validez hasta 30 minutos antes del comienzo del espect\u00e1culo. Luego se\nliberar\u00e1n para el p\u00fablico general.<\/p>\n\n\n\n<p class=\"wp-block-paragraph\">&#8211; Habr\u00e1 una cantidad de entradas disponibles para retiro en\ncada sede, desde 1 (una) hora antes del horario de la funci\u00f3n, sin reserva\nprevia.<\/p>\n\n\n\n<p class=\"wp-block-paragraph\">&#8211; Para reservar entradas se deber\u00e1 ingresar en <a href=\"http:\/\/www.buenosaires.gob.ar\/festivales\" target=\"_blank\" rel=\"noreferrer noopener\" aria-label=\"www.buenosaires.gob.ar\/festivales (abre en una nueva pesta\u00f1a)\">www.buenosaires.gob.ar\/festivales<\/a><\/p>\n\n\n\n<p class=\"wp-block-paragraph\"><strong>Entrada libre<\/strong><\/p>\n\n\n\n<p class=\"wp-block-paragraph\">Para los espect\u00e1culos y actividades en el resto de las\nsedes, y para presenciar las rondas clasificatorias del Mundial de Baile, no es\nnecesario reservar entradas con anticipaci\u00f3n. El ingreso es por orden de\nllegada hasta agotar la capacidad de los espacios. <\/p>\n\n\n\n<p class=\"wp-block-paragraph\"><strong>Inscripci\u00f3n online<\/strong><\/p>\n\n\n\n<p class=\"wp-block-paragraph\">Para participar de las Clases de baile y de Cant\u00e1 en el\nFestival, es necesario inscribirse previamente de forma online. Se asignar\u00e1n\nlos lugares por orden de inscripci\u00f3n hasta agotar los cupos. Para anotarse se\ndeber\u00e1 ingresar en www.buenosaires.gob.ar\/festivales<\/p>\n\n\n\n<p class=\"wp-block-paragraph\"><strong>Finales en el Luna Park<\/strong><\/p>\n\n\n\n<p class=\"wp-block-paragraph\">Para disfrutar de las Finales del Mundial de Baile de las\ncategor\u00edas Tango de Pista y Tango Escenario los d\u00edas 20 y 21 de agosto\nrespectivamente en el Estadio Luna Park, se podr\u00e1 reservar online 1 (una) entrada\npor persona por cada final, desde el viernes 16 de agosto en\nbuenosaires.gob.ar\/festivales<\/p>\n\n\n\n<p class=\"wp-block-paragraph\">Las entradas reservadas se podr\u00e1n retirar el d\u00eda del\nespect\u00e1culo, desde las 12, en el estadio Luna Park. La asignaci\u00f3n de\nubicaciones ser\u00e1 por orden de llegada, y las reservas tendr\u00e1n validez hasta 30\nminutos antes del comienzo del espect\u00e1culo. Luego se liberar\u00e1n para el p\u00fablico\ngeneral.<\/p>\n\n\n\n<p class=\"wp-block-paragraph\">Habr\u00e1 una cantidad de entradas disponibles para retiro\npresencial en la Usina del Arte el d\u00eda viernes 16 de agosto a partir de las 11,\nsin reserva previa.<\/p>\n","protected":false},"excerpt":{"rendered":"<p>Del 8 al 21 de agosto en la Ciudad de Buenos Aires.<\/p>\n","protected":false},"author":1,"featured_media":3080,"comment_status":"open","ping_status":"open","sticky":false,"template":"","format":"standard","meta":{"footnotes":""},"categories":[5],"tags":[32,111,197],"class_list":["post-3078","post","type-post","status-publish","format-standard","has-post-thumbnail","hentry","category-buzon","tag-featured","tag-tango","tag-tangoba"],"_links":{"self":[{"href":"https:\/\/www.fracturaexpuesta.com.ar\/tango\/wp-json\/wp\/v2\/posts\/3078","targetHints":{"allow":["GET"]}}],"collection":[{"href":"https:\/\/www.fracturaexpuesta.com.ar\/tango\/wp-json\/wp\/v2\/posts"}],"about":[{"href":"https:\/\/www.fracturaexpuesta.com.ar\/tango\/wp-json\/wp\/v2\/types\/post"}],"author":[{"embeddable":true,"href":"https:\/\/www.fracturaexpuesta.com.ar\/tango\/wp-json\/wp\/v2\/users\/1"}],"replies":[{"embeddable":true,"href":"https:\/\/www.fracturaexpuesta.com.ar\/tango\/wp-json\/wp\/v2\/comments?post=3078"}],"version-history":[{"count":10,"href":"https:\/\/www.fracturaexpuesta.com.ar\/tango\/wp-json\/wp\/v2\/posts\/3078\/revisions"}],"predecessor-version":[{"id":3151,"href":"https:\/\/www.fracturaexpuesta.com.ar\/tango\/wp-json\/wp\/v2\/posts\/3078\/revisions\/3151"}],"wp:featuredmedia":[{"embeddable":true,"href":"https:\/\/www.fracturaexpuesta.com.ar\/tango\/wp-json\/wp\/v2\/media\/3080"}],"wp:attachment":[{"href":"https:\/\/www.fracturaexpuesta.com.ar\/tango\/wp-json\/wp\/v2\/media?parent=3078"}],"wp:term":[{"taxonomy":"category","embeddable":true,"href":"https:\/\/www.fracturaexpuesta.com.ar\/tango\/wp-json\/wp\/v2\/categories?post=3078"},{"taxonomy":"post_tag","embeddable":true,"href":"https:\/\/www.fracturaexpuesta.com.ar\/tango\/wp-json\/wp\/v2\/tags?post=3078"}],"curies":[{"name":"wp","href":"https:\/\/api.w.org\/{rel}","templated":true}]}}